{"id":134740,"date":"2026-09-01T17:20:00","date_gmt":"2026-09-01T23:20:00","guid":{"rendered":"https:\/\/pueblaenlinea.com\/2025\/?p=134740"},"modified":"2026-09-01T17:20:23","modified_gmt":"2026-09-01T23:20:23","slug":"detienen-en-puebla-a-docente-senalado-por-presunta-violacion-contra-una-nina-de-10-anos","status":"publish","type":"post","link":"https:\/\/pueblaenlinea.com\/2025\/nota-roja\/detienen-en-puebla-a-docente-senalado-por-presunta-violacion-contra-una-nina-de-10-anos\/","title":{"rendered":"Detienen en Puebla a docente se\u00f1alado por presunta violaci\u00f3n contra una ni\u00f1a de 10 a\u00f1os"},"content":{"rendered":"\n<p class=\"wp-block-paragraph\"><strong>Un docente de 24 a\u00f1os fue detenido en la ciudad de Puebla, acusado de un delito que habr\u00eda ocurrido en noviembre de 2024 dentro de un centro educativo comunitario de San Pedro Camocuautla. La investigaci\u00f3n comenz\u00f3 despu\u00e9s de que la menor revelara lo ocurrido a sus familiares.<\/strong><\/p>\n\n\n\n<p class=\"wp-block-paragraph\">La historia comenz\u00f3 lejos de la capital poblana, en la localidad de <strong>La Pila, municipio de San Pedro Camocuautla<\/strong>, donde un espacio destinado a la educaci\u00f3n se convirti\u00f3, presuntamente, en el escenario de un delito que involucr\u00f3 a una ni\u00f1a de apenas 10 a\u00f1os.<\/p>\n\n\n\n<p class=\"wp-block-paragraph\">La <strong>Fiscal\u00eda General del Estado de Puebla (FGE)<\/strong> inform\u00f3 que dio cumplimiento a una orden de aprehensi\u00f3n contra <strong>Jonathan N., de 24 a\u00f1os<\/strong>, se\u00f1alado como presunto responsable del delito de <strong>violaci\u00f3n equiparada<\/strong>.<\/p>\n\n\n\n<p class=\"wp-block-paragraph\">De acuerdo con las investigaciones ministeriales, los hechos habr\u00edan ocurrido en <strong>noviembre de 2024<\/strong>, cuando el ahora detenido se desempe\u00f1aba como docente en un centro educativo comunitario de La Pila.<\/p>\n\n\n\n<p class=\"wp-block-paragraph\">La Fiscal\u00eda sostiene que el hombre presuntamente aprovech\u00f3 un momento en el que la alumna se encontraba sola para cometer la agresi\u00f3n.<\/p>\n\n\n\n<h3 class=\"wp-block-heading\"><strong>Los datos clave del caso<\/strong><\/h3>\n\n\n\n<ul class=\"wp-block-list\">\n<li><strong>Edad del detenido:<\/strong> 24 a\u00f1os.<\/li>\n\n\n\n<li><strong>V\u00edctima:<\/strong> ni\u00f1a de 10 a\u00f1os.<\/li>\n\n\n\n<li><strong>Lugar se\u00f1alado:<\/strong> localidad de La Pila, San Pedro Camocuautla.<\/li>\n\n\n\n<li><strong>Fecha de los hechos:<\/strong> noviembre de 2024.<\/li>\n\n\n\n<li><strong>Delito investigado:<\/strong> violaci\u00f3n equiparada.<\/li>\n\n\n\n<li><strong>Detenci\u00f3n:<\/strong> colonia Villa Posadas, ciudad de Puebla.<\/li>\n<\/ul>\n\n\n\n<p class=\"wp-block-paragraph\">El caso lleg\u00f3 a las autoridades despu\u00e9s de que la menor comunicara lo sucedido a sus familiares, quienes posteriormente presentaron la denuncia penal.<\/p>\n\n\n\n<p class=\"wp-block-paragraph\">A partir de entonces, la <strong>Fiscal\u00eda Especializada en Derechos Humanos<\/strong>, mediante el \u00e1rea especializada en materia ind\u00edgena, comenz\u00f3 a integrar la carpeta de investigaci\u00f3n.<\/p>\n\n\n\n<p class=\"wp-block-paragraph\">El expediente incluy\u00f3 <strong>valoraciones m\u00e9dicas y psicol\u00f3gicas, adem\u00e1s de entrevistas de campo<\/strong>, diligencias con las que el Ministerio P\u00fablico busc\u00f3 reunir los elementos necesarios para llevar el caso ante un juez.<\/p>\n\n\n\n<p class=\"wp-block-paragraph\">La investigaci\u00f3n avanz\u00f3 hasta los tribunales. Con los datos de prueba presentados por la Fiscal\u00eda, el <strong>Juzgado de Oralidad Penal y Ejecuci\u00f3n de la Regi\u00f3n Judicial Norte, con sede en Zacatl\u00e1n<\/strong>, libr\u00f3 la orden de aprehensi\u00f3n.<\/p>\n\n\n\n<h3 class=\"wp-block-heading\"><strong>Lo localizaron en Puebla capital<\/strong><\/h3>\n\n\n\n<p class=\"wp-block-paragraph\">Aunque los hechos investigados ocurrieron en la Sierra Norte, la captura termin\u00f3 en la capital poblana.<\/p>\n\n\n\n<p class=\"wp-block-paragraph\">Agentes investigadores localizaron a Jonathan N. en inmediaciones de la <strong>colonia Villa Posadas, en la ciudad de Puebla<\/strong>, donde fue asegurado para posteriormente quedar a disposici\u00f3n de la autoridad judicial.<\/p>\n\n\n\n<p class=\"wp-block-paragraph\">El siguiente cap\u00edtulo se escribir\u00e1 en los tribunales: la Fiscal\u00eda buscar\u00e1 formular imputaci\u00f3n y solicitar que el acusado sea vinculado a proceso.<\/p>\n\n\n\n<p class=\"wp-block-paragraph\">Es importante precisar que <strong>Jonathan N. es considerado presunto responsable mientras no exista una sentencia que determine su culpabilidad<\/strong>, conforme al principio de presunci\u00f3n de inocencia.<\/p>\n\n\n\n<p class=\"wp-block-paragraph\">Si quieres seguir esta y otras notas de inter\u00e9s en tiempo real, \u00fanete a nuestro canal de WhatsApp: <a href=\"https:\/\/whatsapp.com\/channel\/0029Va5CSyuEQIalZaJWpX1h\">https:\/\/whatsapp.com\/channel\/0029Va5CSyuEQIalZaJWpX1h<\/a><\/p>\n\n\n\n<h3 class=\"wp-block-heading\"><strong>Un caso que vuelve a poner la mirada sobre los espacios educativos<\/strong><\/h3>\n\n\n\n<p class=\"wp-block-paragraph\">Los centros educativos deber\u00edan ser lugares de protecci\u00f3n y aprendizaje. Cuando una acusaci\u00f3n de esta naturaleza involucra precisamente a quien ten\u00eda una responsabilidad docente, la pregunta trasciende el expediente judicial: \u00bfqu\u00e9 mecanismos existen para detectar, prevenir y atender oportunamente cualquier situaci\u00f3n que ponga en riesgo a ni\u00f1as, ni\u00f1os y adolescentes?<\/p>\n\n\n\n<p class=\"wp-block-paragraph\">Ahora corresponder\u00e1 a las autoridades judiciales determinar la situaci\u00f3n jur\u00eddica del acusado y establecer, con base en las pruebas, qu\u00e9 ocurri\u00f3 realmente.<\/p>\n\n\n\n<p class=\"wp-block-paragraph\"><strong>La justicia no se construye con rumores ni condenas anticipadas, sino con investigaciones s\u00f3lidas y decisiones judiciales. Pero tampoco puede perderse de vista a quienes necesitan que las instituciones escuchen su voz y act\u00faen.<\/strong><\/p>\n\n\n\n<p class=\"wp-block-paragraph\"><strong>Escrito por Redacci\u00f3n Puebla En L\u00ednea<\/strong><\/p>\n\n\n\n<h3 class=\"wp-block-heading\"><\/h3>\n\n\n\n<ol start=\"1\" class=\"wp-block-list\">\n<li><strong>Detienen en Puebla a docente de 24 a\u00f1os se\u00f1alado por presunto abuso contra una ni\u00f1a de 10 a\u00f1os<\/strong><\/li>\n\n\n\n<li><strong>De San Pedro Camocuautla a Puebla capital: as\u00ed fue detenido un docente investigado por violaci\u00f3n equiparada<\/strong><\/li>\n\n\n\n<li><strong>\u00bfQu\u00e9 pas\u00f3 en La Pila? Fiscal\u00eda detiene a docente se\u00f1alado por un delito contra una menor<\/strong><\/li>\n\n\n\n<li><strong>Un a\u00f1o despu\u00e9s, cae en Puebla docente investigado por presunta agresi\u00f3n sexual contra una ni\u00f1a<\/strong><\/li>\n\n\n\n<li><strong>La investigaci\u00f3n lleg\u00f3 hasta Puebla: detienen a docente acusado por un caso ocurrido en San Pedro Camocuautla<\/strong><\/li>\n<\/ol>\n","protected":false},"excerpt":{"rendered":"<p>Un docente de 24 a\u00f1os fue detenido en la ciudad de Puebla, acusado de un delito que habr\u00eda ocurrido en noviembre de 2024 dentro de un centro educativo comunitario de San Pedro Camocuautla. La investigaci\u00f3n comenz\u00f3 despu\u00e9s de que la menor revelara lo ocurrido a sus familiares. La historia comenz\u00f3 lejos de la capital poblana,&#8230;<\/p>\n","protected":false},"author":9,"featured_media":134742,"comment_status":"closed","ping_status":"closed","sticky":false,"template":"","format":"standard","meta":{"footnotes":""},"categories":[24],"tags":[1448],"class_list":["post-134740","post","type-post","status-publish","format-standard","has-post-thumbnail","hentry","category-nota-roja","tag-abuso"],"yoast_head":"<!-- This site is optimized with the Yoast SEO plugin v28.0 - https:\/\/yoast.com\/product\/yoast-seo-wordpress\/ -->\n<title>Detienen en Puebla a docente se\u00f1alado por presunta violaci\u00f3n contra una ni\u00f1a de 10 a\u00f1os - Puebla En Linea<\/title>\n<meta name=\"description\" content=\"Detienen en Puebla a docente se\u00f1alado por presunta violaci\u00f3n contra una ni\u00f1a de 10 a\u00f1os Nota Roja\" \/>\n<meta name=\"robots\" content=\"index, follow, max-snippet:-1, max-image-preview:large, max-video-preview:-1\" \/>\n<link rel=\"canonical\" href=\"https:\/\/pueblaenlinea.com\/2025\/nota-roja\/detienen-en-puebla-a-docente-senalado-por-presunta-violacion-contra-una-nina-de-10-anos\/\" \/>\n<meta property=\"og:locale\" content=\"es_MX\" \/>\n<meta property=\"og:type\" content=\"article\" \/>\n<meta property=\"og:title\" content=\"Detienen en Puebla a docente se\u00f1alado por presunta violaci\u00f3n contra una ni\u00f1a de 10 a\u00f1os - Puebla En Linea\" \/>\n<meta property=\"og:description\" content=\"Detienen en Puebla a docente se\u00f1alado por presunta violaci\u00f3n contra una ni\u00f1a de 10 a\u00f1os Nota Roja\" \/>\n<meta property=\"og:url\" content=\"https:\/\/pueblaenlinea.com\/2025\/nota-roja\/detienen-en-puebla-a-docente-senalado-por-presunta-violacion-contra-una-nina-de-10-anos\/\" \/>\n<meta property=\"og:site_name\" content=\"Puebla En Linea\" \/>\n<meta property=\"article:publisher\" content=\"https:\/\/www.facebook.com\/pueblaenlineacom\" \/>\n<meta property=\"article:published_time\" content=\"2026-09-01T23:20:00+00:00\" \/>\n<meta property=\"article:modified_time\" content=\"2026-09-01T23:20:23+00:00\" \/>\n<meta property=\"og:image\" content=\"https:\/\/pueblaenlinea.com\/2025\/wp-content\/uploads\/2026\/09\/sentenciado.jpg\" \/>\n\t<meta property=\"og:image:width\" content=\"1200\" \/>\n\t<meta property=\"og:image:height\" content=\"674\" \/>\n\t<meta property=\"og:image:type\" content=\"image\/jpeg\" \/>\n<meta name=\"author\" content=\"lupita Puebla en linea\" \/>\n<meta name=\"twitter:card\" content=\"summary_large_image\" \/>\n<meta name=\"twitter:label1\" content=\"Escrito por\" \/>\n\t<meta name=\"twitter:data1\" content=\"lupita Puebla en linea\" \/>\n\t<meta name=\"twitter:label2\" content=\"Tiempo de lectura\" \/>\n\t<meta name=\"twitter:data2\" content=\"4 minutos\" \/>\n<script type=\"application\/ld+json\" class=\"yoast-schema-graph\">{\"@context\":\"https:\\\/\\\/schema.org\",\"@graph\":[{\"@type\":\"Article\",\"@id\":\"https:\\\/\\\/pueblaenlinea.com\\\/2025\\\/nota-roja\\\/detienen-en-puebla-a-docente-senalado-por-presunta-violacion-contra-una-nina-de-10-anos\\\/#article\",\"isPartOf\":{\"@id\":\"https:\\\/\\\/pueblaenlinea.com\\\/2025\\\/nota-roja\\\/detienen-en-puebla-a-docente-senalado-por-presunta-violacion-contra-una-nina-de-10-anos\\\/\"},\"author\":{\"name\":\"lupita Puebla en linea\",\"@id\":\"https:\\\/\\\/pueblaenlinea.com\\\/2025\\\/#\\\/schema\\\/person\\\/2baf91de3092c7d50fb754a48f084d7f\"},\"headline\":\"Detienen en Puebla a docente se\u00f1alado por presunta violaci\u00f3n contra una ni\u00f1a de 10 a\u00f1os\",\"datePublished\":\"2026-09-01T23:20:00+00:00\",\"dateModified\":\"2026-09-01T23:20:23+00:00\",\"mainEntityOfPage\":{\"@id\":\"https:\\\/\\\/pueblaenlinea.com\\\/2025\\\/nota-roja\\\/detienen-en-puebla-a-docente-senalado-por-presunta-violacion-contra-una-nina-de-10-anos\\\/\"},\"wordCount\":737,\"image\":{\"@id\":\"https:\\\/\\\/pueblaenlinea.com\\\/2025\\\/nota-roja\\\/detienen-en-puebla-a-docente-senalado-por-presunta-violacion-contra-una-nina-de-10-anos\\\/#primaryimage\"},\"thumbnailUrl\":\"https:\\\/\\\/pueblaenlinea.com\\\/2025\\\/wp-content\\\/uploads\\\/2026\\\/09\\\/sentenciado.jpg\",\"keywords\":[\"abuso\"],\"articleSection\":[\"Nota Roja\"],\"inLanguage\":\"es\"},{\"@type\":\"WebPage\",\"@id\":\"https:\\\/\\\/pueblaenlinea.com\\\/2025\\\/nota-roja\\\/detienen-en-puebla-a-docente-senalado-por-presunta-violacion-contra-una-nina-de-10-anos\\\/\",\"url\":\"https:\\\/\\\/pueblaenlinea.com\\\/2025\\\/nota-roja\\\/detienen-en-puebla-a-docente-senalado-por-presunta-violacion-contra-una-nina-de-10-anos\\\/\",\"name\":\"Detienen en Puebla a docente se\u00f1alado por presunta violaci\u00f3n contra una ni\u00f1a de 10 a\u00f1os - Puebla En Linea\",\"isPartOf\":{\"@id\":\"https:\\\/\\\/pueblaenlinea.com\\\/2025\\\/#website\"},\"primaryImageOfPage\":{\"@id\":\"https:\\\/\\\/pueblaenlinea.com\\\/2025\\\/nota-roja\\\/detienen-en-puebla-a-docente-senalado-por-presunta-violacion-contra-una-nina-de-10-anos\\\/#primaryimage\"},\"image\":{\"@id\":\"https:\\\/\\\/pueblaenlinea.com\\\/2025\\\/nota-roja\\\/detienen-en-puebla-a-docente-senalado-por-presunta-violacion-contra-una-nina-de-10-anos\\\/#primaryimage\"},\"thumbnailUrl\":\"https:\\\/\\\/pueblaenlinea.com\\\/2025\\\/wp-content\\\/uploads\\\/2026\\\/09\\\/sentenciado.jpg\",\"datePublished\":\"2026-09-01T23:20:00+00:00\",\"dateModified\":\"2026-09-01T23:20:23+00:00\",\"author\":{\"@id\":\"https:\\\/\\\/pueblaenlinea.com\\\/2025\\\/#\\\/schema\\\/person\\\/2baf91de3092c7d50fb754a48f084d7f\"},\"description\":\"Detienen en Puebla a docente se\u00f1alado por presunta violaci\u00f3n contra una ni\u00f1a de 10 a\u00f1os Nota Roja\",\"breadcrumb\":{\"@id\":\"https:\\\/\\\/pueblaenlinea.com\\\/2025\\\/nota-roja\\\/detienen-en-puebla-a-docente-senalado-por-presunta-violacion-contra-una-nina-de-10-anos\\\/#breadcrumb\"},\"inLanguage\":\"es\",\"potentialAction\":[{\"@type\":\"ReadAction\",\"target\":[\"https:\\\/\\\/pueblaenlinea.com\\\/2025\\\/nota-roja\\\/detienen-en-puebla-a-docente-senalado-por-presunta-violacion-contra-una-nina-de-10-anos\\\/\"]}]},{\"@type\":\"ImageObject\",\"inLanguage\":\"es\",\"@id\":\"https:\\\/\\\/pueblaenlinea.com\\\/2025\\\/nota-roja\\\/detienen-en-puebla-a-docente-senalado-por-presunta-violacion-contra-una-nina-de-10-anos\\\/#primaryimage\",\"url\":\"https:\\\/\\\/pueblaenlinea.com\\\/2025\\\/wp-content\\\/uploads\\\/2026\\\/09\\\/sentenciado.jpg\",\"contentUrl\":\"https:\\\/\\\/pueblaenlinea.com\\\/2025\\\/wp-content\\\/uploads\\\/2026\\\/09\\\/sentenciado.jpg\",\"width\":1200,\"height\":674},{\"@type\":\"BreadcrumbList\",\"@id\":\"https:\\\/\\\/pueblaenlinea.com\\\/2025\\\/nota-roja\\\/detienen-en-puebla-a-docente-senalado-por-presunta-violacion-contra-una-nina-de-10-anos\\\/#breadcrumb\",\"itemListElement\":[{\"@type\":\"ListItem\",\"position\":1,\"name\":\"Inicio\",\"item\":\"https:\\\/\\\/pueblaenlinea.com\\\/2025\\\/\"},{\"@type\":\"ListItem\",\"position\":2,\"name\":\"Detienen en Puebla a docente se\u00f1alado por presunta violaci\u00f3n contra una ni\u00f1a de 10 a\u00f1os\"}]},{\"@type\":\"WebSite\",\"@id\":\"https:\\\/\\\/pueblaenlinea.com\\\/2025\\\/#website\",\"url\":\"https:\\\/\\\/pueblaenlinea.com\\\/2025\\\/\",\"name\":\"Puebla En Linea\",\"description\":\"noticias de puebla, periodismo serio y comprometido.\",\"potentialAction\":[{\"@type\":\"SearchAction\",\"target\":{\"@type\":\"EntryPoint\",\"urlTemplate\":\"https:\\\/\\\/pueblaenlinea.com\\\/2025\\\/?s={search_term_string}\"},\"query-input\":{\"@type\":\"PropertyValueSpecification\",\"valueRequired\":true,\"valueName\":\"search_term_string\"}}],\"inLanguage\":\"es\"},{\"@type\":\"Person\",\"@id\":\"https:\\\/\\\/pueblaenlinea.com\\\/2025\\\/#\\\/schema\\\/person\\\/2baf91de3092c7d50fb754a48f084d7f\",\"name\":\"lupita Puebla en linea\",\"image\":{\"@type\":\"ImageObject\",\"inLanguage\":\"es\",\"@id\":\"https:\\\/\\\/pueblaenlinea.com\\\/2025\\\/wp-content\\\/litespeed\\\/avatar\\\/c3bdb4b8e42693060df9dbf8c3f9c41d.jpg?ver=1788290860\",\"url\":\"https:\\\/\\\/pueblaenlinea.com\\\/2025\\\/wp-content\\\/litespeed\\\/avatar\\\/c3bdb4b8e42693060df9dbf8c3f9c41d.jpg?ver=1788290860\",\"contentUrl\":\"https:\\\/\\\/pueblaenlinea.com\\\/2025\\\/wp-content\\\/litespeed\\\/avatar\\\/c3bdb4b8e42693060df9dbf8c3f9c41d.jpg?ver=1788290860\",\"caption\":\"lupita Puebla en linea\"},\"url\":\"https:\\\/\\\/pueblaenlinea.com\\\/2025\\\/author\\\/lupita\\\/\"}]}<\/script>\n<!-- \/ Yoast SEO plugin. -->","yoast_head_json":{"title":"Detienen en Puebla a docente se\u00f1alado por presunta violaci\u00f3n contra una ni\u00f1a de 10 a\u00f1os - Puebla En Linea","description":"Detienen en Puebla a docente se\u00f1alado por presunta violaci\u00f3n contra una ni\u00f1a de 10 a\u00f1os Nota Roja","robots":{"index":"index","follow":"follow","max-snippet":"max-snippet:-1","max-image-preview":"max-image-preview:large","max-video-preview":"max-video-preview:-1"},"canonical":"https:\/\/pueblaenlinea.com\/2025\/nota-roja\/detienen-en-puebla-a-docente-senalado-por-presunta-violacion-contra-una-nina-de-10-anos\/","og_locale":"es_MX","og_type":"article","og_title":"Detienen en Puebla a docente se\u00f1alado por presunta violaci\u00f3n contra una ni\u00f1a de 10 a\u00f1os - Puebla En Linea","og_description":"Detienen en Puebla a docente se\u00f1alado por presunta violaci\u00f3n contra una ni\u00f1a de 10 a\u00f1os Nota Roja","og_url":"https:\/\/pueblaenlinea.com\/2025\/nota-roja\/detienen-en-puebla-a-docente-senalado-por-presunta-violacion-contra-una-nina-de-10-anos\/","og_site_name":"Puebla En Linea","article_publisher":"https:\/\/www.facebook.com\/pueblaenlineacom","article_published_time":"2026-09-01T23:20:00+00:00","article_modified_time":"2026-09-01T23:20:23+00:00","og_image":[{"width":1200,"height":674,"url":"https:\/\/pueblaenlinea.com\/2025\/wp-content\/uploads\/2026\/09\/sentenciado.jpg","type":"image\/jpeg"}],"author":"lupita Puebla en linea","twitter_card":"summary_large_image","twitter_misc":{"Escrito por":"lupita Puebla en linea","Tiempo de lectura":"4 minutos"},"schema":{"@context":"https:\/\/schema.org","@graph":[{"@type":"Article","@id":"https:\/\/pueblaenlinea.com\/2025\/nota-roja\/detienen-en-puebla-a-docente-senalado-por-presunta-violacion-contra-una-nina-de-10-anos\/#article","isPartOf":{"@id":"https:\/\/pueblaenlinea.com\/2025\/nota-roja\/detienen-en-puebla-a-docente-senalado-por-presunta-violacion-contra-una-nina-de-10-anos\/"},"author":{"name":"lupita Puebla en linea","@id":"https:\/\/pueblaenlinea.com\/2025\/#\/schema\/person\/2baf91de3092c7d50fb754a48f084d7f"},"headline":"Detienen en Puebla a docente se\u00f1alado por presunta violaci\u00f3n contra una ni\u00f1a de 10 a\u00f1os","datePublished":"2026-09-01T23:20:00+00:00","dateModified":"2026-09-01T23:20:23+00:00","mainEntityOfPage":{"@id":"https:\/\/pueblaenlinea.com\/2025\/nota-roja\/detienen-en-puebla-a-docente-senalado-por-presunta-violacion-contra-una-nina-de-10-anos\/"},"wordCount":737,"image":{"@id":"https:\/\/pueblaenlinea.com\/2025\/nota-roja\/detienen-en-puebla-a-docente-senalado-por-presunta-violacion-contra-una-nina-de-10-anos\/#primaryimage"},"thumbnailUrl":"https:\/\/pueblaenlinea.com\/2025\/wp-content\/uploads\/2026\/09\/sentenciado.jpg","keywords":["abuso"],"articleSection":["Nota Roja"],"inLanguage":"es"},{"@type":"WebPage","@id":"https:\/\/pueblaenlinea.com\/2025\/nota-roja\/detienen-en-puebla-a-docente-senalado-por-presunta-violacion-contra-una-nina-de-10-anos\/","url":"https:\/\/pueblaenlinea.com\/2025\/nota-roja\/detienen-en-puebla-a-docente-senalado-por-presunta-violacion-contra-una-nina-de-10-anos\/","name":"Detienen en Puebla a docente se\u00f1alado por presunta violaci\u00f3n contra una ni\u00f1a de 10 a\u00f1os - Puebla En Linea","isPartOf":{"@id":"https:\/\/pueblaenlinea.com\/2025\/#website"},"primaryImageOfPage":{"@id":"https:\/\/pueblaenlinea.com\/2025\/nota-roja\/detienen-en-puebla-a-docente-senalado-por-presunta-violacion-contra-una-nina-de-10-anos\/#primaryimage"},"image":{"@id":"https:\/\/pueblaenlinea.com\/2025\/nota-roja\/detienen-en-puebla-a-docente-senalado-por-presunta-violacion-contra-una-nina-de-10-anos\/#primaryimage"},"thumbnailUrl":"https:\/\/pueblaenlinea.com\/2025\/wp-content\/uploads\/2026\/09\/sentenciado.jpg","datePublished":"2026-09-01T23:20:00+00:00","dateModified":"2026-09-01T23:20:23+00:00","author":{"@id":"https:\/\/pueblaenlinea.com\/2025\/#\/schema\/person\/2baf91de3092c7d50fb754a48f084d7f"},"description":"Detienen en Puebla a docente se\u00f1alado por presunta violaci\u00f3n contra una ni\u00f1a de 10 a\u00f1os Nota Roja","breadcrumb":{"@id":"https:\/\/pueblaenlinea.com\/2025\/nota-roja\/detienen-en-puebla-a-docente-senalado-por-presunta-violacion-contra-una-nina-de-10-anos\/#breadcrumb"},"inLanguage":"es","potentialAction":[{"@type":"ReadAction","target":["https:\/\/pueblaenlinea.com\/2025\/nota-roja\/detienen-en-puebla-a-docente-senalado-por-presunta-violacion-contra-una-nina-de-10-anos\/"]}]},{"@type":"ImageObject","inLanguage":"es","@id":"https:\/\/pueblaenlinea.com\/2025\/nota-roja\/detienen-en-puebla-a-docente-senalado-por-presunta-violacion-contra-una-nina-de-10-anos\/#primaryimage","url":"https:\/\/pueblaenlinea.com\/2025\/wp-content\/uploads\/2026\/09\/sentenciado.jpg","contentUrl":"https:\/\/pueblaenlinea.com\/2025\/wp-content\/uploads\/2026\/09\/sentenciado.jpg","width":1200,"height":674},{"@type":"BreadcrumbList","@id":"https:\/\/pueblaenlinea.com\/2025\/nota-roja\/detienen-en-puebla-a-docente-senalado-por-presunta-violacion-contra-una-nina-de-10-anos\/#breadcrumb","itemListElement":[{"@type":"ListItem","position":1,"name":"Inicio","item":"https:\/\/pueblaenlinea.com\/2025\/"},{"@type":"ListItem","position":2,"name":"Detienen en Puebla a docente se\u00f1alado por presunta violaci\u00f3n contra una ni\u00f1a de 10 a\u00f1os"}]},{"@type":"WebSite","@id":"https:\/\/pueblaenlinea.com\/2025\/#website","url":"https:\/\/pueblaenlinea.com\/2025\/","name":"Puebla En Linea","description":"noticias de puebla, periodismo serio y comprometido.","potentialAction":[{"@type":"SearchAction","target":{"@type":"EntryPoint","urlTemplate":"https:\/\/pueblaenlinea.com\/2025\/?s={search_term_string}"},"query-input":{"@type":"PropertyValueSpecification","valueRequired":true,"valueName":"search_term_string"}}],"inLanguage":"es"},{"@type":"Person","@id":"https:\/\/pueblaenlinea.com\/2025\/#\/schema\/person\/2baf91de3092c7d50fb754a48f084d7f","name":"lupita Puebla en linea","image":{"@type":"ImageObject","inLanguage":"es","@id":"https:\/\/pueblaenlinea.com\/2025\/wp-content\/litespeed\/avatar\/c3bdb4b8e42693060df9dbf8c3f9c41d.jpg?ver=1788290860","url":"https:\/\/pueblaenlinea.com\/2025\/wp-content\/litespeed\/avatar\/c3bdb4b8e42693060df9dbf8c3f9c41d.jpg?ver=1788290860","contentUrl":"https:\/\/pueblaenlinea.com\/2025\/wp-content\/litespeed\/avatar\/c3bdb4b8e42693060df9dbf8c3f9c41d.jpg?ver=1788290860","caption":"lupita Puebla en linea"},"url":"https:\/\/pueblaenlinea.com\/2025\/author\/lupita\/"}]}},"_links":{"self":[{"href":"https:\/\/pueblaenlinea.com\/2025\/wp-json\/wp\/v2\/posts\/134740","targetHints":{"allow":["GET"]}}],"collection":[{"href":"https:\/\/pueblaenlinea.com\/2025\/wp-json\/wp\/v2\/posts"}],"about":[{"href":"https:\/\/pueblaenlinea.com\/2025\/wp-json\/wp\/v2\/types\/post"}],"author":[{"embeddable":true,"href":"https:\/\/pueblaenlinea.com\/2025\/wp-json\/wp\/v2\/users\/9"}],"replies":[{"embeddable":true,"href":"https:\/\/pueblaenlinea.com\/2025\/wp-json\/wp\/v2\/comments?post=134740"}],"version-history":[{"count":0,"href":"https:\/\/pueblaenlinea.com\/2025\/wp-json\/wp\/v2\/posts\/134740\/revisions"}],"wp:featuredmedia":[{"embeddable":true,"href":"https:\/\/pueblaenlinea.com\/2025\/wp-json\/wp\/v2\/media\/134742"}],"wp:attachment":[{"href":"https:\/\/pueblaenlinea.com\/2025\/wp-json\/wp\/v2\/media?parent=134740"}],"wp:term":[{"taxonomy":"category","embeddable":true,"href":"https:\/\/pueblaenlinea.com\/2025\/wp-json\/wp\/v2\/categories?post=134740"},{"taxonomy":"post_tag","embeddable":true,"href":"https:\/\/pueblaenlinea.com\/2025\/wp-json\/wp\/v2\/tags?post=134740"}],"curies":[{"name":"wp","href":"https:\/\/api.w.org\/{rel}","templated":true}]}}