{"id":134738,"date":"2026-09-01T16:37:04","date_gmt":"2026-09-01T22:37:04","guid":{"rendered":"https:\/\/pueblaenlinea.com\/2025\/?p=134738"},"modified":"2026-09-01T16:37:04","modified_gmt":"2026-09-01T22:37:04","slug":"menor-muere-atropellado-por-una-combi-en-amozoc-detienen-al-conductor","status":"publish","type":"post","link":"https:\/\/pueblaenlinea.com\/2025\/nota-roja\/menor-muere-atropellado-por-una-combi-en-amozoc-detienen-al-conductor\/","title":{"rendered":"Menor muere atropellado por una combi en Amozoc; detienen al conductor"},"content":{"rendered":"\n<p class=\"wp-block-paragraph\">Un traslado de emergencia termin\u00f3 en tragedia en Amozoc. <strong>Un menor muri\u00f3 luego de ser atropellado por el conductor de una unidad del transporte p\u00fablico<\/strong>, en calles del barrio de San Andr\u00e9s Las Vegas.<\/p>\n\n\n\n<p class=\"wp-block-paragraph\">El hecho ocurri\u00f3 en la esquina de <strong>Francisco Villa e Ignacio Allende<\/strong>, donde, de acuerdo con los primeros reportes, el menor fue embestido por una combi.<\/p>\n\n\n\n<p class=\"wp-block-paragraph\">Tras el accidente, el menor fue llevado de urgencia al <strong>Centro de Salud de Las Vegas<\/strong>. Sin embargo, pese al traslado, <strong>al llegar al centro m\u00e9dico ya no contaba con signos vitales<\/strong>.<\/p>\n\n\n\n<blockquote class=\"wp-block-quote is-layout-flow wp-block-quote-is-layout-flow\">\n<p class=\"wp-block-paragraph\"><strong>\ud83d\udccd Lugar:<\/strong> Francisco Villa e Ignacio Allende, barrio de San Andr\u00e9s Las Vegas, Amozoc, Puebla.<br><strong>\ud83d\ude90 Veh\u00edculo involucrado:<\/strong> unidad del transporte p\u00fablico.<br><strong>\u26a0\ufe0f Consecuencia:<\/strong> el menor perdi\u00f3 la vida tras el atropellamiento.<br><strong>\ud83d\udc6e Detenci\u00f3n:<\/strong> el operador fue asegurado por agentes de Tr\u00e1nsito Municipal de Amozoc.<\/p>\n<\/blockquote>\n\n\n\n<h3 class=\"wp-block-heading\">Detienen al operador de la combi<\/h3>\n\n\n\n<p class=\"wp-block-paragraph\">Luego de lo ocurrido, <strong>agentes de Tr\u00e1nsito Municipal de Amozoc lograron detener al conductor de la unidad<\/strong>, quien fue puesto a disposici\u00f3n de las autoridades correspondientes para determinar su situaci\u00f3n jur\u00eddica.<\/p>\n\n\n\n<p class=\"wp-block-paragraph\">Mientras tanto, personal de la <strong>Fiscal\u00eda General del Estado de Puebla<\/strong> acudi\u00f3 al centro de salud para realizar las diligencias correspondientes y llevar a cabo el levantamiento del cad\u00e1ver.<\/p>\n\n\n\n<p class=\"wp-block-paragraph\">Hasta el momento, los datos disponibles no establecen c\u00f3mo ocurri\u00f3 exactamente el atropellamiento ni las circunstancias que habr\u00edan provocado que el menor fuera impactado. Ser\u00e1 la investigaci\u00f3n de las autoridades la que permita esclarecer lo sucedido y determinar responsabilidades.<\/p>\n\n\n\n<p class=\"wp-block-paragraph\">Si quieres seguir esta y otras notas de inter\u00e9s en tiempo real, \u00fanete a nuestro canal de WhatsApp: <a target=\"_blank\" rel=\"noopener\" href=\"https:\/\/whatsapp.com\/channel\/0029Va5CSyuEQIalZaJWpX1h?utm_source=chatgpt.com\">Canal de WhatsApp<\/a>.<\/p>\n\n\n\n<h3 class=\"wp-block-heading\">Una tragedia que vuelve a poner la mirada en las calles<\/h3>\n\n\n\n<p class=\"wp-block-paragraph\">La muerte de un menor en un hecho vial deja una pregunta que trasciende este caso: <strong>\u00bfqu\u00e9 condiciones de seguridad existen en las calles donde conviven diariamente peatones y transporte p\u00fablico?<\/strong><\/p>\n\n\n\n<p class=\"wp-block-paragraph\">Ahora corresponder\u00e1 a las autoridades reconstruir los hechos y establecer qu\u00e9 ocurri\u00f3. Para la familia, mientras tanto, la investigaci\u00f3n ser\u00e1 parte de un proceso mucho m\u00e1s doloroso: intentar encontrar respuestas despu\u00e9s de una p\u00e9rdida que ya no tiene vuelta atr\u00e1s.<\/p>\n\n\n\n<p class=\"wp-block-paragraph\"><strong>Escrito por Redacci\u00f3n Puebla En L\u00ednea<\/strong><\/p>\n\n\n\n<h3 class=\"wp-block-heading\"><\/h3>\n\n\n\n<ol class=\"wp-block-list\">\n<li><strong>\u00bfQu\u00e9 pas\u00f3 en Amozoc? Menor muere tras ser atropellado por una combi<\/strong><\/li>\n\n\n\n<li><strong>Tragedia en San Andr\u00e9s Las Vegas: menor pierde la vida tras atropellamiento<\/strong><\/li>\n\n\n\n<li><strong>Amozoc: detienen a conductor de combi tras muerte de un menor<\/strong><\/li>\n\n\n\n<li><strong>Un traslado de emergencia termin\u00f3 en tragedia: menor muere en Amozoc<\/strong><\/li>\n\n\n\n<li><strong>Atropellamiento en Amozoc termina con la muerte de un menor; ya hay un detenido<\/strong><\/li>\n<\/ol>\n","protected":false},"excerpt":{"rendered":"<p>Un traslado de emergencia termin\u00f3 en tragedia en Amozoc. Un menor muri\u00f3 luego de ser atropellado por el conductor de una unidad del transporte p\u00fablico, en calles del barrio de San Andr\u00e9s Las Vegas. El hecho ocurri\u00f3 en la esquina de Francisco Villa e Ignacio Allende, donde, de acuerdo con los primeros reportes, el menor&#8230;<\/p>\n","protected":false},"author":9,"featured_media":134739,"comment_status":"closed","ping_status":"closed","sticky":false,"template":"","format":"standard","meta":{"footnotes":""},"categories":[24],"tags":[1399],"class_list":["post-134738","post","type-post","status-publish","format-standard","has-post-thumbnail","hentry","category-nota-roja","tag-accidente-puebla"],"yoast_head":"<!-- This site is optimized with the Yoast SEO plugin v28.0 - https:\/\/yoast.com\/product\/yoast-seo-wordpress\/ -->\n<title>Menor muere atropellado por una combi en Amozoc; detienen al conductor - Puebla En Linea<\/title>\n<meta name=\"description\" content=\"Menor muere atropellado por una combi en Amozoc; detienen al conductor Nota Roja\" \/>\n<meta name=\"robots\" content=\"index, follow, max-snippet:-1, max-image-preview:large, max-video-preview:-1\" \/>\n<link rel=\"canonical\" href=\"https:\/\/pueblaenlinea.com\/2025\/nota-roja\/menor-muere-atropellado-por-una-combi-en-amozoc-detienen-al-conductor\/\" \/>\n<meta property=\"og:locale\" content=\"es_MX\" \/>\n<meta property=\"og:type\" content=\"article\" \/>\n<meta property=\"og:title\" content=\"Menor muere atropellado por una combi en Amozoc; detienen al conductor - Puebla En Linea\" \/>\n<meta property=\"og:description\" content=\"Menor muere atropellado por una combi en Amozoc; detienen al conductor Nota Roja\" \/>\n<meta property=\"og:url\" content=\"https:\/\/pueblaenlinea.com\/2025\/nota-roja\/menor-muere-atropellado-por-una-combi-en-amozoc-detienen-al-conductor\/\" \/>\n<meta property=\"og:site_name\" content=\"Puebla En Linea\" \/>\n<meta property=\"article:publisher\" content=\"https:\/\/www.facebook.com\/pueblaenlineacom\" \/>\n<meta property=\"article:published_time\" content=\"2026-09-01T22:37:04+00:00\" \/>\n<meta property=\"og:image\" content=\"https:\/\/pueblaenlinea.com\/2025\/wp-content\/uploads\/2026\/09\/atropelladoamozoc.jpg\" \/>\n\t<meta property=\"og:image:width\" content=\"1200\" \/>\n\t<meta property=\"og:image:height\" content=\"674\" \/>\n\t<meta property=\"og:image:type\" content=\"image\/jpeg\" \/>\n<meta name=\"author\" content=\"lupita Puebla en linea\" \/>\n<meta name=\"twitter:card\" content=\"summary_large_image\" \/>\n<meta name=\"twitter:label1\" content=\"Escrito por\" \/>\n\t<meta name=\"twitter:data1\" content=\"lupita Puebla en linea\" \/>\n\t<meta name=\"twitter:label2\" content=\"Tiempo de lectura\" \/>\n\t<meta name=\"twitter:data2\" content=\"2 minutos\" \/>\n<script type=\"application\/ld+json\" class=\"yoast-schema-graph\">{\"@context\":\"https:\\\/\\\/schema.org\",\"@graph\":[{\"@type\":\"Article\",\"@id\":\"https:\\\/\\\/pueblaenlinea.com\\\/2025\\\/nota-roja\\\/menor-muere-atropellado-por-una-combi-en-amozoc-detienen-al-conductor\\\/#article\",\"isPartOf\":{\"@id\":\"https:\\\/\\\/pueblaenlinea.com\\\/2025\\\/nota-roja\\\/menor-muere-atropellado-por-una-combi-en-amozoc-detienen-al-conductor\\\/\"},\"author\":{\"name\":\"lupita Puebla en linea\",\"@id\":\"https:\\\/\\\/pueblaenlinea.com\\\/2025\\\/#\\\/schema\\\/person\\\/2baf91de3092c7d50fb754a48f084d7f\"},\"headline\":\"Menor muere atropellado por una combi en Amozoc; detienen al conductor\",\"datePublished\":\"2026-09-01T22:37:04+00:00\",\"mainEntityOfPage\":{\"@id\":\"https:\\\/\\\/pueblaenlinea.com\\\/2025\\\/nota-roja\\\/menor-muere-atropellado-por-una-combi-en-amozoc-detienen-al-conductor\\\/\"},\"wordCount\":445,\"image\":{\"@id\":\"https:\\\/\\\/pueblaenlinea.com\\\/2025\\\/nota-roja\\\/menor-muere-atropellado-por-una-combi-en-amozoc-detienen-al-conductor\\\/#primaryimage\"},\"thumbnailUrl\":\"https:\\\/\\\/pueblaenlinea.com\\\/2025\\\/wp-content\\\/uploads\\\/2026\\\/09\\\/atropelladoamozoc.jpg\",\"keywords\":[\"accidente puebla\"],\"articleSection\":[\"Nota Roja\"],\"inLanguage\":\"es\"},{\"@type\":\"WebPage\",\"@id\":\"https:\\\/\\\/pueblaenlinea.com\\\/2025\\\/nota-roja\\\/menor-muere-atropellado-por-una-combi-en-amozoc-detienen-al-conductor\\\/\",\"url\":\"https:\\\/\\\/pueblaenlinea.com\\\/2025\\\/nota-roja\\\/menor-muere-atropellado-por-una-combi-en-amozoc-detienen-al-conductor\\\/\",\"name\":\"Menor muere atropellado por una combi en Amozoc; detienen al conductor - Puebla En Linea\",\"isPartOf\":{\"@id\":\"https:\\\/\\\/pueblaenlinea.com\\\/2025\\\/#website\"},\"primaryImageOfPage\":{\"@id\":\"https:\\\/\\\/pueblaenlinea.com\\\/2025\\\/nota-roja\\\/menor-muere-atropellado-por-una-combi-en-amozoc-detienen-al-conductor\\\/#primaryimage\"},\"image\":{\"@id\":\"https:\\\/\\\/pueblaenlinea.com\\\/2025\\\/nota-roja\\\/menor-muere-atropellado-por-una-combi-en-amozoc-detienen-al-conductor\\\/#primaryimage\"},\"thumbnailUrl\":\"https:\\\/\\\/pueblaenlinea.com\\\/2025\\\/wp-content\\\/uploads\\\/2026\\\/09\\\/atropelladoamozoc.jpg\",\"datePublished\":\"2026-09-01T22:37:04+00:00\",\"author\":{\"@id\":\"https:\\\/\\\/pueblaenlinea.com\\\/2025\\\/#\\\/schema\\\/person\\\/2baf91de3092c7d50fb754a48f084d7f\"},\"description\":\"Menor muere atropellado por una combi en Amozoc; detienen al conductor Nota Roja\",\"breadcrumb\":{\"@id\":\"https:\\\/\\\/pueblaenlinea.com\\\/2025\\\/nota-roja\\\/menor-muere-atropellado-por-una-combi-en-amozoc-detienen-al-conductor\\\/#breadcrumb\"},\"inLanguage\":\"es\",\"potentialAction\":[{\"@type\":\"ReadAction\",\"target\":[\"https:\\\/\\\/pueblaenlinea.com\\\/2025\\\/nota-roja\\\/menor-muere-atropellado-por-una-combi-en-amozoc-detienen-al-conductor\\\/\"]}]},{\"@type\":\"ImageObject\",\"inLanguage\":\"es\",\"@id\":\"https:\\\/\\\/pueblaenlinea.com\\\/2025\\\/nota-roja\\\/menor-muere-atropellado-por-una-combi-en-amozoc-detienen-al-conductor\\\/#primaryimage\",\"url\":\"https:\\\/\\\/pueblaenlinea.com\\\/2025\\\/wp-content\\\/uploads\\\/2026\\\/09\\\/atropelladoamozoc.jpg\",\"contentUrl\":\"https:\\\/\\\/pueblaenlinea.com\\\/2025\\\/wp-content\\\/uploads\\\/2026\\\/09\\\/atropelladoamozoc.jpg\",\"width\":1200,\"height\":674},{\"@type\":\"BreadcrumbList\",\"@id\":\"https:\\\/\\\/pueblaenlinea.com\\\/2025\\\/nota-roja\\\/menor-muere-atropellado-por-una-combi-en-amozoc-detienen-al-conductor\\\/#breadcrumb\",\"itemListElement\":[{\"@type\":\"ListItem\",\"position\":1,\"name\":\"Inicio\",\"item\":\"https:\\\/\\\/pueblaenlinea.com\\\/2025\\\/\"},{\"@type\":\"ListItem\",\"position\":2,\"name\":\"Menor muere atropellado por una combi en Amozoc; detienen al conductor\"}]},{\"@type\":\"WebSite\",\"@id\":\"https:\\\/\\\/pueblaenlinea.com\\\/2025\\\/#website\",\"url\":\"https:\\\/\\\/pueblaenlinea.com\\\/2025\\\/\",\"name\":\"Puebla En Linea\",\"description\":\"noticias de puebla, periodismo serio y comprometido.\",\"potentialAction\":[{\"@type\":\"SearchAction\",\"target\":{\"@type\":\"EntryPoint\",\"urlTemplate\":\"https:\\\/\\\/pueblaenlinea.com\\\/2025\\\/?s={search_term_string}\"},\"query-input\":{\"@type\":\"PropertyValueSpecification\",\"valueRequired\":true,\"valueName\":\"search_term_string\"}}],\"inLanguage\":\"es\"},{\"@type\":\"Person\",\"@id\":\"https:\\\/\\\/pueblaenlinea.com\\\/2025\\\/#\\\/schema\\\/person\\\/2baf91de3092c7d50fb754a48f084d7f\",\"name\":\"lupita Puebla en linea\",\"image\":{\"@type\":\"ImageObject\",\"inLanguage\":\"es\",\"@id\":\"https:\\\/\\\/pueblaenlinea.com\\\/2025\\\/wp-content\\\/litespeed\\\/avatar\\\/c3bdb4b8e42693060df9dbf8c3f9c41d.jpg?ver=1788290860\",\"url\":\"https:\\\/\\\/pueblaenlinea.com\\\/2025\\\/wp-content\\\/litespeed\\\/avatar\\\/c3bdb4b8e42693060df9dbf8c3f9c41d.jpg?ver=1788290860\",\"contentUrl\":\"https:\\\/\\\/pueblaenlinea.com\\\/2025\\\/wp-content\\\/litespeed\\\/avatar\\\/c3bdb4b8e42693060df9dbf8c3f9c41d.jpg?ver=1788290860\",\"caption\":\"lupita Puebla en linea\"},\"url\":\"https:\\\/\\\/pueblaenlinea.com\\\/2025\\\/author\\\/lupita\\\/\"}]}<\/script>\n<!-- \/ Yoast SEO plugin. -->","yoast_head_json":{"title":"Menor muere atropellado por una combi en Amozoc; detienen al conductor - Puebla En Linea","description":"Menor muere atropellado por una combi en Amozoc; detienen al conductor Nota Roja","robots":{"index":"index","follow":"follow","max-snippet":"max-snippet:-1","max-image-preview":"max-image-preview:large","max-video-preview":"max-video-preview:-1"},"canonical":"https:\/\/pueblaenlinea.com\/2025\/nota-roja\/menor-muere-atropellado-por-una-combi-en-amozoc-detienen-al-conductor\/","og_locale":"es_MX","og_type":"article","og_title":"Menor muere atropellado por una combi en Amozoc; detienen al conductor - Puebla En Linea","og_description":"Menor muere atropellado por una combi en Amozoc; detienen al conductor Nota Roja","og_url":"https:\/\/pueblaenlinea.com\/2025\/nota-roja\/menor-muere-atropellado-por-una-combi-en-amozoc-detienen-al-conductor\/","og_site_name":"Puebla En Linea","article_publisher":"https:\/\/www.facebook.com\/pueblaenlineacom","article_published_time":"2026-09-01T22:37:04+00:00","og_image":[{"width":1200,"height":674,"url":"https:\/\/pueblaenlinea.com\/2025\/wp-content\/uploads\/2026\/09\/atropelladoamozoc.jpg","type":"image\/jpeg"}],"author":"lupita Puebla en linea","twitter_card":"summary_large_image","twitter_misc":{"Escrito por":"lupita Puebla en linea","Tiempo de lectura":"2 minutos"},"schema":{"@context":"https:\/\/schema.org","@graph":[{"@type":"Article","@id":"https:\/\/pueblaenlinea.com\/2025\/nota-roja\/menor-muere-atropellado-por-una-combi-en-amozoc-detienen-al-conductor\/#article","isPartOf":{"@id":"https:\/\/pueblaenlinea.com\/2025\/nota-roja\/menor-muere-atropellado-por-una-combi-en-amozoc-detienen-al-conductor\/"},"author":{"name":"lupita Puebla en linea","@id":"https:\/\/pueblaenlinea.com\/2025\/#\/schema\/person\/2baf91de3092c7d50fb754a48f084d7f"},"headline":"Menor muere atropellado por una combi en Amozoc; detienen al conductor","datePublished":"2026-09-01T22:37:04+00:00","mainEntityOfPage":{"@id":"https:\/\/pueblaenlinea.com\/2025\/nota-roja\/menor-muere-atropellado-por-una-combi-en-amozoc-detienen-al-conductor\/"},"wordCount":445,"image":{"@id":"https:\/\/pueblaenlinea.com\/2025\/nota-roja\/menor-muere-atropellado-por-una-combi-en-amozoc-detienen-al-conductor\/#primaryimage"},"thumbnailUrl":"https:\/\/pueblaenlinea.com\/2025\/wp-content\/uploads\/2026\/09\/atropelladoamozoc.jpg","keywords":["accidente puebla"],"articleSection":["Nota Roja"],"inLanguage":"es"},{"@type":"WebPage","@id":"https:\/\/pueblaenlinea.com\/2025\/nota-roja\/menor-muere-atropellado-por-una-combi-en-amozoc-detienen-al-conductor\/","url":"https:\/\/pueblaenlinea.com\/2025\/nota-roja\/menor-muere-atropellado-por-una-combi-en-amozoc-detienen-al-conductor\/","name":"Menor muere atropellado por una combi en Amozoc; detienen al conductor - Puebla En Linea","isPartOf":{"@id":"https:\/\/pueblaenlinea.com\/2025\/#website"},"primaryImageOfPage":{"@id":"https:\/\/pueblaenlinea.com\/2025\/nota-roja\/menor-muere-atropellado-por-una-combi-en-amozoc-detienen-al-conductor\/#primaryimage"},"image":{"@id":"https:\/\/pueblaenlinea.com\/2025\/nota-roja\/menor-muere-atropellado-por-una-combi-en-amozoc-detienen-al-conductor\/#primaryimage"},"thumbnailUrl":"https:\/\/pueblaenlinea.com\/2025\/wp-content\/uploads\/2026\/09\/atropelladoamozoc.jpg","datePublished":"2026-09-01T22:37:04+00:00","author":{"@id":"https:\/\/pueblaenlinea.com\/2025\/#\/schema\/person\/2baf91de3092c7d50fb754a48f084d7f"},"description":"Menor muere atropellado por una combi en Amozoc; detienen al conductor Nota Roja","breadcrumb":{"@id":"https:\/\/pueblaenlinea.com\/2025\/nota-roja\/menor-muere-atropellado-por-una-combi-en-amozoc-detienen-al-conductor\/#breadcrumb"},"inLanguage":"es","potentialAction":[{"@type":"ReadAction","target":["https:\/\/pueblaenlinea.com\/2025\/nota-roja\/menor-muere-atropellado-por-una-combi-en-amozoc-detienen-al-conductor\/"]}]},{"@type":"ImageObject","inLanguage":"es","@id":"https:\/\/pueblaenlinea.com\/2025\/nota-roja\/menor-muere-atropellado-por-una-combi-en-amozoc-detienen-al-conductor\/#primaryimage","url":"https:\/\/pueblaenlinea.com\/2025\/wp-content\/uploads\/2026\/09\/atropelladoamozoc.jpg","contentUrl":"https:\/\/pueblaenlinea.com\/2025\/wp-content\/uploads\/2026\/09\/atropelladoamozoc.jpg","width":1200,"height":674},{"@type":"BreadcrumbList","@id":"https:\/\/pueblaenlinea.com\/2025\/nota-roja\/menor-muere-atropellado-por-una-combi-en-amozoc-detienen-al-conductor\/#breadcrumb","itemListElement":[{"@type":"ListItem","position":1,"name":"Inicio","item":"https:\/\/pueblaenlinea.com\/2025\/"},{"@type":"ListItem","position":2,"name":"Menor muere atropellado por una combi en Amozoc; detienen al conductor"}]},{"@type":"WebSite","@id":"https:\/\/pueblaenlinea.com\/2025\/#website","url":"https:\/\/pueblaenlinea.com\/2025\/","name":"Puebla En Linea","description":"noticias de puebla, periodismo serio y comprometido.","potentialAction":[{"@type":"SearchAction","target":{"@type":"EntryPoint","urlTemplate":"https:\/\/pueblaenlinea.com\/2025\/?s={search_term_string}"},"query-input":{"@type":"PropertyValueSpecification","valueRequired":true,"valueName":"search_term_string"}}],"inLanguage":"es"},{"@type":"Person","@id":"https:\/\/pueblaenlinea.com\/2025\/#\/schema\/person\/2baf91de3092c7d50fb754a48f084d7f","name":"lupita Puebla en linea","image":{"@type":"ImageObject","inLanguage":"es","@id":"https:\/\/pueblaenlinea.com\/2025\/wp-content\/litespeed\/avatar\/c3bdb4b8e42693060df9dbf8c3f9c41d.jpg?ver=1788290860","url":"https:\/\/pueblaenlinea.com\/2025\/wp-content\/litespeed\/avatar\/c3bdb4b8e42693060df9dbf8c3f9c41d.jpg?ver=1788290860","contentUrl":"https:\/\/pueblaenlinea.com\/2025\/wp-content\/litespeed\/avatar\/c3bdb4b8e42693060df9dbf8c3f9c41d.jpg?ver=1788290860","caption":"lupita Puebla en linea"},"url":"https:\/\/pueblaenlinea.com\/2025\/author\/lupita\/"}]}},"_links":{"self":[{"href":"https:\/\/pueblaenlinea.com\/2025\/wp-json\/wp\/v2\/posts\/134738","targetHints":{"allow":["GET"]}}],"collection":[{"href":"https:\/\/pueblaenlinea.com\/2025\/wp-json\/wp\/v2\/posts"}],"about":[{"href":"https:\/\/pueblaenlinea.com\/2025\/wp-json\/wp\/v2\/types\/post"}],"author":[{"embeddable":true,"href":"https:\/\/pueblaenlinea.com\/2025\/wp-json\/wp\/v2\/users\/9"}],"replies":[{"embeddable":true,"href":"https:\/\/pueblaenlinea.com\/2025\/wp-json\/wp\/v2\/comments?post=134738"}],"version-history":[{"count":0,"href":"https:\/\/pueblaenlinea.com\/2025\/wp-json\/wp\/v2\/posts\/134738\/revisions"}],"wp:featuredmedia":[{"embeddable":true,"href":"https:\/\/pueblaenlinea.com\/2025\/wp-json\/wp\/v2\/media\/134739"}],"wp:attachment":[{"href":"https:\/\/pueblaenlinea.com\/2025\/wp-json\/wp\/v2\/media?parent=134738"}],"wp:term":[{"taxonomy":"category","embeddable":true,"href":"https:\/\/pueblaenlinea.com\/2025\/wp-json\/wp\/v2\/categories?post=134738"},{"taxonomy":"post_tag","embeddable":true,"href":"https:\/\/pueblaenlinea.com\/2025\/wp-json\/wp\/v2\/tags?post=134738"}],"curies":[{"name":"wp","href":"https:\/\/api.w.org\/{rel}","templated":true}]}}