{"id":134732,"date":"2026-09-01T14:45:59","date_gmt":"2026-09-01T20:45:59","guid":{"rendered":"https:\/\/pueblaenlinea.com\/2025\/?p=134732"},"modified":"2026-09-01T14:45:59","modified_gmt":"2026-09-01T20:45:59","slug":"volkswagen-en-puebla-sedetra-aun-no-confirma-cuantos-trabajadores-fueron-dados-de-baja","status":"publish","type":"post","link":"https:\/\/pueblaenlinea.com\/2025\/puebla\/volkswagen-en-puebla-sedetra-aun-no-confirma-cuantos-trabajadores-fueron-dados-de-baja\/","title":{"rendered":"Volkswagen en Puebla: Sedetra a\u00fan no confirma cu\u00e1ntos trabajadores fueron dados de baja"},"content":{"rendered":"\n<p class=\"wp-block-paragraph\"><strong>Cuautlancingo, Puebla.<\/strong>\u2014 La incertidumbre crece entre los trabajadores de Volkswagen en Puebla: mientras el sindicato denuncia liquidaciones realizadas de manera unilateral, la autoridad laboral estatal reconoce que <strong>todav\u00eda no existe una cifra oficial sobre el n\u00famero de empleados que habr\u00edan sido despedidos<\/strong>.<\/p>\n\n\n\n<p class=\"wp-block-paragraph\">El dato fue confirmado este lunes por <strong>V\u00edctor Gabriel Chedraui<\/strong>, titular de la Secretar\u00eda de Desarrollo Econ\u00f3mico y Trabajo (Sedetra), quien se\u00f1al\u00f3 que la dependencia estatal a\u00fan no cuenta con un registro definitivo de las bajas ocurridas en la planta ubicada en Cuautlancingo.<\/p>\n\n\n\n<p class=\"wp-block-paragraph\"><strong>Lo que se sabe hasta ahora:<\/strong><\/p>\n\n\n\n<ul class=\"wp-block-list\">\n<li><strong>Volkswagen Puebla:<\/strong> la planta se encuentra en Cuautlancingo.<\/li>\n\n\n\n<li><strong>Sin cifra oficial:<\/strong> Sedetra a\u00fan no determina cu\u00e1ntos trabajadores fueron dados de baja.<\/li>\n\n\n\n<li><strong>SITIAVW:<\/strong> el sindicato sostiene que las liquidaciones ocurrieron de manera unilateral y sin su aval.<\/li>\n\n\n\n<li><strong>28 de agosto:<\/strong> Sedetra se reuni\u00f3 con el Comit\u00e9 Directivo del sindicato para conocer la situaci\u00f3n.<\/li>\n\n\n\n<li><strong>Pendiente:<\/strong> autoridades y representaci\u00f3n sindical analizan las acciones que podr\u00edan emprender ante las bajas laborales.<\/li>\n<\/ul>\n\n\n\n<p class=\"wp-block-paragraph\">Durante la conferencia de prensa, Chedraui explic\u00f3 que el viernes <strong>28 de agosto<\/strong> funcionarios de Sedetra sostuvieron una reuni\u00f3n con el Comit\u00e9 Directivo del <strong>Sindicato Independiente de Trabajadores de la Industria Automotriz Volkswagen de M\u00e9xico (SITIAVW)<\/strong> para conocer de primera mano la situaci\u00f3n y las estrategias que podr\u00edan implementarse.<\/p>\n\n\n\n<p class=\"wp-block-paragraph\">El contraste entre ambas posiciones deja una pregunta todav\u00eda sin respuesta: <strong>\u00bfcu\u00e1ntos trabajadores fueron realmente afectados por las bajas en Volkswagen Puebla?<\/strong><\/p>\n\n\n\n<p class=\"wp-block-paragraph\">Mientras la autoridad estatal dice no disponer a\u00fan de una cifra oficial, el SITIAVW asegura que las liquidaciones se realizaron sin su consentimiento. Ser\u00e1 necesario conocer la documentaci\u00f3n laboral y la postura formal de la empresa para establecer el alcance real de la medida.<\/p>\n\n\n\n<p class=\"wp-block-paragraph\">Si quieres seguir esta y otras notas de inter\u00e9s en tiempo real, \u00fanete a nuestro canal de WhatsApp: <a href=\"https:\/\/whatsapp.com\/channel\/0029Va5CSyuEQIalZaJWpX1h\">https:\/\/whatsapp.com\/channel\/0029Va5CSyuEQIalZaJWpX1h<\/a>.<\/p>\n\n\n\n<p class=\"wp-block-paragraph\">Por ahora, el n\u00famero de trabajadores afectados permanece sin confirmarse oficialmente. En una industria donde cada puesto representa mucho m\u00e1s que una cifra en una n\u00f3mina, la falta de claridad alimenta la preocupaci\u00f3n de cientos de familias que dependen directa o indirectamente de la actividad automotriz en Puebla.<\/p>\n\n\n\n<p class=\"wp-block-paragraph\">El caso seguir\u00e1 bajo atenci\u00f3n de las autoridades laborales y del sindicato, mientras se define la dimensi\u00f3n real de las bajas y las acciones que correspondan.<\/p>\n\n\n\n<p class=\"wp-block-paragraph\"><strong>Escrito por Redacci\u00f3n Puebla En L\u00ednea<\/strong><\/p>\n\n\n\n<h3 class=\"wp-block-heading\"><\/h3>\n\n\n\n<ol class=\"wp-block-list\">\n<li><strong>\u00bfCu\u00e1ntos trabajadores salieron de Volkswagen Puebla? Sedetra a\u00fan no tiene la cifra<\/strong><\/li>\n\n\n\n<li><strong>Volkswagen Puebla enfrenta incertidumbre por bajas laborales; sindicato cuestiona el proceso<\/strong><\/li>\n\n\n\n<li><strong>Sin cifra oficial de despidos en Volkswagen Puebla; SITIAVW denuncia liquidaciones unilaterales<\/strong><\/li>\n\n\n\n<li><strong>Bajas en Volkswagen Puebla: autoridad laboral a\u00fan desconoce cu\u00e1ntos trabajadores fueron afectados<\/strong><\/li>\n\n\n\n<li><strong>Crece la incertidumbre laboral en Volkswagen Puebla: sindicato y autoridad difieren sobre las bajas<\/strong><\/li>\n<\/ol>\n","protected":false},"excerpt":{"rendered":"<p>Cuautlancingo, Puebla.\u2014 La incertidumbre crece entre los trabajadores de Volkswagen en Puebla: mientras el sindicato denuncia liquidaciones realizadas de manera unilateral, la autoridad laboral estatal reconoce que todav\u00eda no existe una cifra oficial sobre el n\u00famero de empleados que habr\u00edan sido despedidos. El dato fue confirmado este lunes por V\u00edctor Gabriel Chedraui, titular de la&#8230;<\/p>\n","protected":false},"author":9,"featured_media":134733,"comment_status":"closed","ping_status":"closed","sticky":false,"template":"","format":"standard","meta":{"footnotes":""},"categories":[2],"tags":[1396],"class_list":["post-134732","post","type-post","status-publish","format-standard","has-post-thumbnail","hentry","category-puebla","tag-virales"],"yoast_head":"<!-- This site is optimized with the Yoast SEO plugin v28.0 - https:\/\/yoast.com\/product\/yoast-seo-wordpress\/ -->\n<title>Volkswagen en Puebla: Sedetra a\u00fan no confirma cu\u00e1ntos trabajadores fueron dados de baja - Puebla En Linea<\/title>\n<meta name=\"description\" content=\"Volkswagen en Puebla: Sedetra a\u00fan no confirma cu\u00e1ntos trabajadores fueron dados de baja Puebla\" \/>\n<meta name=\"robots\" content=\"index, follow, max-snippet:-1, max-image-preview:large, max-video-preview:-1\" \/>\n<link rel=\"canonical\" href=\"https:\/\/pueblaenlinea.com\/2025\/puebla\/volkswagen-en-puebla-sedetra-aun-no-confirma-cuantos-trabajadores-fueron-dados-de-baja\/\" \/>\n<meta property=\"og:locale\" content=\"es_MX\" \/>\n<meta property=\"og:type\" content=\"article\" \/>\n<meta property=\"og:title\" content=\"Volkswagen en Puebla: Sedetra a\u00fan no confirma cu\u00e1ntos trabajadores fueron dados de baja - Puebla En Linea\" \/>\n<meta property=\"og:description\" content=\"Volkswagen en Puebla: Sedetra a\u00fan no confirma cu\u00e1ntos trabajadores fueron dados de baja Puebla\" \/>\n<meta property=\"og:url\" content=\"https:\/\/pueblaenlinea.com\/2025\/puebla\/volkswagen-en-puebla-sedetra-aun-no-confirma-cuantos-trabajadores-fueron-dados-de-baja\/\" \/>\n<meta property=\"og:site_name\" content=\"Puebla En Linea\" \/>\n<meta property=\"article:publisher\" content=\"https:\/\/www.facebook.com\/pueblaenlineacom\" \/>\n<meta property=\"article:published_time\" content=\"2026-09-01T20:45:59+00:00\" \/>\n<meta property=\"og:image\" content=\"https:\/\/pueblaenlinea.com\/2025\/wp-content\/uploads\/2026\/09\/Volkswagensedetra.jpg\" \/>\n\t<meta property=\"og:image:width\" content=\"1200\" \/>\n\t<meta property=\"og:image:height\" content=\"674\" \/>\n\t<meta property=\"og:image:type\" content=\"image\/jpeg\" \/>\n<meta name=\"author\" content=\"lupita Puebla en linea\" \/>\n<meta name=\"twitter:card\" content=\"summary_large_image\" \/>\n<meta name=\"twitter:label1\" content=\"Escrito por\" \/>\n\t<meta name=\"twitter:data1\" content=\"lupita Puebla en linea\" \/>\n\t<meta name=\"twitter:label2\" content=\"Tiempo de lectura\" \/>\n\t<meta name=\"twitter:data2\" content=\"3 minutos\" \/>\n<script type=\"application\/ld+json\" class=\"yoast-schema-graph\">{\"@context\":\"https:\\\/\\\/schema.org\",\"@graph\":[{\"@type\":\"Article\",\"@id\":\"https:\\\/\\\/pueblaenlinea.com\\\/2025\\\/puebla\\\/volkswagen-en-puebla-sedetra-aun-no-confirma-cuantos-trabajadores-fueron-dados-de-baja\\\/#article\",\"isPartOf\":{\"@id\":\"https:\\\/\\\/pueblaenlinea.com\\\/2025\\\/puebla\\\/volkswagen-en-puebla-sedetra-aun-no-confirma-cuantos-trabajadores-fueron-dados-de-baja\\\/\"},\"author\":{\"name\":\"lupita Puebla en linea\",\"@id\":\"https:\\\/\\\/pueblaenlinea.com\\\/2025\\\/#\\\/schema\\\/person\\\/2baf91de3092c7d50fb754a48f084d7f\"},\"headline\":\"Volkswagen en Puebla: Sedetra a\u00fan no confirma cu\u00e1ntos trabajadores fueron dados de baja\",\"datePublished\":\"2026-09-01T20:45:59+00:00\",\"mainEntityOfPage\":{\"@id\":\"https:\\\/\\\/pueblaenlinea.com\\\/2025\\\/puebla\\\/volkswagen-en-puebla-sedetra-aun-no-confirma-cuantos-trabajadores-fueron-dados-de-baja\\\/\"},\"wordCount\":486,\"image\":{\"@id\":\"https:\\\/\\\/pueblaenlinea.com\\\/2025\\\/puebla\\\/volkswagen-en-puebla-sedetra-aun-no-confirma-cuantos-trabajadores-fueron-dados-de-baja\\\/#primaryimage\"},\"thumbnailUrl\":\"https:\\\/\\\/pueblaenlinea.com\\\/2025\\\/wp-content\\\/uploads\\\/2026\\\/09\\\/Volkswagensedetra.jpg\",\"keywords\":[\"virales\"],\"articleSection\":[\"Puebla\"],\"inLanguage\":\"es\"},{\"@type\":\"WebPage\",\"@id\":\"https:\\\/\\\/pueblaenlinea.com\\\/2025\\\/puebla\\\/volkswagen-en-puebla-sedetra-aun-no-confirma-cuantos-trabajadores-fueron-dados-de-baja\\\/\",\"url\":\"https:\\\/\\\/pueblaenlinea.com\\\/2025\\\/puebla\\\/volkswagen-en-puebla-sedetra-aun-no-confirma-cuantos-trabajadores-fueron-dados-de-baja\\\/\",\"name\":\"Volkswagen en Puebla: Sedetra a\u00fan no confirma cu\u00e1ntos trabajadores fueron dados de baja - Puebla En Linea\",\"isPartOf\":{\"@id\":\"https:\\\/\\\/pueblaenlinea.com\\\/2025\\\/#website\"},\"primaryImageOfPage\":{\"@id\":\"https:\\\/\\\/pueblaenlinea.com\\\/2025\\\/puebla\\\/volkswagen-en-puebla-sedetra-aun-no-confirma-cuantos-trabajadores-fueron-dados-de-baja\\\/#primaryimage\"},\"image\":{\"@id\":\"https:\\\/\\\/pueblaenlinea.com\\\/2025\\\/puebla\\\/volkswagen-en-puebla-sedetra-aun-no-confirma-cuantos-trabajadores-fueron-dados-de-baja\\\/#primaryimage\"},\"thumbnailUrl\":\"https:\\\/\\\/pueblaenlinea.com\\\/2025\\\/wp-content\\\/uploads\\\/2026\\\/09\\\/Volkswagensedetra.jpg\",\"datePublished\":\"2026-09-01T20:45:59+00:00\",\"author\":{\"@id\":\"https:\\\/\\\/pueblaenlinea.com\\\/2025\\\/#\\\/schema\\\/person\\\/2baf91de3092c7d50fb754a48f084d7f\"},\"description\":\"Volkswagen en Puebla: Sedetra a\u00fan no confirma cu\u00e1ntos trabajadores fueron dados de baja Puebla\",\"breadcrumb\":{\"@id\":\"https:\\\/\\\/pueblaenlinea.com\\\/2025\\\/puebla\\\/volkswagen-en-puebla-sedetra-aun-no-confirma-cuantos-trabajadores-fueron-dados-de-baja\\\/#breadcrumb\"},\"inLanguage\":\"es\",\"potentialAction\":[{\"@type\":\"ReadAction\",\"target\":[\"https:\\\/\\\/pueblaenlinea.com\\\/2025\\\/puebla\\\/volkswagen-en-puebla-sedetra-aun-no-confirma-cuantos-trabajadores-fueron-dados-de-baja\\\/\"]}]},{\"@type\":\"ImageObject\",\"inLanguage\":\"es\",\"@id\":\"https:\\\/\\\/pueblaenlinea.com\\\/2025\\\/puebla\\\/volkswagen-en-puebla-sedetra-aun-no-confirma-cuantos-trabajadores-fueron-dados-de-baja\\\/#primaryimage\",\"url\":\"https:\\\/\\\/pueblaenlinea.com\\\/2025\\\/wp-content\\\/uploads\\\/2026\\\/09\\\/Volkswagensedetra.jpg\",\"contentUrl\":\"https:\\\/\\\/pueblaenlinea.com\\\/2025\\\/wp-content\\\/uploads\\\/2026\\\/09\\\/Volkswagensedetra.jpg\",\"width\":1200,\"height\":674},{\"@type\":\"BreadcrumbList\",\"@id\":\"https:\\\/\\\/pueblaenlinea.com\\\/2025\\\/puebla\\\/volkswagen-en-puebla-sedetra-aun-no-confirma-cuantos-trabajadores-fueron-dados-de-baja\\\/#breadcrumb\",\"itemListElement\":[{\"@type\":\"ListItem\",\"position\":1,\"name\":\"Inicio\",\"item\":\"https:\\\/\\\/pueblaenlinea.com\\\/2025\\\/\"},{\"@type\":\"ListItem\",\"position\":2,\"name\":\"Volkswagen en Puebla: Sedetra a\u00fan no confirma cu\u00e1ntos trabajadores fueron dados de baja\"}]},{\"@type\":\"WebSite\",\"@id\":\"https:\\\/\\\/pueblaenlinea.com\\\/2025\\\/#website\",\"url\":\"https:\\\/\\\/pueblaenlinea.com\\\/2025\\\/\",\"name\":\"Puebla En Linea\",\"description\":\"noticias de puebla, periodismo serio y comprometido.\",\"potentialAction\":[{\"@type\":\"SearchAction\",\"target\":{\"@type\":\"EntryPoint\",\"urlTemplate\":\"https:\\\/\\\/pueblaenlinea.com\\\/2025\\\/?s={search_term_string}\"},\"query-input\":{\"@type\":\"PropertyValueSpecification\",\"valueRequired\":true,\"valueName\":\"search_term_string\"}}],\"inLanguage\":\"es\"},{\"@type\":\"Person\",\"@id\":\"https:\\\/\\\/pueblaenlinea.com\\\/2025\\\/#\\\/schema\\\/person\\\/2baf91de3092c7d50fb754a48f084d7f\",\"name\":\"lupita Puebla en linea\",\"image\":{\"@type\":\"ImageObject\",\"inLanguage\":\"es\",\"@id\":\"https:\\\/\\\/pueblaenlinea.com\\\/2025\\\/wp-content\\\/litespeed\\\/avatar\\\/c3bdb4b8e42693060df9dbf8c3f9c41d.jpg?ver=1788290860\",\"url\":\"https:\\\/\\\/pueblaenlinea.com\\\/2025\\\/wp-content\\\/litespeed\\\/avatar\\\/c3bdb4b8e42693060df9dbf8c3f9c41d.jpg?ver=1788290860\",\"contentUrl\":\"https:\\\/\\\/pueblaenlinea.com\\\/2025\\\/wp-content\\\/litespeed\\\/avatar\\\/c3bdb4b8e42693060df9dbf8c3f9c41d.jpg?ver=1788290860\",\"caption\":\"lupita Puebla en linea\"},\"url\":\"https:\\\/\\\/pueblaenlinea.com\\\/2025\\\/author\\\/lupita\\\/\"}]}<\/script>\n<!-- \/ Yoast SEO plugin. -->","yoast_head_json":{"title":"Volkswagen en Puebla: Sedetra a\u00fan no confirma cu\u00e1ntos trabajadores fueron dados de baja - Puebla En Linea","description":"Volkswagen en Puebla: Sedetra a\u00fan no confirma cu\u00e1ntos trabajadores fueron dados de baja Puebla","robots":{"index":"index","follow":"follow","max-snippet":"max-snippet:-1","max-image-preview":"max-image-preview:large","max-video-preview":"max-video-preview:-1"},"canonical":"https:\/\/pueblaenlinea.com\/2025\/puebla\/volkswagen-en-puebla-sedetra-aun-no-confirma-cuantos-trabajadores-fueron-dados-de-baja\/","og_locale":"es_MX","og_type":"article","og_title":"Volkswagen en Puebla: Sedetra a\u00fan no confirma cu\u00e1ntos trabajadores fueron dados de baja - Puebla En Linea","og_description":"Volkswagen en Puebla: Sedetra a\u00fan no confirma cu\u00e1ntos trabajadores fueron dados de baja Puebla","og_url":"https:\/\/pueblaenlinea.com\/2025\/puebla\/volkswagen-en-puebla-sedetra-aun-no-confirma-cuantos-trabajadores-fueron-dados-de-baja\/","og_site_name":"Puebla En Linea","article_publisher":"https:\/\/www.facebook.com\/pueblaenlineacom","article_published_time":"2026-09-01T20:45:59+00:00","og_image":[{"width":1200,"height":674,"url":"https:\/\/pueblaenlinea.com\/2025\/wp-content\/uploads\/2026\/09\/Volkswagensedetra.jpg","type":"image\/jpeg"}],"author":"lupita Puebla en linea","twitter_card":"summary_large_image","twitter_misc":{"Escrito por":"lupita Puebla en linea","Tiempo de lectura":"3 minutos"},"schema":{"@context":"https:\/\/schema.org","@graph":[{"@type":"Article","@id":"https:\/\/pueblaenlinea.com\/2025\/puebla\/volkswagen-en-puebla-sedetra-aun-no-confirma-cuantos-trabajadores-fueron-dados-de-baja\/#article","isPartOf":{"@id":"https:\/\/pueblaenlinea.com\/2025\/puebla\/volkswagen-en-puebla-sedetra-aun-no-confirma-cuantos-trabajadores-fueron-dados-de-baja\/"},"author":{"name":"lupita Puebla en linea","@id":"https:\/\/pueblaenlinea.com\/2025\/#\/schema\/person\/2baf91de3092c7d50fb754a48f084d7f"},"headline":"Volkswagen en Puebla: Sedetra a\u00fan no confirma cu\u00e1ntos trabajadores fueron dados de baja","datePublished":"2026-09-01T20:45:59+00:00","mainEntityOfPage":{"@id":"https:\/\/pueblaenlinea.com\/2025\/puebla\/volkswagen-en-puebla-sedetra-aun-no-confirma-cuantos-trabajadores-fueron-dados-de-baja\/"},"wordCount":486,"image":{"@id":"https:\/\/pueblaenlinea.com\/2025\/puebla\/volkswagen-en-puebla-sedetra-aun-no-confirma-cuantos-trabajadores-fueron-dados-de-baja\/#primaryimage"},"thumbnailUrl":"https:\/\/pueblaenlinea.com\/2025\/wp-content\/uploads\/2026\/09\/Volkswagensedetra.jpg","keywords":["virales"],"articleSection":["Puebla"],"inLanguage":"es"},{"@type":"WebPage","@id":"https:\/\/pueblaenlinea.com\/2025\/puebla\/volkswagen-en-puebla-sedetra-aun-no-confirma-cuantos-trabajadores-fueron-dados-de-baja\/","url":"https:\/\/pueblaenlinea.com\/2025\/puebla\/volkswagen-en-puebla-sedetra-aun-no-confirma-cuantos-trabajadores-fueron-dados-de-baja\/","name":"Volkswagen en Puebla: Sedetra a\u00fan no confirma cu\u00e1ntos trabajadores fueron dados de baja - Puebla En Linea","isPartOf":{"@id":"https:\/\/pueblaenlinea.com\/2025\/#website"},"primaryImageOfPage":{"@id":"https:\/\/pueblaenlinea.com\/2025\/puebla\/volkswagen-en-puebla-sedetra-aun-no-confirma-cuantos-trabajadores-fueron-dados-de-baja\/#primaryimage"},"image":{"@id":"https:\/\/pueblaenlinea.com\/2025\/puebla\/volkswagen-en-puebla-sedetra-aun-no-confirma-cuantos-trabajadores-fueron-dados-de-baja\/#primaryimage"},"thumbnailUrl":"https:\/\/pueblaenlinea.com\/2025\/wp-content\/uploads\/2026\/09\/Volkswagensedetra.jpg","datePublished":"2026-09-01T20:45:59+00:00","author":{"@id":"https:\/\/pueblaenlinea.com\/2025\/#\/schema\/person\/2baf91de3092c7d50fb754a48f084d7f"},"description":"Volkswagen en Puebla: Sedetra a\u00fan no confirma cu\u00e1ntos trabajadores fueron dados de baja Puebla","breadcrumb":{"@id":"https:\/\/pueblaenlinea.com\/2025\/puebla\/volkswagen-en-puebla-sedetra-aun-no-confirma-cuantos-trabajadores-fueron-dados-de-baja\/#breadcrumb"},"inLanguage":"es","potentialAction":[{"@type":"ReadAction","target":["https:\/\/pueblaenlinea.com\/2025\/puebla\/volkswagen-en-puebla-sedetra-aun-no-confirma-cuantos-trabajadores-fueron-dados-de-baja\/"]}]},{"@type":"ImageObject","inLanguage":"es","@id":"https:\/\/pueblaenlinea.com\/2025\/puebla\/volkswagen-en-puebla-sedetra-aun-no-confirma-cuantos-trabajadores-fueron-dados-de-baja\/#primaryimage","url":"https:\/\/pueblaenlinea.com\/2025\/wp-content\/uploads\/2026\/09\/Volkswagensedetra.jpg","contentUrl":"https:\/\/pueblaenlinea.com\/2025\/wp-content\/uploads\/2026\/09\/Volkswagensedetra.jpg","width":1200,"height":674},{"@type":"BreadcrumbList","@id":"https:\/\/pueblaenlinea.com\/2025\/puebla\/volkswagen-en-puebla-sedetra-aun-no-confirma-cuantos-trabajadores-fueron-dados-de-baja\/#breadcrumb","itemListElement":[{"@type":"ListItem","position":1,"name":"Inicio","item":"https:\/\/pueblaenlinea.com\/2025\/"},{"@type":"ListItem","position":2,"name":"Volkswagen en Puebla: Sedetra a\u00fan no confirma cu\u00e1ntos trabajadores fueron dados de baja"}]},{"@type":"WebSite","@id":"https:\/\/pueblaenlinea.com\/2025\/#website","url":"https:\/\/pueblaenlinea.com\/2025\/","name":"Puebla En Linea","description":"noticias de puebla, periodismo serio y comprometido.","potentialAction":[{"@type":"SearchAction","target":{"@type":"EntryPoint","urlTemplate":"https:\/\/pueblaenlinea.com\/2025\/?s={search_term_string}"},"query-input":{"@type":"PropertyValueSpecification","valueRequired":true,"valueName":"search_term_string"}}],"inLanguage":"es"},{"@type":"Person","@id":"https:\/\/pueblaenlinea.com\/2025\/#\/schema\/person\/2baf91de3092c7d50fb754a48f084d7f","name":"lupita Puebla en linea","image":{"@type":"ImageObject","inLanguage":"es","@id":"https:\/\/pueblaenlinea.com\/2025\/wp-content\/litespeed\/avatar\/c3bdb4b8e42693060df9dbf8c3f9c41d.jpg?ver=1788290860","url":"https:\/\/pueblaenlinea.com\/2025\/wp-content\/litespeed\/avatar\/c3bdb4b8e42693060df9dbf8c3f9c41d.jpg?ver=1788290860","contentUrl":"https:\/\/pueblaenlinea.com\/2025\/wp-content\/litespeed\/avatar\/c3bdb4b8e42693060df9dbf8c3f9c41d.jpg?ver=1788290860","caption":"lupita Puebla en linea"},"url":"https:\/\/pueblaenlinea.com\/2025\/author\/lupita\/"}]}},"_links":{"self":[{"href":"https:\/\/pueblaenlinea.com\/2025\/wp-json\/wp\/v2\/posts\/134732","targetHints":{"allow":["GET"]}}],"collection":[{"href":"https:\/\/pueblaenlinea.com\/2025\/wp-json\/wp\/v2\/posts"}],"about":[{"href":"https:\/\/pueblaenlinea.com\/2025\/wp-json\/wp\/v2\/types\/post"}],"author":[{"embeddable":true,"href":"https:\/\/pueblaenlinea.com\/2025\/wp-json\/wp\/v2\/users\/9"}],"replies":[{"embeddable":true,"href":"https:\/\/pueblaenlinea.com\/2025\/wp-json\/wp\/v2\/comments?post=134732"}],"version-history":[{"count":0,"href":"https:\/\/pueblaenlinea.com\/2025\/wp-json\/wp\/v2\/posts\/134732\/revisions"}],"wp:featuredmedia":[{"embeddable":true,"href":"https:\/\/pueblaenlinea.com\/2025\/wp-json\/wp\/v2\/media\/134733"}],"wp:attachment":[{"href":"https:\/\/pueblaenlinea.com\/2025\/wp-json\/wp\/v2\/media?parent=134732"}],"wp:term":[{"taxonomy":"category","embeddable":true,"href":"https:\/\/pueblaenlinea.com\/2025\/wp-json\/wp\/v2\/categories?post=134732"},{"taxonomy":"post_tag","embeddable":true,"href":"https:\/\/pueblaenlinea.com\/2025\/wp-json\/wp\/v2\/tags?post=134732"}],"curies":[{"name":"wp","href":"https:\/\/api.w.org\/{rel}","templated":true}]}}