{"id":134728,"date":"2026-09-01T11:57:13","date_gmt":"2026-09-01T17:57:13","guid":{"rendered":"https:\/\/pueblaenlinea.com\/2025\/?p=134728"},"modified":"2026-09-01T11:57:14","modified_gmt":"2026-09-01T17:57:14","slug":"lanzan-ladrillo-contra-autobus-que-salio-de-puebla-rumbo-a-oaxaca-pasajeros-temen-intento-de-asalto","status":"publish","type":"post","link":"https:\/\/pueblaenlinea.com\/2025\/nota-roja\/lanzan-ladrillo-contra-autobus-que-salio-de-puebla-rumbo-a-oaxaca-pasajeros-temen-intento-de-asalto\/","title":{"rendered":"Lanzan ladrillo contra autob\u00fas que sali\u00f3 de Puebla rumbo a Oaxaca; pasajeros temen intento de asalto"},"content":{"rendered":"\n<p class=\"wp-block-paragraph\"><strong>El viaje hacia Oaxaca pudo terminar en tragedia. Un autob\u00fas que sali\u00f3 de la CAPU fue atacado con un ladrillo cuando circulaba por la autopista Cuacnopalan-Oaxaca, en un hecho que pasajeros interpretaron como un presunto intento de asalto.<\/strong><\/p>\n\n\n\n<p class=\"wp-block-paragraph\">El incidente ocurri\u00f3 durante la madrugada del <strong>martes 1 de septiembre<\/strong>, aunque los pasajeros lo ubicaron inicialmente alrededor de las primeras horas de la noche del lunes 31 de agosto, cuando la unidad avanzaba por la zona de <strong>Cuacnopalan, con direcci\u00f3n hacia Tehuac\u00e1n<\/strong>.<\/p>\n\n\n\n<p class=\"wp-block-paragraph\">Uno de los ocupantes grab\u00f3 los da\u00f1os provocados por el impacto y posteriormente difundi\u00f3 las im\u00e1genes en redes sociales.<\/p>\n\n\n\n<p class=\"wp-block-paragraph\"><strong>\ud83e\udea8 Un ladrillo impact\u00f3 contra la parte frontal del autob\u00fas.<\/strong><\/p>\n\n\n\n<p class=\"wp-block-paragraph\"><strong>\ud83d\ude8c La unidad hab\u00eda salido de la CAPU con destino a Oaxaca.<\/strong><\/p>\n\n\n\n<p class=\"wp-block-paragraph\"><strong>\ud83d\udea8 El conductor no detuvo la marcha y continu\u00f3 hacia Tehuac\u00e1n.<\/strong><\/p>\n\n\n\n<p class=\"wp-block-paragraph\"><strong>\u26a0\ufe0f Hasta el momento no se reportan oficialmente personas lesionadas.<\/strong><\/p>\n\n\n\n<h3 class=\"wp-block-heading\">El ladrillo termin\u00f3 dentro del autob\u00fas<\/h3>\n\n\n\n<p class=\"wp-block-paragraph\">En el video difundido por uno de los pasajeros se observa un <strong>agujero en una de las ventanas frontales de la unidad<\/strong>.<\/p>\n\n\n\n<p class=\"wp-block-paragraph\">El ladrillo que habr\u00eda provocado el da\u00f1o qued\u00f3 dentro del autob\u00fas, en el pasillo, como evidencia de la fuerza con la que fue lanzado.<\/p>\n\n\n\n<p class=\"wp-block-paragraph\">Los pasajeros relataron que el objeto fue arrojado mientras el autob\u00fas circulaba por la autopista. Ante el temor de que se tratara de una maniobra para obligar al conductor a detenerse y posteriormente asaltar a los ocupantes, el chofer decidi\u00f3 mantener la marcha.<\/p>\n\n\n\n<p class=\"wp-block-paragraph\">La unidad continu\u00f3 su recorrido hacia Tehuac\u00e1n mientras en el interior los pasajeros permanec\u00edan en alerta.<\/p>\n\n\n\n<p class=\"wp-block-paragraph\">Hasta ahora <strong>no existe confirmaci\u00f3n oficial de personas lesionadas<\/strong> como consecuencia del impacto.<\/p>\n\n\n\n<h3 class=\"wp-block-heading\">Temor por ataques en la autopista<\/h3>\n\n\n\n<p class=\"wp-block-paragraph\">Los pasajeros se\u00f1alaron que el lanzamiento de piedras, ladrillos y otros objetos contra veh\u00edculos en movimiento representa un riesgo que va m\u00e1s all\u00e1 de un intento de robo.<\/p>\n\n\n\n<p class=\"wp-block-paragraph\">Un impacto contra el parabrisas o alguna ventana puede provocar que el conductor pierda el control, adem\u00e1s de poner en peligro directamente a quienes viajan dentro de la unidad.<\/p>\n\n\n\n<p class=\"wp-block-paragraph\">Los afectados tambi\u00e9n aseguraron que <strong>no ser\u00eda el primer episodio de este tipo en la zona<\/strong>, pues se\u00f1alaron que sujetos presuntamente utilizan objetos contundentes para intentar detener autobuses y posteriormente cometer asaltos.<\/p>\n\n\n\n<p class=\"wp-block-paragraph\">Sin embargo, estos antecedentes forman parte de los testimonios de los pasajeros y <strong>no han sido confirmados oficialmente por las autoridades<\/strong>.<\/p>\n\n\n\n<p class=\"wp-block-paragraph\">Si quieres seguir esta y otras notas de inter\u00e9s en tiempo real, \u00fanete a nuestro canal de WhatsApp: <a href=\"https:\/\/whatsapp.com\/channel\/0029Va5CSyuEQIalZaJWpX1h\">https:\/\/whatsapp.com\/channel\/0029Va5CSyuEQIalZaJWpX1h<\/a><\/p>\n\n\n\n<h3 class=\"wp-block-heading\">Piden mayor vigilancia<\/h3>\n\n\n\n<p class=\"wp-block-paragraph\">El hecho volvi\u00f3 a colocar bajo la lupa la seguridad en la autopista <strong>Cuacnopalan-Oaxaca<\/strong>, particularmente en el tramo cercano a Cuacnopalan y con direcci\u00f3n a Tehuac\u00e1n.<\/p>\n\n\n\n<p class=\"wp-block-paragraph\">Los pasajeros pidieron reforzar la vigilancia para evitar que este tipo de agresiones escale y termine provocando un accidente de mayores dimensiones.<\/p>\n\n\n\n<p class=\"wp-block-paragraph\">Por ahora, el autob\u00fas logr\u00f3 continuar su recorrido y los pasajeros llegaron a salvo. Pero la imagen del ladrillo dentro del pasillo deja una pregunta inc\u00f3moda: <strong>\u00bfcu\u00e1ntas veces puede un objeto lanzado desde la oscuridad no provocar una tragedia?<\/strong><\/p>\n\n\n\n<p class=\"wp-block-paragraph\">En una carretera donde cientos de personas viajan cada noche, la seguridad no deber\u00eda depender de que el conductor alcance a mantener el pie en el acelerador.<\/p>\n\n\n\n<p class=\"wp-block-paragraph\"><strong>Escrito por Redacci\u00f3n Puebla En L\u00ednea<\/strong><\/p>\n\n\n\n<ol class=\"wp-block-list\">\n<li><strong>VIDEO: lanzan ladrillo contra autob\u00fas de Puebla a Oaxaca; pasajeros temen intento de asalto<\/strong><\/li>\n\n\n\n<li><strong>\u00a1No se detuvo! Lanzan ladrillo contra autob\u00fas en la Cuacnopalan-Oaxaca<\/strong><\/li>\n\n\n\n<li><strong>Pasajeros viven momentos de tensi\u00f3n tras ataque contra autob\u00fas que viajaba de Puebla a Oaxaca<\/strong><\/li>\n\n\n\n<li><strong>Ladrillo atraviesa ventana de autob\u00fas que viajaba de Puebla a Oaxaca<\/strong><\/li>\n\n\n\n<li><strong>\u00bfIntento de asalto? Atacan con un ladrillo a autob\u00fas en la Cuacnopalan-Oaxaca<\/strong><\/li>\n<\/ol>\n\n\n\n<p class=\"wp-block-paragraph\"><\/p>\n","protected":false},"excerpt":{"rendered":"<p>El viaje hacia Oaxaca pudo terminar en tragedia. Un autob\u00fas que sali\u00f3 de la CAPU fue atacado con un ladrillo cuando circulaba por la autopista Cuacnopalan-Oaxaca, en un hecho que pasajeros interpretaron como un presunto intento de asalto. El incidente ocurri\u00f3 durante la madrugada del martes 1 de septiembre, aunque los pasajeros lo ubicaron inicialmente&#8230;<\/p>\n","protected":false},"author":10,"featured_media":134729,"comment_status":"closed","ping_status":"closed","sticky":false,"template":"","format":"standard","meta":{"footnotes":""},"categories":[24],"tags":[1396],"class_list":["post-134728","post","type-post","status-publish","format-standard","has-post-thumbnail","hentry","category-nota-roja","tag-virales"],"yoast_head":"<!-- This site is optimized with the Yoast SEO plugin v28.0 - https:\/\/yoast.com\/product\/yoast-seo-wordpress\/ -->\n<title>Lanzan ladrillo contra autob\u00fas que sali\u00f3 de Puebla rumbo a Oaxaca; pasajeros temen intento de asalto - Puebla En Linea<\/title>\n<meta name=\"description\" content=\"Lanzan ladrillo contra autob\u00fas que sali\u00f3 de Puebla rumbo a Oaxaca; pasajeros temen intento de asalto Nota Roja\" \/>\n<meta name=\"robots\" content=\"index, follow, max-snippet:-1, max-image-preview:large, max-video-preview:-1\" \/>\n<link rel=\"canonical\" href=\"https:\/\/pueblaenlinea.com\/2025\/nota-roja\/lanzan-ladrillo-contra-autobus-que-salio-de-puebla-rumbo-a-oaxaca-pasajeros-temen-intento-de-asalto\/\" \/>\n<meta property=\"og:locale\" content=\"es_MX\" \/>\n<meta property=\"og:type\" content=\"article\" \/>\n<meta property=\"og:title\" content=\"Lanzan ladrillo contra autob\u00fas que sali\u00f3 de Puebla rumbo a Oaxaca; pasajeros temen intento de asalto - Puebla En Linea\" \/>\n<meta property=\"og:description\" content=\"Lanzan ladrillo contra autob\u00fas que sali\u00f3 de Puebla rumbo a Oaxaca; pasajeros temen intento de asalto Nota Roja\" \/>\n<meta property=\"og:url\" content=\"https:\/\/pueblaenlinea.com\/2025\/nota-roja\/lanzan-ladrillo-contra-autobus-que-salio-de-puebla-rumbo-a-oaxaca-pasajeros-temen-intento-de-asalto\/\" \/>\n<meta property=\"og:site_name\" content=\"Puebla En Linea\" \/>\n<meta property=\"article:publisher\" content=\"https:\/\/www.facebook.com\/pueblaenlineacom\" \/>\n<meta property=\"article:published_time\" content=\"2026-09-01T17:57:13+00:00\" \/>\n<meta property=\"article:modified_time\" content=\"2026-09-01T17:57:14+00:00\" \/>\n<meta property=\"og:image\" content=\"https:\/\/pueblaenlinea.com\/2025\/wp-content\/uploads\/2026\/09\/PIEDRAS.jpg\" \/>\n\t<meta property=\"og:image:width\" content=\"1200\" \/>\n\t<meta property=\"og:image:height\" content=\"674\" \/>\n\t<meta property=\"og:image:type\" content=\"image\/jpeg\" \/>\n<meta name=\"author\" content=\"Jazmin Cardenas\" \/>\n<meta name=\"twitter:card\" content=\"summary_large_image\" \/>\n<meta name=\"twitter:label1\" content=\"Escrito por\" \/>\n\t<meta name=\"twitter:data1\" content=\"Jazmin Cardenas\" \/>\n\t<meta name=\"twitter:label2\" content=\"Tiempo de lectura\" \/>\n\t<meta name=\"twitter:data2\" content=\"3 minutos\" \/>\n<script type=\"application\/ld+json\" class=\"yoast-schema-graph\">{\"@context\":\"https:\\\/\\\/schema.org\",\"@graph\":[{\"@type\":\"Article\",\"@id\":\"https:\\\/\\\/pueblaenlinea.com\\\/2025\\\/nota-roja\\\/lanzan-ladrillo-contra-autobus-que-salio-de-puebla-rumbo-a-oaxaca-pasajeros-temen-intento-de-asalto\\\/#article\",\"isPartOf\":{\"@id\":\"https:\\\/\\\/pueblaenlinea.com\\\/2025\\\/nota-roja\\\/lanzan-ladrillo-contra-autobus-que-salio-de-puebla-rumbo-a-oaxaca-pasajeros-temen-intento-de-asalto\\\/\"},\"author\":{\"name\":\"Jazmin Cardenas\",\"@id\":\"https:\\\/\\\/pueblaenlinea.com\\\/2025\\\/#\\\/schema\\\/person\\\/21ecc830e083be84dbddd9a05208834f\"},\"headline\":\"Lanzan ladrillo contra autob\u00fas que sali\u00f3 de Puebla rumbo a Oaxaca; pasajeros temen intento de asalto\",\"datePublished\":\"2026-09-01T17:57:13+00:00\",\"dateModified\":\"2026-09-01T17:57:14+00:00\",\"mainEntityOfPage\":{\"@id\":\"https:\\\/\\\/pueblaenlinea.com\\\/2025\\\/nota-roja\\\/lanzan-ladrillo-contra-autobus-que-salio-de-puebla-rumbo-a-oaxaca-pasajeros-temen-intento-de-asalto\\\/\"},\"wordCount\":642,\"image\":{\"@id\":\"https:\\\/\\\/pueblaenlinea.com\\\/2025\\\/nota-roja\\\/lanzan-ladrillo-contra-autobus-que-salio-de-puebla-rumbo-a-oaxaca-pasajeros-temen-intento-de-asalto\\\/#primaryimage\"},\"thumbnailUrl\":\"https:\\\/\\\/pueblaenlinea.com\\\/2025\\\/wp-content\\\/uploads\\\/2026\\\/09\\\/PIEDRAS.jpg\",\"keywords\":[\"virales\"],\"articleSection\":[\"Nota Roja\"],\"inLanguage\":\"es\"},{\"@type\":\"WebPage\",\"@id\":\"https:\\\/\\\/pueblaenlinea.com\\\/2025\\\/nota-roja\\\/lanzan-ladrillo-contra-autobus-que-salio-de-puebla-rumbo-a-oaxaca-pasajeros-temen-intento-de-asalto\\\/\",\"url\":\"https:\\\/\\\/pueblaenlinea.com\\\/2025\\\/nota-roja\\\/lanzan-ladrillo-contra-autobus-que-salio-de-puebla-rumbo-a-oaxaca-pasajeros-temen-intento-de-asalto\\\/\",\"name\":\"Lanzan ladrillo contra autob\u00fas que sali\u00f3 de Puebla rumbo a Oaxaca; pasajeros temen intento de asalto - Puebla En Linea\",\"isPartOf\":{\"@id\":\"https:\\\/\\\/pueblaenlinea.com\\\/2025\\\/#website\"},\"primaryImageOfPage\":{\"@id\":\"https:\\\/\\\/pueblaenlinea.com\\\/2025\\\/nota-roja\\\/lanzan-ladrillo-contra-autobus-que-salio-de-puebla-rumbo-a-oaxaca-pasajeros-temen-intento-de-asalto\\\/#primaryimage\"},\"image\":{\"@id\":\"https:\\\/\\\/pueblaenlinea.com\\\/2025\\\/nota-roja\\\/lanzan-ladrillo-contra-autobus-que-salio-de-puebla-rumbo-a-oaxaca-pasajeros-temen-intento-de-asalto\\\/#primaryimage\"},\"thumbnailUrl\":\"https:\\\/\\\/pueblaenlinea.com\\\/2025\\\/wp-content\\\/uploads\\\/2026\\\/09\\\/PIEDRAS.jpg\",\"datePublished\":\"2026-09-01T17:57:13+00:00\",\"dateModified\":\"2026-09-01T17:57:14+00:00\",\"author\":{\"@id\":\"https:\\\/\\\/pueblaenlinea.com\\\/2025\\\/#\\\/schema\\\/person\\\/21ecc830e083be84dbddd9a05208834f\"},\"description\":\"Lanzan ladrillo contra autob\u00fas que sali\u00f3 de Puebla rumbo a Oaxaca; pasajeros temen intento de asalto Nota Roja\",\"breadcrumb\":{\"@id\":\"https:\\\/\\\/pueblaenlinea.com\\\/2025\\\/nota-roja\\\/lanzan-ladrillo-contra-autobus-que-salio-de-puebla-rumbo-a-oaxaca-pasajeros-temen-intento-de-asalto\\\/#breadcrumb\"},\"inLanguage\":\"es\",\"potentialAction\":[{\"@type\":\"ReadAction\",\"target\":[\"https:\\\/\\\/pueblaenlinea.com\\\/2025\\\/nota-roja\\\/lanzan-ladrillo-contra-autobus-que-salio-de-puebla-rumbo-a-oaxaca-pasajeros-temen-intento-de-asalto\\\/\"]}]},{\"@type\":\"ImageObject\",\"inLanguage\":\"es\",\"@id\":\"https:\\\/\\\/pueblaenlinea.com\\\/2025\\\/nota-roja\\\/lanzan-ladrillo-contra-autobus-que-salio-de-puebla-rumbo-a-oaxaca-pasajeros-temen-intento-de-asalto\\\/#primaryimage\",\"url\":\"https:\\\/\\\/pueblaenlinea.com\\\/2025\\\/wp-content\\\/uploads\\\/2026\\\/09\\\/PIEDRAS.jpg\",\"contentUrl\":\"https:\\\/\\\/pueblaenlinea.com\\\/2025\\\/wp-content\\\/uploads\\\/2026\\\/09\\\/PIEDRAS.jpg\",\"width\":1200,\"height\":674},{\"@type\":\"BreadcrumbList\",\"@id\":\"https:\\\/\\\/pueblaenlinea.com\\\/2025\\\/nota-roja\\\/lanzan-ladrillo-contra-autobus-que-salio-de-puebla-rumbo-a-oaxaca-pasajeros-temen-intento-de-asalto\\\/#breadcrumb\",\"itemListElement\":[{\"@type\":\"ListItem\",\"position\":1,\"name\":\"Inicio\",\"item\":\"https:\\\/\\\/pueblaenlinea.com\\\/2025\\\/\"},{\"@type\":\"ListItem\",\"position\":2,\"name\":\"Lanzan ladrillo contra autob\u00fas que sali\u00f3 de Puebla rumbo a Oaxaca; pasajeros temen intento de asalto\"}]},{\"@type\":\"WebSite\",\"@id\":\"https:\\\/\\\/pueblaenlinea.com\\\/2025\\\/#website\",\"url\":\"https:\\\/\\\/pueblaenlinea.com\\\/2025\\\/\",\"name\":\"Puebla En Linea\",\"description\":\"noticias de puebla, periodismo serio y comprometido.\",\"potentialAction\":[{\"@type\":\"SearchAction\",\"target\":{\"@type\":\"EntryPoint\",\"urlTemplate\":\"https:\\\/\\\/pueblaenlinea.com\\\/2025\\\/?s={search_term_string}\"},\"query-input\":{\"@type\":\"PropertyValueSpecification\",\"valueRequired\":true,\"valueName\":\"search_term_string\"}}],\"inLanguage\":\"es\"},{\"@type\":\"Person\",\"@id\":\"https:\\\/\\\/pueblaenlinea.com\\\/2025\\\/#\\\/schema\\\/person\\\/21ecc830e083be84dbddd9a05208834f\",\"name\":\"Jazmin Cardenas\",\"image\":{\"@type\":\"ImageObject\",\"inLanguage\":\"es\",\"@id\":\"https:\\\/\\\/pueblaenlinea.com\\\/2025\\\/wp-content\\\/litespeed\\\/avatar\\\/9d7ab062f41a13d0af53522b39daf76f.jpg?ver=1788194722\",\"url\":\"https:\\\/\\\/pueblaenlinea.com\\\/2025\\\/wp-content\\\/litespeed\\\/avatar\\\/9d7ab062f41a13d0af53522b39daf76f.jpg?ver=1788194722\",\"contentUrl\":\"https:\\\/\\\/pueblaenlinea.com\\\/2025\\\/wp-content\\\/litespeed\\\/avatar\\\/9d7ab062f41a13d0af53522b39daf76f.jpg?ver=1788194722\",\"caption\":\"Jazmin Cardenas\"},\"url\":\"https:\\\/\\\/pueblaenlinea.com\\\/2025\\\/author\\\/jaz-pel\\\/\"}]}<\/script>\n<!-- \/ Yoast SEO plugin. -->","yoast_head_json":{"title":"Lanzan ladrillo contra autob\u00fas que sali\u00f3 de Puebla rumbo a Oaxaca; pasajeros temen intento de asalto - Puebla En Linea","description":"Lanzan ladrillo contra autob\u00fas que sali\u00f3 de Puebla rumbo a Oaxaca; pasajeros temen intento de asalto Nota Roja","robots":{"index":"index","follow":"follow","max-snippet":"max-snippet:-1","max-image-preview":"max-image-preview:large","max-video-preview":"max-video-preview:-1"},"canonical":"https:\/\/pueblaenlinea.com\/2025\/nota-roja\/lanzan-ladrillo-contra-autobus-que-salio-de-puebla-rumbo-a-oaxaca-pasajeros-temen-intento-de-asalto\/","og_locale":"es_MX","og_type":"article","og_title":"Lanzan ladrillo contra autob\u00fas que sali\u00f3 de Puebla rumbo a Oaxaca; pasajeros temen intento de asalto - Puebla En Linea","og_description":"Lanzan ladrillo contra autob\u00fas que sali\u00f3 de Puebla rumbo a Oaxaca; pasajeros temen intento de asalto Nota Roja","og_url":"https:\/\/pueblaenlinea.com\/2025\/nota-roja\/lanzan-ladrillo-contra-autobus-que-salio-de-puebla-rumbo-a-oaxaca-pasajeros-temen-intento-de-asalto\/","og_site_name":"Puebla En Linea","article_publisher":"https:\/\/www.facebook.com\/pueblaenlineacom","article_published_time":"2026-09-01T17:57:13+00:00","article_modified_time":"2026-09-01T17:57:14+00:00","og_image":[{"width":1200,"height":674,"url":"https:\/\/pueblaenlinea.com\/2025\/wp-content\/uploads\/2026\/09\/PIEDRAS.jpg","type":"image\/jpeg"}],"author":"Jazmin Cardenas","twitter_card":"summary_large_image","twitter_misc":{"Escrito por":"Jazmin Cardenas","Tiempo de lectura":"3 minutos"},"schema":{"@context":"https:\/\/schema.org","@graph":[{"@type":"Article","@id":"https:\/\/pueblaenlinea.com\/2025\/nota-roja\/lanzan-ladrillo-contra-autobus-que-salio-de-puebla-rumbo-a-oaxaca-pasajeros-temen-intento-de-asalto\/#article","isPartOf":{"@id":"https:\/\/pueblaenlinea.com\/2025\/nota-roja\/lanzan-ladrillo-contra-autobus-que-salio-de-puebla-rumbo-a-oaxaca-pasajeros-temen-intento-de-asalto\/"},"author":{"name":"Jazmin Cardenas","@id":"https:\/\/pueblaenlinea.com\/2025\/#\/schema\/person\/21ecc830e083be84dbddd9a05208834f"},"headline":"Lanzan ladrillo contra autob\u00fas que sali\u00f3 de Puebla rumbo a Oaxaca; pasajeros temen intento de asalto","datePublished":"2026-09-01T17:57:13+00:00","dateModified":"2026-09-01T17:57:14+00:00","mainEntityOfPage":{"@id":"https:\/\/pueblaenlinea.com\/2025\/nota-roja\/lanzan-ladrillo-contra-autobus-que-salio-de-puebla-rumbo-a-oaxaca-pasajeros-temen-intento-de-asalto\/"},"wordCount":642,"image":{"@id":"https:\/\/pueblaenlinea.com\/2025\/nota-roja\/lanzan-ladrillo-contra-autobus-que-salio-de-puebla-rumbo-a-oaxaca-pasajeros-temen-intento-de-asalto\/#primaryimage"},"thumbnailUrl":"https:\/\/pueblaenlinea.com\/2025\/wp-content\/uploads\/2026\/09\/PIEDRAS.jpg","keywords":["virales"],"articleSection":["Nota Roja"],"inLanguage":"es"},{"@type":"WebPage","@id":"https:\/\/pueblaenlinea.com\/2025\/nota-roja\/lanzan-ladrillo-contra-autobus-que-salio-de-puebla-rumbo-a-oaxaca-pasajeros-temen-intento-de-asalto\/","url":"https:\/\/pueblaenlinea.com\/2025\/nota-roja\/lanzan-ladrillo-contra-autobus-que-salio-de-puebla-rumbo-a-oaxaca-pasajeros-temen-intento-de-asalto\/","name":"Lanzan ladrillo contra autob\u00fas que sali\u00f3 de Puebla rumbo a Oaxaca; pasajeros temen intento de asalto - Puebla En Linea","isPartOf":{"@id":"https:\/\/pueblaenlinea.com\/2025\/#website"},"primaryImageOfPage":{"@id":"https:\/\/pueblaenlinea.com\/2025\/nota-roja\/lanzan-ladrillo-contra-autobus-que-salio-de-puebla-rumbo-a-oaxaca-pasajeros-temen-intento-de-asalto\/#primaryimage"},"image":{"@id":"https:\/\/pueblaenlinea.com\/2025\/nota-roja\/lanzan-ladrillo-contra-autobus-que-salio-de-puebla-rumbo-a-oaxaca-pasajeros-temen-intento-de-asalto\/#primaryimage"},"thumbnailUrl":"https:\/\/pueblaenlinea.com\/2025\/wp-content\/uploads\/2026\/09\/PIEDRAS.jpg","datePublished":"2026-09-01T17:57:13+00:00","dateModified":"2026-09-01T17:57:14+00:00","author":{"@id":"https:\/\/pueblaenlinea.com\/2025\/#\/schema\/person\/21ecc830e083be84dbddd9a05208834f"},"description":"Lanzan ladrillo contra autob\u00fas que sali\u00f3 de Puebla rumbo a Oaxaca; pasajeros temen intento de asalto Nota Roja","breadcrumb":{"@id":"https:\/\/pueblaenlinea.com\/2025\/nota-roja\/lanzan-ladrillo-contra-autobus-que-salio-de-puebla-rumbo-a-oaxaca-pasajeros-temen-intento-de-asalto\/#breadcrumb"},"inLanguage":"es","potentialAction":[{"@type":"ReadAction","target":["https:\/\/pueblaenlinea.com\/2025\/nota-roja\/lanzan-ladrillo-contra-autobus-que-salio-de-puebla-rumbo-a-oaxaca-pasajeros-temen-intento-de-asalto\/"]}]},{"@type":"ImageObject","inLanguage":"es","@id":"https:\/\/pueblaenlinea.com\/2025\/nota-roja\/lanzan-ladrillo-contra-autobus-que-salio-de-puebla-rumbo-a-oaxaca-pasajeros-temen-intento-de-asalto\/#primaryimage","url":"https:\/\/pueblaenlinea.com\/2025\/wp-content\/uploads\/2026\/09\/PIEDRAS.jpg","contentUrl":"https:\/\/pueblaenlinea.com\/2025\/wp-content\/uploads\/2026\/09\/PIEDRAS.jpg","width":1200,"height":674},{"@type":"BreadcrumbList","@id":"https:\/\/pueblaenlinea.com\/2025\/nota-roja\/lanzan-ladrillo-contra-autobus-que-salio-de-puebla-rumbo-a-oaxaca-pasajeros-temen-intento-de-asalto\/#breadcrumb","itemListElement":[{"@type":"ListItem","position":1,"name":"Inicio","item":"https:\/\/pueblaenlinea.com\/2025\/"},{"@type":"ListItem","position":2,"name":"Lanzan ladrillo contra autob\u00fas que sali\u00f3 de Puebla rumbo a Oaxaca; pasajeros temen intento de asalto"}]},{"@type":"WebSite","@id":"https:\/\/pueblaenlinea.com\/2025\/#website","url":"https:\/\/pueblaenlinea.com\/2025\/","name":"Puebla En Linea","description":"noticias de puebla, periodismo serio y comprometido.","potentialAction":[{"@type":"SearchAction","target":{"@type":"EntryPoint","urlTemplate":"https:\/\/pueblaenlinea.com\/2025\/?s={search_term_string}"},"query-input":{"@type":"PropertyValueSpecification","valueRequired":true,"valueName":"search_term_string"}}],"inLanguage":"es"},{"@type":"Person","@id":"https:\/\/pueblaenlinea.com\/2025\/#\/schema\/person\/21ecc830e083be84dbddd9a05208834f","name":"Jazmin Cardenas","image":{"@type":"ImageObject","inLanguage":"es","@id":"https:\/\/pueblaenlinea.com\/2025\/wp-content\/litespeed\/avatar\/9d7ab062f41a13d0af53522b39daf76f.jpg?ver=1788194722","url":"https:\/\/pueblaenlinea.com\/2025\/wp-content\/litespeed\/avatar\/9d7ab062f41a13d0af53522b39daf76f.jpg?ver=1788194722","contentUrl":"https:\/\/pueblaenlinea.com\/2025\/wp-content\/litespeed\/avatar\/9d7ab062f41a13d0af53522b39daf76f.jpg?ver=1788194722","caption":"Jazmin Cardenas"},"url":"https:\/\/pueblaenlinea.com\/2025\/author\/jaz-pel\/"}]}},"_links":{"self":[{"href":"https:\/\/pueblaenlinea.com\/2025\/wp-json\/wp\/v2\/posts\/134728","targetHints":{"allow":["GET"]}}],"collection":[{"href":"https:\/\/pueblaenlinea.com\/2025\/wp-json\/wp\/v2\/posts"}],"about":[{"href":"https:\/\/pueblaenlinea.com\/2025\/wp-json\/wp\/v2\/types\/post"}],"author":[{"embeddable":true,"href":"https:\/\/pueblaenlinea.com\/2025\/wp-json\/wp\/v2\/users\/10"}],"replies":[{"embeddable":true,"href":"https:\/\/pueblaenlinea.com\/2025\/wp-json\/wp\/v2\/comments?post=134728"}],"version-history":[{"count":0,"href":"https:\/\/pueblaenlinea.com\/2025\/wp-json\/wp\/v2\/posts\/134728\/revisions"}],"wp:featuredmedia":[{"embeddable":true,"href":"https:\/\/pueblaenlinea.com\/2025\/wp-json\/wp\/v2\/media\/134729"}],"wp:attachment":[{"href":"https:\/\/pueblaenlinea.com\/2025\/wp-json\/wp\/v2\/media?parent=134728"}],"wp:term":[{"taxonomy":"category","embeddable":true,"href":"https:\/\/pueblaenlinea.com\/2025\/wp-json\/wp\/v2\/categories?post=134728"},{"taxonomy":"post_tag","embeddable":true,"href":"https:\/\/pueblaenlinea.com\/2025\/wp-json\/wp\/v2\/tags?post=134728"}],"curies":[{"name":"wp","href":"https:\/\/api.w.org\/{rel}","templated":true}]}}