{"id":134722,"date":"2026-09-01T09:57:04","date_gmt":"2026-09-01T15:57:04","guid":{"rendered":"https:\/\/pueblaenlinea.com\/2025\/?p=134722"},"modified":"2026-09-01T09:57:04","modified_gmt":"2026-09-01T15:57:04","slug":"armenta-y-chedraui-dan-el-banderazo-a-las-fiestas-patrias-2026-en-puebla","status":"publish","type":"post","link":"https:\/\/pueblaenlinea.com\/2025\/capital\/armenta-y-chedraui-dan-el-banderazo-a-las-fiestas-patrias-2026-en-puebla\/","title":{"rendered":"Armenta y Chedraui dan el banderazo a las Fiestas Patrias 2026 en Puebla"},"content":{"rendered":"\n<p class=\"wp-block-paragraph\"><strong>Septiembre comenz\u00f3 oficialmente en Puebla con banderas, protocolo y un mensaje pol\u00edtico que acompa\u00f1ar\u00e1 todo el mes: coordinaci\u00f3n entre los gobiernos estatal y municipal.<\/strong> El gobernador Alejandro Armenta y el alcalde Pepe Chedraui colocaron este martes el Bando Solemne de las Fiestas Patrias 2026 en el Palacio Municipal.<\/p>\n\n\n\n<p class=\"wp-block-paragraph\">La ceremonia marc\u00f3 el inicio formal de las actividades conmemorativas por el <strong>216 aniversario de la Independencia de M\u00e9xico<\/strong>, con una agenda que contempla ceremonias c\u00edvicas y homenajes a personajes fundamentales de la historia nacional.<\/p>\n\n\n\n<p class=\"wp-block-paragraph\"><strong>\ud83c\uddf2\ud83c\uddfd El Bando Solemne fue colocado en la entrada del Palacio Municipal.<\/strong><\/p>\n\n\n\n<p class=\"wp-block-paragraph\"><strong>\ud83c\udfdb\ufe0f Armenta y Chedraui encabezaron la ceremonia en el Z\u00f3calo de Puebla.<\/strong><\/p>\n\n\n\n<p class=\"wp-block-paragraph\"><strong>\ud83e\udee1 El alcalde realiz\u00f3 la primera guardia de honor ante el L\u00e1baro Patrio.<\/strong><\/p>\n\n\n\n<p class=\"wp-block-paragraph\"><strong>\ud83d\udcc5 Septiembre tendr\u00e1 ceremonias por aniversarios hist\u00f3ricos y fechas patrias.<\/strong><\/p>\n\n\n\n<h3 class=\"wp-block-heading\">Un septiembre con mensaje pol\u00edtico<\/h3>\n\n\n\n<p class=\"wp-block-paragraph\">Durante la lectura del Bando Solemne, Pepe Chedraui sostuvo que la Independencia de M\u00e9xico no debe entenderse \u00fanicamente como una sucesi\u00f3n de batallas, nombres y fechas, sino como una decisi\u00f3n colectiva para transformar una realidad que ya no respond\u00eda a las aspiraciones de la sociedad.<\/p>\n\n\n\n<p class=\"wp-block-paragraph\">El discurso tambi\u00e9n tuvo una lectura hacia el presente.<\/p>\n\n\n\n<p class=\"wp-block-paragraph\">El presidente municipal destac\u00f3 la importancia de mantener la coordinaci\u00f3n entre los tres \u00f3rdenes de gobierno y afirm\u00f3 que el di\u00e1logo y el trabajo conjunto deben permanecer en el centro de la actividad gubernamental.<\/p>\n\n\n\n<p class=\"wp-block-paragraph\">En ese contexto, Chedraui reconoci\u00f3 el liderazgo de la presidenta <strong>Claudia Sheinbaum<\/strong> y la coordinaci\u00f3n con el gobernador Alejandro Armenta para impulsar acciones en favor de Puebla.<\/p>\n\n\n\n<p class=\"wp-block-paragraph\">La ceremonia, por tanto, tuvo dos escenarios: el hist\u00f3rico, con el recuerdo de la Independencia, y el pol\u00edtico, con dos gobiernos que buscan mostrar unidad frente a los retos de la capital poblana.<\/p>\n\n\n\n<h3 class=\"wp-block-heading\">El calendario patrio de Puebla<\/h3>\n\n\n\n<p class=\"wp-block-paragraph\">Despu\u00e9s de la lectura del Bando Solemne, realizada en el Z\u00f3calo, Chedraui encabez\u00f3 la primera guardia de honor ante el L\u00e1baro Patrio en el Palacio Municipal.<\/p>\n\n\n\n<p class=\"wp-block-paragraph\">El programa contempla, entre otras actividades, ceremonias conmemorativas por el <strong>164 aniversario luctuoso del general Ignacio Zaragoza<\/strong>, el <strong>240 aniversario del natalicio de Nicol\u00e1s Bravo<\/strong>, el <strong>179 aniversario de la gesta heroica de los Ni\u00f1os H\u00e9roes de Chapultepec<\/strong>, as\u00ed como los aniversarios del Grito de Independencia de 1810 y de la Independencia de M\u00e9xico.<\/p>\n\n\n\n<p class=\"wp-block-paragraph\">Tambi\u00e9n se conmemorar\u00e1 el <strong>205 aniversario de la Consumaci\u00f3n de la Independencia<\/strong> y el <strong>261 aniversario del natalicio de Jos\u00e9 Mar\u00eda Morelos y Pav\u00f3n<\/strong>.<\/p>\n\n\n\n<p class=\"wp-block-paragraph\">Si quieres seguir esta y otras notas de inter\u00e9s en tiempo real, \u00fanete a nuestro canal de WhatsApp: <a href=\"https:\/\/whatsapp.com\/channel\/0029Va5CSyuEQIalZaJWpX1h\">https:\/\/whatsapp.com\/channel\/0029Va5CSyuEQIalZaJWpX1h<\/a><\/p>\n\n\n\n<h3 class=\"wp-block-heading\">El Bando Solemne recorrer\u00e1 las sedes de gobierno<\/h3>\n\n\n\n<p class=\"wp-block-paragraph\">La jornada no termin\u00f3 en el Palacio Municipal.<\/p>\n\n\n\n<p class=\"wp-block-paragraph\">Pepe Chedraui acompa\u00f1\u00f3 a representantes de los poderes <strong>Ejecutivo, Legislativo y Judicial<\/strong> durante la colocaci\u00f3n del Bando Solemne en distintos edificios p\u00fablicos, entre ellos el Palacio de Justicia, el Congreso del Estado y Casa Aguayo.<\/p>\n\n\n\n<p class=\"wp-block-paragraph\">As\u00ed comienza en Puebla un septiembre cargado de s\u00edmbolos nacionales, ceremonias y memoria hist\u00f3rica. La Independencia se recuerda cada a\u00f1o con la misma bandera, pero cada administraci\u00f3n aprovecha las fechas para dejar tambi\u00e9n su propio mensaje sobre el presente.<\/p>\n\n\n\n<p class=\"wp-block-paragraph\">Este 2026, ese mensaje qued\u00f3 claro desde el primer d\u00eda: <strong>coordinaci\u00f3n, cercan\u00eda y trabajo conjunto entre los gobiernos estatal y municipal<\/strong>.<\/p>\n\n\n\n<p class=\"wp-block-paragraph\"><strong>Escrito por Redacci\u00f3n Puebla En L\u00ednea<\/strong><\/p>\n\n\n\n<ol class=\"wp-block-list\">\n<li><strong>\u00a1Viva M\u00e9xico! Armenta y Chedraui arrancan las Fiestas Patrias 2026 en Puebla<\/strong><\/li>\n\n\n\n<li><strong>Septiembre ya comenz\u00f3 en Puebla: colocan el Bando Solemne de las Fiestas Patrias<\/strong><\/li>\n\n\n\n<li><strong>Armenta y Chedraui encabezan ceremonia que marca el inicio del mes patrio<\/strong><\/li>\n\n\n\n<li><strong>Banderas, historia y pol\u00edtica: as\u00ed arrancaron las Fiestas Patrias en Puebla<\/strong><\/li>\n\n\n\n<li><strong>\u00bfQu\u00e9 actividades habr\u00e1 en Puebla durante septiembre? Ya colocaron el Bando Solemne<\/strong><\/li>\n<\/ol>\n\n\n\n<p class=\"wp-block-paragraph\"><\/p>\n","protected":false},"excerpt":{"rendered":"<p>Septiembre comenz\u00f3 oficialmente en Puebla con banderas, protocolo y un mensaje pol\u00edtico que acompa\u00f1ar\u00e1 todo el mes: coordinaci\u00f3n entre los gobiernos estatal y municipal. El gobernador Alejandro Armenta y el alcalde Pepe Chedraui colocaron este martes el Bando Solemne de las Fiestas Patrias 2026 en el Palacio Municipal. La ceremonia marc\u00f3 el inicio formal de&#8230;<\/p>\n","protected":false},"author":10,"featured_media":134723,"comment_status":"closed","ping_status":"closed","sticky":false,"template":"","format":"standard","meta":{"footnotes":""},"categories":[3],"tags":[1386],"class_list":["post-134722","post","type-post","status-publish","format-standard","has-post-thumbnail","hentry","category-capital","tag-puebla"],"yoast_head":"<!-- This site is optimized with the Yoast SEO plugin v28.0 - https:\/\/yoast.com\/product\/yoast-seo-wordpress\/ -->\n<title>Armenta y Chedraui dan el banderazo a las Fiestas Patrias 2026 en Puebla - Puebla En Linea<\/title>\n<meta name=\"description\" content=\"Armenta y Chedraui dan el banderazo a las Fiestas Patrias 2026 en Puebla Capital\" \/>\n<meta name=\"robots\" content=\"index, follow, max-snippet:-1, max-image-preview:large, max-video-preview:-1\" \/>\n<link rel=\"canonical\" href=\"https:\/\/pueblaenlinea.com\/2025\/capital\/armenta-y-chedraui-dan-el-banderazo-a-las-fiestas-patrias-2026-en-puebla\/\" \/>\n<meta property=\"og:locale\" content=\"es_MX\" \/>\n<meta property=\"og:type\" content=\"article\" \/>\n<meta property=\"og:title\" content=\"Armenta y Chedraui dan el banderazo a las Fiestas Patrias 2026 en Puebla - Puebla En Linea\" \/>\n<meta property=\"og:description\" content=\"Armenta y Chedraui dan el banderazo a las Fiestas Patrias 2026 en Puebla Capital\" \/>\n<meta property=\"og:url\" content=\"https:\/\/pueblaenlinea.com\/2025\/capital\/armenta-y-chedraui-dan-el-banderazo-a-las-fiestas-patrias-2026-en-puebla\/\" \/>\n<meta property=\"og:site_name\" content=\"Puebla En Linea\" \/>\n<meta property=\"article:publisher\" content=\"https:\/\/www.facebook.com\/pueblaenlineacom\" \/>\n<meta property=\"article:published_time\" content=\"2026-09-01T15:57:04+00:00\" \/>\n<meta property=\"og:image\" content=\"https:\/\/pueblaenlinea.com\/2025\/wp-content\/uploads\/2026\/09\/pepeyarmenta.jpg\" \/>\n\t<meta property=\"og:image:width\" content=\"1200\" \/>\n\t<meta property=\"og:image:height\" content=\"674\" \/>\n\t<meta property=\"og:image:type\" content=\"image\/jpeg\" \/>\n<meta name=\"author\" content=\"Jazmin Cardenas\" \/>\n<meta name=\"twitter:card\" content=\"summary_large_image\" \/>\n<meta name=\"twitter:label1\" content=\"Escrito por\" \/>\n\t<meta name=\"twitter:data1\" content=\"Jazmin Cardenas\" \/>\n\t<meta name=\"twitter:label2\" content=\"Tiempo de lectura\" \/>\n\t<meta name=\"twitter:data2\" content=\"3 minutos\" \/>\n<script type=\"application\/ld+json\" class=\"yoast-schema-graph\">{\"@context\":\"https:\\\/\\\/schema.org\",\"@graph\":[{\"@type\":\"Article\",\"@id\":\"https:\\\/\\\/pueblaenlinea.com\\\/2025\\\/capital\\\/armenta-y-chedraui-dan-el-banderazo-a-las-fiestas-patrias-2026-en-puebla\\\/#article\",\"isPartOf\":{\"@id\":\"https:\\\/\\\/pueblaenlinea.com\\\/2025\\\/capital\\\/armenta-y-chedraui-dan-el-banderazo-a-las-fiestas-patrias-2026-en-puebla\\\/\"},\"author\":{\"name\":\"Jazmin Cardenas\",\"@id\":\"https:\\\/\\\/pueblaenlinea.com\\\/2025\\\/#\\\/schema\\\/person\\\/21ecc830e083be84dbddd9a05208834f\"},\"headline\":\"Armenta y Chedraui dan el banderazo a las Fiestas Patrias 2026 en Puebla\",\"datePublished\":\"2026-09-01T15:57:04+00:00\",\"mainEntityOfPage\":{\"@id\":\"https:\\\/\\\/pueblaenlinea.com\\\/2025\\\/capital\\\/armenta-y-chedraui-dan-el-banderazo-a-las-fiestas-patrias-2026-en-puebla\\\/\"},\"wordCount\":637,\"image\":{\"@id\":\"https:\\\/\\\/pueblaenlinea.com\\\/2025\\\/capital\\\/armenta-y-chedraui-dan-el-banderazo-a-las-fiestas-patrias-2026-en-puebla\\\/#primaryimage\"},\"thumbnailUrl\":\"https:\\\/\\\/pueblaenlinea.com\\\/2025\\\/wp-content\\\/uploads\\\/2026\\\/09\\\/pepeyarmenta.jpg\",\"keywords\":[\"Puebla\"],\"articleSection\":[\"Capital\"],\"inLanguage\":\"es\"},{\"@type\":\"WebPage\",\"@id\":\"https:\\\/\\\/pueblaenlinea.com\\\/2025\\\/capital\\\/armenta-y-chedraui-dan-el-banderazo-a-las-fiestas-patrias-2026-en-puebla\\\/\",\"url\":\"https:\\\/\\\/pueblaenlinea.com\\\/2025\\\/capital\\\/armenta-y-chedraui-dan-el-banderazo-a-las-fiestas-patrias-2026-en-puebla\\\/\",\"name\":\"Armenta y Chedraui dan el banderazo a las Fiestas Patrias 2026 en Puebla - Puebla En Linea\",\"isPartOf\":{\"@id\":\"https:\\\/\\\/pueblaenlinea.com\\\/2025\\\/#website\"},\"primaryImageOfPage\":{\"@id\":\"https:\\\/\\\/pueblaenlinea.com\\\/2025\\\/capital\\\/armenta-y-chedraui-dan-el-banderazo-a-las-fiestas-patrias-2026-en-puebla\\\/#primaryimage\"},\"image\":{\"@id\":\"https:\\\/\\\/pueblaenlinea.com\\\/2025\\\/capital\\\/armenta-y-chedraui-dan-el-banderazo-a-las-fiestas-patrias-2026-en-puebla\\\/#primaryimage\"},\"thumbnailUrl\":\"https:\\\/\\\/pueblaenlinea.com\\\/2025\\\/wp-content\\\/uploads\\\/2026\\\/09\\\/pepeyarmenta.jpg\",\"datePublished\":\"2026-09-01T15:57:04+00:00\",\"author\":{\"@id\":\"https:\\\/\\\/pueblaenlinea.com\\\/2025\\\/#\\\/schema\\\/person\\\/21ecc830e083be84dbddd9a05208834f\"},\"description\":\"Armenta y Chedraui dan el banderazo a las Fiestas Patrias 2026 en Puebla Capital\",\"breadcrumb\":{\"@id\":\"https:\\\/\\\/pueblaenlinea.com\\\/2025\\\/capital\\\/armenta-y-chedraui-dan-el-banderazo-a-las-fiestas-patrias-2026-en-puebla\\\/#breadcrumb\"},\"inLanguage\":\"es\",\"potentialAction\":[{\"@type\":\"ReadAction\",\"target\":[\"https:\\\/\\\/pueblaenlinea.com\\\/2025\\\/capital\\\/armenta-y-chedraui-dan-el-banderazo-a-las-fiestas-patrias-2026-en-puebla\\\/\"]}]},{\"@type\":\"ImageObject\",\"inLanguage\":\"es\",\"@id\":\"https:\\\/\\\/pueblaenlinea.com\\\/2025\\\/capital\\\/armenta-y-chedraui-dan-el-banderazo-a-las-fiestas-patrias-2026-en-puebla\\\/#primaryimage\",\"url\":\"https:\\\/\\\/pueblaenlinea.com\\\/2025\\\/wp-content\\\/uploads\\\/2026\\\/09\\\/pepeyarmenta.jpg\",\"contentUrl\":\"https:\\\/\\\/pueblaenlinea.com\\\/2025\\\/wp-content\\\/uploads\\\/2026\\\/09\\\/pepeyarmenta.jpg\",\"width\":1200,\"height\":674},{\"@type\":\"BreadcrumbList\",\"@id\":\"https:\\\/\\\/pueblaenlinea.com\\\/2025\\\/capital\\\/armenta-y-chedraui-dan-el-banderazo-a-las-fiestas-patrias-2026-en-puebla\\\/#breadcrumb\",\"itemListElement\":[{\"@type\":\"ListItem\",\"position\":1,\"name\":\"Inicio\",\"item\":\"https:\\\/\\\/pueblaenlinea.com\\\/2025\\\/\"},{\"@type\":\"ListItem\",\"position\":2,\"name\":\"Armenta y Chedraui dan el banderazo a las Fiestas Patrias 2026 en Puebla\"}]},{\"@type\":\"WebSite\",\"@id\":\"https:\\\/\\\/pueblaenlinea.com\\\/2025\\\/#website\",\"url\":\"https:\\\/\\\/pueblaenlinea.com\\\/2025\\\/\",\"name\":\"Puebla En Linea\",\"description\":\"noticias de puebla, periodismo serio y comprometido.\",\"potentialAction\":[{\"@type\":\"SearchAction\",\"target\":{\"@type\":\"EntryPoint\",\"urlTemplate\":\"https:\\\/\\\/pueblaenlinea.com\\\/2025\\\/?s={search_term_string}\"},\"query-input\":{\"@type\":\"PropertyValueSpecification\",\"valueRequired\":true,\"valueName\":\"search_term_string\"}}],\"inLanguage\":\"es\"},{\"@type\":\"Person\",\"@id\":\"https:\\\/\\\/pueblaenlinea.com\\\/2025\\\/#\\\/schema\\\/person\\\/21ecc830e083be84dbddd9a05208834f\",\"name\":\"Jazmin Cardenas\",\"image\":{\"@type\":\"ImageObject\",\"inLanguage\":\"es\",\"@id\":\"https:\\\/\\\/pueblaenlinea.com\\\/2025\\\/wp-content\\\/litespeed\\\/avatar\\\/9d7ab062f41a13d0af53522b39daf76f.jpg?ver=1788194722\",\"url\":\"https:\\\/\\\/pueblaenlinea.com\\\/2025\\\/wp-content\\\/litespeed\\\/avatar\\\/9d7ab062f41a13d0af53522b39daf76f.jpg?ver=1788194722\",\"contentUrl\":\"https:\\\/\\\/pueblaenlinea.com\\\/2025\\\/wp-content\\\/litespeed\\\/avatar\\\/9d7ab062f41a13d0af53522b39daf76f.jpg?ver=1788194722\",\"caption\":\"Jazmin Cardenas\"},\"url\":\"https:\\\/\\\/pueblaenlinea.com\\\/2025\\\/author\\\/jaz-pel\\\/\"}]}<\/script>\n<!-- \/ Yoast SEO plugin. -->","yoast_head_json":{"title":"Armenta y Chedraui dan el banderazo a las Fiestas Patrias 2026 en Puebla - Puebla En Linea","description":"Armenta y Chedraui dan el banderazo a las Fiestas Patrias 2026 en Puebla Capital","robots":{"index":"index","follow":"follow","max-snippet":"max-snippet:-1","max-image-preview":"max-image-preview:large","max-video-preview":"max-video-preview:-1"},"canonical":"https:\/\/pueblaenlinea.com\/2025\/capital\/armenta-y-chedraui-dan-el-banderazo-a-las-fiestas-patrias-2026-en-puebla\/","og_locale":"es_MX","og_type":"article","og_title":"Armenta y Chedraui dan el banderazo a las Fiestas Patrias 2026 en Puebla - Puebla En Linea","og_description":"Armenta y Chedraui dan el banderazo a las Fiestas Patrias 2026 en Puebla Capital","og_url":"https:\/\/pueblaenlinea.com\/2025\/capital\/armenta-y-chedraui-dan-el-banderazo-a-las-fiestas-patrias-2026-en-puebla\/","og_site_name":"Puebla En Linea","article_publisher":"https:\/\/www.facebook.com\/pueblaenlineacom","article_published_time":"2026-09-01T15:57:04+00:00","og_image":[{"width":1200,"height":674,"url":"https:\/\/pueblaenlinea.com\/2025\/wp-content\/uploads\/2026\/09\/pepeyarmenta.jpg","type":"image\/jpeg"}],"author":"Jazmin Cardenas","twitter_card":"summary_large_image","twitter_misc":{"Escrito por":"Jazmin Cardenas","Tiempo de lectura":"3 minutos"},"schema":{"@context":"https:\/\/schema.org","@graph":[{"@type":"Article","@id":"https:\/\/pueblaenlinea.com\/2025\/capital\/armenta-y-chedraui-dan-el-banderazo-a-las-fiestas-patrias-2026-en-puebla\/#article","isPartOf":{"@id":"https:\/\/pueblaenlinea.com\/2025\/capital\/armenta-y-chedraui-dan-el-banderazo-a-las-fiestas-patrias-2026-en-puebla\/"},"author":{"name":"Jazmin Cardenas","@id":"https:\/\/pueblaenlinea.com\/2025\/#\/schema\/person\/21ecc830e083be84dbddd9a05208834f"},"headline":"Armenta y Chedraui dan el banderazo a las Fiestas Patrias 2026 en Puebla","datePublished":"2026-09-01T15:57:04+00:00","mainEntityOfPage":{"@id":"https:\/\/pueblaenlinea.com\/2025\/capital\/armenta-y-chedraui-dan-el-banderazo-a-las-fiestas-patrias-2026-en-puebla\/"},"wordCount":637,"image":{"@id":"https:\/\/pueblaenlinea.com\/2025\/capital\/armenta-y-chedraui-dan-el-banderazo-a-las-fiestas-patrias-2026-en-puebla\/#primaryimage"},"thumbnailUrl":"https:\/\/pueblaenlinea.com\/2025\/wp-content\/uploads\/2026\/09\/pepeyarmenta.jpg","keywords":["Puebla"],"articleSection":["Capital"],"inLanguage":"es"},{"@type":"WebPage","@id":"https:\/\/pueblaenlinea.com\/2025\/capital\/armenta-y-chedraui-dan-el-banderazo-a-las-fiestas-patrias-2026-en-puebla\/","url":"https:\/\/pueblaenlinea.com\/2025\/capital\/armenta-y-chedraui-dan-el-banderazo-a-las-fiestas-patrias-2026-en-puebla\/","name":"Armenta y Chedraui dan el banderazo a las Fiestas Patrias 2026 en Puebla - Puebla En Linea","isPartOf":{"@id":"https:\/\/pueblaenlinea.com\/2025\/#website"},"primaryImageOfPage":{"@id":"https:\/\/pueblaenlinea.com\/2025\/capital\/armenta-y-chedraui-dan-el-banderazo-a-las-fiestas-patrias-2026-en-puebla\/#primaryimage"},"image":{"@id":"https:\/\/pueblaenlinea.com\/2025\/capital\/armenta-y-chedraui-dan-el-banderazo-a-las-fiestas-patrias-2026-en-puebla\/#primaryimage"},"thumbnailUrl":"https:\/\/pueblaenlinea.com\/2025\/wp-content\/uploads\/2026\/09\/pepeyarmenta.jpg","datePublished":"2026-09-01T15:57:04+00:00","author":{"@id":"https:\/\/pueblaenlinea.com\/2025\/#\/schema\/person\/21ecc830e083be84dbddd9a05208834f"},"description":"Armenta y Chedraui dan el banderazo a las Fiestas Patrias 2026 en Puebla Capital","breadcrumb":{"@id":"https:\/\/pueblaenlinea.com\/2025\/capital\/armenta-y-chedraui-dan-el-banderazo-a-las-fiestas-patrias-2026-en-puebla\/#breadcrumb"},"inLanguage":"es","potentialAction":[{"@type":"ReadAction","target":["https:\/\/pueblaenlinea.com\/2025\/capital\/armenta-y-chedraui-dan-el-banderazo-a-las-fiestas-patrias-2026-en-puebla\/"]}]},{"@type":"ImageObject","inLanguage":"es","@id":"https:\/\/pueblaenlinea.com\/2025\/capital\/armenta-y-chedraui-dan-el-banderazo-a-las-fiestas-patrias-2026-en-puebla\/#primaryimage","url":"https:\/\/pueblaenlinea.com\/2025\/wp-content\/uploads\/2026\/09\/pepeyarmenta.jpg","contentUrl":"https:\/\/pueblaenlinea.com\/2025\/wp-content\/uploads\/2026\/09\/pepeyarmenta.jpg","width":1200,"height":674},{"@type":"BreadcrumbList","@id":"https:\/\/pueblaenlinea.com\/2025\/capital\/armenta-y-chedraui-dan-el-banderazo-a-las-fiestas-patrias-2026-en-puebla\/#breadcrumb","itemListElement":[{"@type":"ListItem","position":1,"name":"Inicio","item":"https:\/\/pueblaenlinea.com\/2025\/"},{"@type":"ListItem","position":2,"name":"Armenta y Chedraui dan el banderazo a las Fiestas Patrias 2026 en Puebla"}]},{"@type":"WebSite","@id":"https:\/\/pueblaenlinea.com\/2025\/#website","url":"https:\/\/pueblaenlinea.com\/2025\/","name":"Puebla En Linea","description":"noticias de puebla, periodismo serio y comprometido.","potentialAction":[{"@type":"SearchAction","target":{"@type":"EntryPoint","urlTemplate":"https:\/\/pueblaenlinea.com\/2025\/?s={search_term_string}"},"query-input":{"@type":"PropertyValueSpecification","valueRequired":true,"valueName":"search_term_string"}}],"inLanguage":"es"},{"@type":"Person","@id":"https:\/\/pueblaenlinea.com\/2025\/#\/schema\/person\/21ecc830e083be84dbddd9a05208834f","name":"Jazmin Cardenas","image":{"@type":"ImageObject","inLanguage":"es","@id":"https:\/\/pueblaenlinea.com\/2025\/wp-content\/litespeed\/avatar\/9d7ab062f41a13d0af53522b39daf76f.jpg?ver=1788194722","url":"https:\/\/pueblaenlinea.com\/2025\/wp-content\/litespeed\/avatar\/9d7ab062f41a13d0af53522b39daf76f.jpg?ver=1788194722","contentUrl":"https:\/\/pueblaenlinea.com\/2025\/wp-content\/litespeed\/avatar\/9d7ab062f41a13d0af53522b39daf76f.jpg?ver=1788194722","caption":"Jazmin Cardenas"},"url":"https:\/\/pueblaenlinea.com\/2025\/author\/jaz-pel\/"}]}},"_links":{"self":[{"href":"https:\/\/pueblaenlinea.com\/2025\/wp-json\/wp\/v2\/posts\/134722","targetHints":{"allow":["GET"]}}],"collection":[{"href":"https:\/\/pueblaenlinea.com\/2025\/wp-json\/wp\/v2\/posts"}],"about":[{"href":"https:\/\/pueblaenlinea.com\/2025\/wp-json\/wp\/v2\/types\/post"}],"author":[{"embeddable":true,"href":"https:\/\/pueblaenlinea.com\/2025\/wp-json\/wp\/v2\/users\/10"}],"replies":[{"embeddable":true,"href":"https:\/\/pueblaenlinea.com\/2025\/wp-json\/wp\/v2\/comments?post=134722"}],"version-history":[{"count":0,"href":"https:\/\/pueblaenlinea.com\/2025\/wp-json\/wp\/v2\/posts\/134722\/revisions"}],"wp:featuredmedia":[{"embeddable":true,"href":"https:\/\/pueblaenlinea.com\/2025\/wp-json\/wp\/v2\/media\/134723"}],"wp:attachment":[{"href":"https:\/\/pueblaenlinea.com\/2025\/wp-json\/wp\/v2\/media?parent=134722"}],"wp:term":[{"taxonomy":"category","embeddable":true,"href":"https:\/\/pueblaenlinea.com\/2025\/wp-json\/wp\/v2\/categories?post=134722"},{"taxonomy":"post_tag","embeddable":true,"href":"https:\/\/pueblaenlinea.com\/2025\/wp-json\/wp\/v2\/tags?post=134722"}],"curies":[{"name":"wp","href":"https:\/\/api.w.org\/{rel}","templated":true}]}}