{"id":134720,"date":"2026-09-01T09:45:32","date_gmt":"2026-09-01T15:45:32","guid":{"rendered":"https:\/\/pueblaenlinea.com\/2025\/?p=134720"},"modified":"2026-09-01T10:01:56","modified_gmt":"2026-09-01T16:01:56","slug":"estudiante-de-medicina-es-arrastrado-por-una-camioneta-tras-reclamar-un-choque-frente-al-hospital-san-jose","status":"publish","type":"post","link":"https:\/\/pueblaenlinea.com\/2025\/nota-roja\/estudiante-de-medicina-es-arrastrado-por-una-camioneta-tras-reclamar-un-choque-frente-al-hospital-san-jose\/","title":{"rendered":"Estudiante de Medicina es arrastrado por una camioneta tras reclamar un choque frente al Hospital San Jos\u00e9"},"content":{"rendered":"\n<p class=\"wp-block-paragraph\"><strong>Lo que comenz\u00f3 como un choque termin\u00f3 en una escena de terror. Un estudiante de Medicina de 23 a\u00f1os qued\u00f3 sujeto de la puerta de una camioneta que avanz\u00f3 mientras \u00e9l intentaba evitar que el conductor escapara.<\/strong><\/p>\n\n\n\n<p class=\"wp-block-paragraph\">Los hechos ocurrieron alrededor de las <strong>19:30 horas del lunes 31 de agosto<\/strong>, frente al <strong>Hospital San Jos\u00e9<\/strong>, donde el joven habr\u00eda sido impactado por el conductor de una camioneta MG blanca.<\/p>\n\n\n\n<p class=\"wp-block-paragraph\">De acuerdo con el reporte recibido por Puebla En L\u00ednea, despu\u00e9s del choque el estudiante descendi\u00f3 de su veh\u00edculo para reclamar al automovilista por los da\u00f1os. Sin embargo, el conductor presuntamente intent\u00f3 darse a la fuga.<\/p>\n\n\n\n<p class=\"wp-block-paragraph\"><strong>\ud83d\udea8 El joven, de 23 a\u00f1os, termin\u00f3 siendo arrastrado por la camioneta.<\/strong><\/p>\n\n\n\n<p class=\"wp-block-paragraph\"><strong>\ud83d\udcf9 Un video muestra el momento en que permanece sujeto de la puerta del conductor mientras el veh\u00edculo avanza.<\/strong><\/p>\n\n\n\n<p class=\"wp-block-paragraph\"><strong>\ud83d\udca5 La camioneta termin\u00f3 impact\u00e1ndose contra un muro y el estudiante se solt\u00f3.<\/strong><\/p>\n\n\n\n<p class=\"wp-block-paragraph\"><strong>\ud83c\udfe5 La familia acudi\u00f3 posteriormente a un hospital debido a las lesiones que present\u00f3.<\/strong><\/p>\n\n\n\n<h3 class=\"wp-block-heading\">Qued\u00f3 sujeto de la puerta<\/h3>\n\n\n\n<p class=\"wp-block-paragraph\">Las im\u00e1genes proporcionadas a esta redacci\u00f3n muestran al estudiante sujet\u00e1ndose de la <strong>puerta abierta del lado del conductor<\/strong> mientras la camioneta comienza a avanzar.<\/p>\n\n\n\n<p class=\"wp-block-paragraph\">El joven intenta mantenerse sujeto, pero el veh\u00edculo contin\u00faa su marcha y lo arrastra durante varios metros.<\/p>\n\n\n\n<p class=\"wp-block-paragraph\">La camioneta termina chocando contra un muro. En ese momento, el estudiante pierde el agarre y cae, mientras el veh\u00edculo vuelve a incorporarse y contin\u00faa su recorrido <strong>con la puerta abierta<\/strong>.<\/p>\n\n\n\n<p class=\"wp-block-paragraph\">La escena resulta particularmente inquietante porque el joven pr\u00e1cticamente queda a merced del movimiento de la camioneta, sin posibilidad aparente de detenerla.<\/p>\n\n\n\n<p class=\"wp-block-paragraph\">Seg\u00fan el testimonio de la familia, el conductor habr\u00eda estado <strong>presuntamente bajo los efectos del alcohol<\/strong>, aunque esta condici\u00f3n deber\u00e1 ser acreditada mediante las pruebas correspondientes de las autoridades.<\/p>\n\n\n\n<h3 class=\"wp-block-heading\">El joven result\u00f3 lesionado<\/h3>\n\n\n\n<p class=\"wp-block-paragraph\">La familia inform\u00f3 que el estudiante tiene <strong>23 a\u00f1os<\/strong> y que, despu\u00e9s del incidente, acudieron a recibir atenci\u00f3n m\u00e9dica debido a las lesiones que present\u00f3 en distintas partes del cuerpo.<\/p>\n\n\n\n<p class=\"wp-block-paragraph\">La camioneta es una <strong>MG de color blanco<\/strong>, y la familia cuenta con el n\u00famero de placas, informaci\u00f3n que ya habr\u00eda sido proporcionada para facilitar su localizaci\u00f3n.<\/p>\n\n\n\n<p class=\"wp-block-paragraph\">Hasta el momento no se ha informado p\u00fablicamente sobre alguna persona detenida ni sobre la situaci\u00f3n jur\u00eddica del conductor.<\/p>\n\n\n\n<p class=\"wp-block-paragraph\">Si quieres seguir esta y otras notas de inter\u00e9s en tiempo real, \u00fanete a nuestro canal de WhatsApp: <a href=\"https:\/\/whatsapp.com\/channel\/0029Va5CSyuEQIalZaJWpX1h\">https:\/\/whatsapp.com\/channel\/0029Va5CSyuEQIalZaJWpX1h<\/a><\/p>\n\n\n\n<blockquote class=\"twitter-tweet\" data-media-max-width=\"560\"><p lang=\"es\" dir=\"ltr\">Brutal agresi\u00f3n en Puebla: conductor de un MG3 arrolla, arrastra y lanza contra un poste a un estudiante de medicina frente al Hospital San Jos\u00e9. \ud83d\udea8<br><br>El joven solo intentaba evitar que el responsable huyera tras chocar su veh\u00edculo. <a href=\"https:\/\/t.co\/7F0Z8imNC6\">pic.twitter.com\/7F0Z8imNC6<\/a><\/p>&mdash; Puebla (@PueblaenLinea) <a href=\"https:\/\/x.com\/PueblaenLinea\/status\/2094816909090824579?ref_src=twsrc%5Etfw\">September 1, 2026<\/a><\/blockquote> <script async src=\"https:\/\/platform.x.com\/widgets.js\" charset=\"utf-8\"><\/script>\n\n\n\n<h3 class=\"wp-block-heading\">Buscan identificar al conductor<\/h3>\n\n\n\n<p class=\"wp-block-paragraph\">La familia solicita apoyo para que el responsable pueda ser localizado y para que el caso sea investigado por las autoridades correspondientes.<\/p>\n\n\n\n<p class=\"wp-block-paragraph\">El video podr\u00eda convertirse en un elemento importante para reconstruir la secuencia: el choque inicial, el intento de confrontaci\u00f3n, el momento en que el joven queda sujeto de la camioneta y el posterior impacto contra el muro.<\/p>\n\n\n\n<p class=\"wp-block-paragraph\">Un choque puede resolverse con un seguro, una denuncia o el pago de los da\u00f1os. Lo que ninguna discusi\u00f3n deber\u00eda provocar es que una persona termine siendo arrastrada por un veh\u00edculo en movimiento. Ahora corresponde a las autoridades determinar qu\u00e9 ocurri\u00f3 y establecer responsabilidades.<\/p>\n\n\n\n<p class=\"wp-block-paragraph\"><strong>Escrito por Redacci\u00f3n Puebla En L\u00ednea<\/strong><\/p>\n\n\n\n<ol class=\"wp-block-list\">\n<li><strong>VIDEO: estudiante de Medicina es arrastrado por una camioneta tras reclamar un choque<\/strong><\/li>\n\n\n\n<li><strong>Tras un choque, estudiante queda colgado de una camioneta que intenta escapar<\/strong><\/li>\n\n\n\n<li><strong>Momento de terror: camioneta arrastra a estudiante frente al Hospital San Jos\u00e9<\/strong><\/li>\n\n\n\n<li><strong>Reclam\u00f3 un choque y termin\u00f3 arrastrado por una camioneta; as\u00ed ocurri\u00f3<\/strong><\/li>\n\n\n\n<li><strong>Conductor presuntamente ebrio habr\u00eda arrastrado a estudiante tras chocar contra \u00e9l<\/strong><\/li>\n<\/ol>\n","protected":false},"excerpt":{"rendered":"<p>Lo que comenz\u00f3 como un choque termin\u00f3 en una escena de terror. Un estudiante de Medicina de 23 a\u00f1os qued\u00f3 sujeto de la puerta de una camioneta que avanz\u00f3 mientras \u00e9l intentaba evitar que el conductor escapara. Los hechos ocurrieron alrededor de las 19:30 horas del lunes 31 de agosto, frente al Hospital San Jos\u00e9,&#8230;<\/p>\n","protected":false},"author":10,"featured_media":134721,"comment_status":"closed","ping_status":"closed","sticky":false,"template":"","format":"standard","meta":{"footnotes":""},"categories":[24],"tags":[1386],"class_list":["post-134720","post","type-post","status-publish","format-standard","has-post-thumbnail","hentry","category-nota-roja","tag-puebla"],"yoast_head":"<!-- This site is optimized with the Yoast SEO plugin v28.0 - https:\/\/yoast.com\/product\/yoast-seo-wordpress\/ -->\n<title>Estudiante de Medicina es arrastrado por una camioneta tras reclamar un choque frente al Hospital San Jos\u00e9 - Puebla En Linea<\/title>\n<meta name=\"description\" content=\"Estudiante de Medicina es arrastrado por una camioneta tras reclamar un choque frente al Hospital San Jos\u00e9 Nota Roja\" \/>\n<meta name=\"robots\" content=\"index, follow, max-snippet:-1, max-image-preview:large, max-video-preview:-1\" \/>\n<link rel=\"canonical\" href=\"https:\/\/pueblaenlinea.com\/2025\/nota-roja\/estudiante-de-medicina-es-arrastrado-por-una-camioneta-tras-reclamar-un-choque-frente-al-hospital-san-jose\/\" \/>\n<meta property=\"og:locale\" content=\"es_MX\" \/>\n<meta property=\"og:type\" content=\"article\" \/>\n<meta property=\"og:title\" content=\"Estudiante de Medicina es arrastrado por una camioneta tras reclamar un choque frente al Hospital San Jos\u00e9 - Puebla En Linea\" \/>\n<meta property=\"og:description\" content=\"Estudiante de Medicina es arrastrado por una camioneta tras reclamar un choque frente al Hospital San Jos\u00e9 Nota Roja\" \/>\n<meta property=\"og:url\" content=\"https:\/\/pueblaenlinea.com\/2025\/nota-roja\/estudiante-de-medicina-es-arrastrado-por-una-camioneta-tras-reclamar-un-choque-frente-al-hospital-san-jose\/\" \/>\n<meta property=\"og:site_name\" content=\"Puebla En Linea\" \/>\n<meta property=\"article:publisher\" content=\"https:\/\/www.facebook.com\/pueblaenlineacom\" \/>\n<meta property=\"article:published_time\" content=\"2026-09-01T15:45:32+00:00\" \/>\n<meta property=\"article:modified_time\" content=\"2026-09-01T16:01:56+00:00\" \/>\n<meta property=\"og:image\" content=\"https:\/\/pueblaenlinea.com\/2025\/wp-content\/uploads\/2026\/09\/camionetachcoque.jpg\" \/>\n\t<meta property=\"og:image:width\" content=\"1200\" \/>\n\t<meta property=\"og:image:height\" content=\"674\" \/>\n\t<meta property=\"og:image:type\" content=\"image\/jpeg\" \/>\n<meta name=\"author\" content=\"Jazmin Cardenas\" \/>\n<meta name=\"twitter:card\" content=\"summary_large_image\" \/>\n<meta name=\"twitter:label1\" content=\"Escrito por\" \/>\n\t<meta name=\"twitter:data1\" content=\"Jazmin Cardenas\" \/>\n\t<meta name=\"twitter:label2\" content=\"Tiempo de lectura\" \/>\n\t<meta name=\"twitter:data2\" content=\"3 minutos\" \/>\n<script type=\"application\/ld+json\" class=\"yoast-schema-graph\">{\"@context\":\"https:\\\/\\\/schema.org\",\"@graph\":[{\"@type\":\"Article\",\"@id\":\"https:\\\/\\\/pueblaenlinea.com\\\/2025\\\/nota-roja\\\/estudiante-de-medicina-es-arrastrado-por-una-camioneta-tras-reclamar-un-choque-frente-al-hospital-san-jose\\\/#article\",\"isPartOf\":{\"@id\":\"https:\\\/\\\/pueblaenlinea.com\\\/2025\\\/nota-roja\\\/estudiante-de-medicina-es-arrastrado-por-una-camioneta-tras-reclamar-un-choque-frente-al-hospital-san-jose\\\/\"},\"author\":{\"name\":\"Jazmin Cardenas\",\"@id\":\"https:\\\/\\\/pueblaenlinea.com\\\/2025\\\/#\\\/schema\\\/person\\\/21ecc830e083be84dbddd9a05208834f\"},\"headline\":\"Estudiante de Medicina es arrastrado por una camioneta tras reclamar un choque frente al Hospital San Jos\u00e9\",\"datePublished\":\"2026-09-01T15:45:32+00:00\",\"dateModified\":\"2026-09-01T16:01:56+00:00\",\"mainEntityOfPage\":{\"@id\":\"https:\\\/\\\/pueblaenlinea.com\\\/2025\\\/nota-roja\\\/estudiante-de-medicina-es-arrastrado-por-una-camioneta-tras-reclamar-un-choque-frente-al-hospital-san-jose\\\/\"},\"wordCount\":667,\"image\":{\"@id\":\"https:\\\/\\\/pueblaenlinea.com\\\/2025\\\/nota-roja\\\/estudiante-de-medicina-es-arrastrado-por-una-camioneta-tras-reclamar-un-choque-frente-al-hospital-san-jose\\\/#primaryimage\"},\"thumbnailUrl\":\"https:\\\/\\\/pueblaenlinea.com\\\/2025\\\/wp-content\\\/uploads\\\/2026\\\/09\\\/camionetachcoque.jpg\",\"keywords\":[\"Puebla\"],\"articleSection\":[\"Nota Roja\"],\"inLanguage\":\"es\"},{\"@type\":\"WebPage\",\"@id\":\"https:\\\/\\\/pueblaenlinea.com\\\/2025\\\/nota-roja\\\/estudiante-de-medicina-es-arrastrado-por-una-camioneta-tras-reclamar-un-choque-frente-al-hospital-san-jose\\\/\",\"url\":\"https:\\\/\\\/pueblaenlinea.com\\\/2025\\\/nota-roja\\\/estudiante-de-medicina-es-arrastrado-por-una-camioneta-tras-reclamar-un-choque-frente-al-hospital-san-jose\\\/\",\"name\":\"Estudiante de Medicina es arrastrado por una camioneta tras reclamar un choque frente al Hospital San Jos\u00e9 - Puebla En Linea\",\"isPartOf\":{\"@id\":\"https:\\\/\\\/pueblaenlinea.com\\\/2025\\\/#website\"},\"primaryImageOfPage\":{\"@id\":\"https:\\\/\\\/pueblaenlinea.com\\\/2025\\\/nota-roja\\\/estudiante-de-medicina-es-arrastrado-por-una-camioneta-tras-reclamar-un-choque-frente-al-hospital-san-jose\\\/#primaryimage\"},\"image\":{\"@id\":\"https:\\\/\\\/pueblaenlinea.com\\\/2025\\\/nota-roja\\\/estudiante-de-medicina-es-arrastrado-por-una-camioneta-tras-reclamar-un-choque-frente-al-hospital-san-jose\\\/#primaryimage\"},\"thumbnailUrl\":\"https:\\\/\\\/pueblaenlinea.com\\\/2025\\\/wp-content\\\/uploads\\\/2026\\\/09\\\/camionetachcoque.jpg\",\"datePublished\":\"2026-09-01T15:45:32+00:00\",\"dateModified\":\"2026-09-01T16:01:56+00:00\",\"author\":{\"@id\":\"https:\\\/\\\/pueblaenlinea.com\\\/2025\\\/#\\\/schema\\\/person\\\/21ecc830e083be84dbddd9a05208834f\"},\"description\":\"Estudiante de Medicina es arrastrado por una camioneta tras reclamar un choque frente al Hospital San Jos\u00e9 Nota Roja\",\"breadcrumb\":{\"@id\":\"https:\\\/\\\/pueblaenlinea.com\\\/2025\\\/nota-roja\\\/estudiante-de-medicina-es-arrastrado-por-una-camioneta-tras-reclamar-un-choque-frente-al-hospital-san-jose\\\/#breadcrumb\"},\"inLanguage\":\"es\",\"potentialAction\":[{\"@type\":\"ReadAction\",\"target\":[\"https:\\\/\\\/pueblaenlinea.com\\\/2025\\\/nota-roja\\\/estudiante-de-medicina-es-arrastrado-por-una-camioneta-tras-reclamar-un-choque-frente-al-hospital-san-jose\\\/\"]}]},{\"@type\":\"ImageObject\",\"inLanguage\":\"es\",\"@id\":\"https:\\\/\\\/pueblaenlinea.com\\\/2025\\\/nota-roja\\\/estudiante-de-medicina-es-arrastrado-por-una-camioneta-tras-reclamar-un-choque-frente-al-hospital-san-jose\\\/#primaryimage\",\"url\":\"https:\\\/\\\/pueblaenlinea.com\\\/2025\\\/wp-content\\\/uploads\\\/2026\\\/09\\\/camionetachcoque.jpg\",\"contentUrl\":\"https:\\\/\\\/pueblaenlinea.com\\\/2025\\\/wp-content\\\/uploads\\\/2026\\\/09\\\/camionetachcoque.jpg\",\"width\":1200,\"height\":674},{\"@type\":\"BreadcrumbList\",\"@id\":\"https:\\\/\\\/pueblaenlinea.com\\\/2025\\\/nota-roja\\\/estudiante-de-medicina-es-arrastrado-por-una-camioneta-tras-reclamar-un-choque-frente-al-hospital-san-jose\\\/#breadcrumb\",\"itemListElement\":[{\"@type\":\"ListItem\",\"position\":1,\"name\":\"Inicio\",\"item\":\"https:\\\/\\\/pueblaenlinea.com\\\/2025\\\/\"},{\"@type\":\"ListItem\",\"position\":2,\"name\":\"Estudiante de Medicina es arrastrado por una camioneta tras reclamar un choque frente al Hospital San Jos\u00e9\"}]},{\"@type\":\"WebSite\",\"@id\":\"https:\\\/\\\/pueblaenlinea.com\\\/2025\\\/#website\",\"url\":\"https:\\\/\\\/pueblaenlinea.com\\\/2025\\\/\",\"name\":\"Puebla En Linea\",\"description\":\"noticias de puebla, periodismo serio y comprometido.\",\"potentialAction\":[{\"@type\":\"SearchAction\",\"target\":{\"@type\":\"EntryPoint\",\"urlTemplate\":\"https:\\\/\\\/pueblaenlinea.com\\\/2025\\\/?s={search_term_string}\"},\"query-input\":{\"@type\":\"PropertyValueSpecification\",\"valueRequired\":true,\"valueName\":\"search_term_string\"}}],\"inLanguage\":\"es\"},{\"@type\":\"Person\",\"@id\":\"https:\\\/\\\/pueblaenlinea.com\\\/2025\\\/#\\\/schema\\\/person\\\/21ecc830e083be84dbddd9a05208834f\",\"name\":\"Jazmin Cardenas\",\"image\":{\"@type\":\"ImageObject\",\"inLanguage\":\"es\",\"@id\":\"https:\\\/\\\/pueblaenlinea.com\\\/2025\\\/wp-content\\\/litespeed\\\/avatar\\\/9d7ab062f41a13d0af53522b39daf76f.jpg?ver=1788194722\",\"url\":\"https:\\\/\\\/pueblaenlinea.com\\\/2025\\\/wp-content\\\/litespeed\\\/avatar\\\/9d7ab062f41a13d0af53522b39daf76f.jpg?ver=1788194722\",\"contentUrl\":\"https:\\\/\\\/pueblaenlinea.com\\\/2025\\\/wp-content\\\/litespeed\\\/avatar\\\/9d7ab062f41a13d0af53522b39daf76f.jpg?ver=1788194722\",\"caption\":\"Jazmin Cardenas\"},\"url\":\"https:\\\/\\\/pueblaenlinea.com\\\/2025\\\/author\\\/jaz-pel\\\/\"}]}<\/script>\n<!-- \/ Yoast SEO plugin. -->","yoast_head_json":{"title":"Estudiante de Medicina es arrastrado por una camioneta tras reclamar un choque frente al Hospital San Jos\u00e9 - Puebla En Linea","description":"Estudiante de Medicina es arrastrado por una camioneta tras reclamar un choque frente al Hospital San Jos\u00e9 Nota Roja","robots":{"index":"index","follow":"follow","max-snippet":"max-snippet:-1","max-image-preview":"max-image-preview:large","max-video-preview":"max-video-preview:-1"},"canonical":"https:\/\/pueblaenlinea.com\/2025\/nota-roja\/estudiante-de-medicina-es-arrastrado-por-una-camioneta-tras-reclamar-un-choque-frente-al-hospital-san-jose\/","og_locale":"es_MX","og_type":"article","og_title":"Estudiante de Medicina es arrastrado por una camioneta tras reclamar un choque frente al Hospital San Jos\u00e9 - Puebla En Linea","og_description":"Estudiante de Medicina es arrastrado por una camioneta tras reclamar un choque frente al Hospital San Jos\u00e9 Nota Roja","og_url":"https:\/\/pueblaenlinea.com\/2025\/nota-roja\/estudiante-de-medicina-es-arrastrado-por-una-camioneta-tras-reclamar-un-choque-frente-al-hospital-san-jose\/","og_site_name":"Puebla En Linea","article_publisher":"https:\/\/www.facebook.com\/pueblaenlineacom","article_published_time":"2026-09-01T15:45:32+00:00","article_modified_time":"2026-09-01T16:01:56+00:00","og_image":[{"width":1200,"height":674,"url":"https:\/\/pueblaenlinea.com\/2025\/wp-content\/uploads\/2026\/09\/camionetachcoque.jpg","type":"image\/jpeg"}],"author":"Jazmin Cardenas","twitter_card":"summary_large_image","twitter_misc":{"Escrito por":"Jazmin Cardenas","Tiempo de lectura":"3 minutos"},"schema":{"@context":"https:\/\/schema.org","@graph":[{"@type":"Article","@id":"https:\/\/pueblaenlinea.com\/2025\/nota-roja\/estudiante-de-medicina-es-arrastrado-por-una-camioneta-tras-reclamar-un-choque-frente-al-hospital-san-jose\/#article","isPartOf":{"@id":"https:\/\/pueblaenlinea.com\/2025\/nota-roja\/estudiante-de-medicina-es-arrastrado-por-una-camioneta-tras-reclamar-un-choque-frente-al-hospital-san-jose\/"},"author":{"name":"Jazmin Cardenas","@id":"https:\/\/pueblaenlinea.com\/2025\/#\/schema\/person\/21ecc830e083be84dbddd9a05208834f"},"headline":"Estudiante de Medicina es arrastrado por una camioneta tras reclamar un choque frente al Hospital San Jos\u00e9","datePublished":"2026-09-01T15:45:32+00:00","dateModified":"2026-09-01T16:01:56+00:00","mainEntityOfPage":{"@id":"https:\/\/pueblaenlinea.com\/2025\/nota-roja\/estudiante-de-medicina-es-arrastrado-por-una-camioneta-tras-reclamar-un-choque-frente-al-hospital-san-jose\/"},"wordCount":667,"image":{"@id":"https:\/\/pueblaenlinea.com\/2025\/nota-roja\/estudiante-de-medicina-es-arrastrado-por-una-camioneta-tras-reclamar-un-choque-frente-al-hospital-san-jose\/#primaryimage"},"thumbnailUrl":"https:\/\/pueblaenlinea.com\/2025\/wp-content\/uploads\/2026\/09\/camionetachcoque.jpg","keywords":["Puebla"],"articleSection":["Nota Roja"],"inLanguage":"es"},{"@type":"WebPage","@id":"https:\/\/pueblaenlinea.com\/2025\/nota-roja\/estudiante-de-medicina-es-arrastrado-por-una-camioneta-tras-reclamar-un-choque-frente-al-hospital-san-jose\/","url":"https:\/\/pueblaenlinea.com\/2025\/nota-roja\/estudiante-de-medicina-es-arrastrado-por-una-camioneta-tras-reclamar-un-choque-frente-al-hospital-san-jose\/","name":"Estudiante de Medicina es arrastrado por una camioneta tras reclamar un choque frente al Hospital San Jos\u00e9 - Puebla En Linea","isPartOf":{"@id":"https:\/\/pueblaenlinea.com\/2025\/#website"},"primaryImageOfPage":{"@id":"https:\/\/pueblaenlinea.com\/2025\/nota-roja\/estudiante-de-medicina-es-arrastrado-por-una-camioneta-tras-reclamar-un-choque-frente-al-hospital-san-jose\/#primaryimage"},"image":{"@id":"https:\/\/pueblaenlinea.com\/2025\/nota-roja\/estudiante-de-medicina-es-arrastrado-por-una-camioneta-tras-reclamar-un-choque-frente-al-hospital-san-jose\/#primaryimage"},"thumbnailUrl":"https:\/\/pueblaenlinea.com\/2025\/wp-content\/uploads\/2026\/09\/camionetachcoque.jpg","datePublished":"2026-09-01T15:45:32+00:00","dateModified":"2026-09-01T16:01:56+00:00","author":{"@id":"https:\/\/pueblaenlinea.com\/2025\/#\/schema\/person\/21ecc830e083be84dbddd9a05208834f"},"description":"Estudiante de Medicina es arrastrado por una camioneta tras reclamar un choque frente al Hospital San Jos\u00e9 Nota Roja","breadcrumb":{"@id":"https:\/\/pueblaenlinea.com\/2025\/nota-roja\/estudiante-de-medicina-es-arrastrado-por-una-camioneta-tras-reclamar-un-choque-frente-al-hospital-san-jose\/#breadcrumb"},"inLanguage":"es","potentialAction":[{"@type":"ReadAction","target":["https:\/\/pueblaenlinea.com\/2025\/nota-roja\/estudiante-de-medicina-es-arrastrado-por-una-camioneta-tras-reclamar-un-choque-frente-al-hospital-san-jose\/"]}]},{"@type":"ImageObject","inLanguage":"es","@id":"https:\/\/pueblaenlinea.com\/2025\/nota-roja\/estudiante-de-medicina-es-arrastrado-por-una-camioneta-tras-reclamar-un-choque-frente-al-hospital-san-jose\/#primaryimage","url":"https:\/\/pueblaenlinea.com\/2025\/wp-content\/uploads\/2026\/09\/camionetachcoque.jpg","contentUrl":"https:\/\/pueblaenlinea.com\/2025\/wp-content\/uploads\/2026\/09\/camionetachcoque.jpg","width":1200,"height":674},{"@type":"BreadcrumbList","@id":"https:\/\/pueblaenlinea.com\/2025\/nota-roja\/estudiante-de-medicina-es-arrastrado-por-una-camioneta-tras-reclamar-un-choque-frente-al-hospital-san-jose\/#breadcrumb","itemListElement":[{"@type":"ListItem","position":1,"name":"Inicio","item":"https:\/\/pueblaenlinea.com\/2025\/"},{"@type":"ListItem","position":2,"name":"Estudiante de Medicina es arrastrado por una camioneta tras reclamar un choque frente al Hospital San Jos\u00e9"}]},{"@type":"WebSite","@id":"https:\/\/pueblaenlinea.com\/2025\/#website","url":"https:\/\/pueblaenlinea.com\/2025\/","name":"Puebla En Linea","description":"noticias de puebla, periodismo serio y comprometido.","potentialAction":[{"@type":"SearchAction","target":{"@type":"EntryPoint","urlTemplate":"https:\/\/pueblaenlinea.com\/2025\/?s={search_term_string}"},"query-input":{"@type":"PropertyValueSpecification","valueRequired":true,"valueName":"search_term_string"}}],"inLanguage":"es"},{"@type":"Person","@id":"https:\/\/pueblaenlinea.com\/2025\/#\/schema\/person\/21ecc830e083be84dbddd9a05208834f","name":"Jazmin Cardenas","image":{"@type":"ImageObject","inLanguage":"es","@id":"https:\/\/pueblaenlinea.com\/2025\/wp-content\/litespeed\/avatar\/9d7ab062f41a13d0af53522b39daf76f.jpg?ver=1788194722","url":"https:\/\/pueblaenlinea.com\/2025\/wp-content\/litespeed\/avatar\/9d7ab062f41a13d0af53522b39daf76f.jpg?ver=1788194722","contentUrl":"https:\/\/pueblaenlinea.com\/2025\/wp-content\/litespeed\/avatar\/9d7ab062f41a13d0af53522b39daf76f.jpg?ver=1788194722","caption":"Jazmin Cardenas"},"url":"https:\/\/pueblaenlinea.com\/2025\/author\/jaz-pel\/"}]}},"_links":{"self":[{"href":"https:\/\/pueblaenlinea.com\/2025\/wp-json\/wp\/v2\/posts\/134720","targetHints":{"allow":["GET"]}}],"collection":[{"href":"https:\/\/pueblaenlinea.com\/2025\/wp-json\/wp\/v2\/posts"}],"about":[{"href":"https:\/\/pueblaenlinea.com\/2025\/wp-json\/wp\/v2\/types\/post"}],"author":[{"embeddable":true,"href":"https:\/\/pueblaenlinea.com\/2025\/wp-json\/wp\/v2\/users\/10"}],"replies":[{"embeddable":true,"href":"https:\/\/pueblaenlinea.com\/2025\/wp-json\/wp\/v2\/comments?post=134720"}],"version-history":[{"count":0,"href":"https:\/\/pueblaenlinea.com\/2025\/wp-json\/wp\/v2\/posts\/134720\/revisions"}],"wp:featuredmedia":[{"embeddable":true,"href":"https:\/\/pueblaenlinea.com\/2025\/wp-json\/wp\/v2\/media\/134721"}],"wp:attachment":[{"href":"https:\/\/pueblaenlinea.com\/2025\/wp-json\/wp\/v2\/media?parent=134720"}],"wp:term":[{"taxonomy":"category","embeddable":true,"href":"https:\/\/pueblaenlinea.com\/2025\/wp-json\/wp\/v2\/categories?post=134720"},{"taxonomy":"post_tag","embeddable":true,"href":"https:\/\/pueblaenlinea.com\/2025\/wp-json\/wp\/v2\/tags?post=134720"}],"curies":[{"name":"wp","href":"https:\/\/api.w.org\/{rel}","templated":true}]}}