{"id":134710,"date":"2026-09-01T06:54:42","date_gmt":"2026-09-01T12:54:42","guid":{"rendered":"https:\/\/pueblaenlinea.com\/2025\/?p=134710"},"modified":"2026-09-01T07:04:20","modified_gmt":"2026-09-01T13:04:20","slug":"sentencian-a-50-anos-de-prision-a-dos-hombres-por-robo-de-trailer-y-secuestro-expres-en-puebla","status":"publish","type":"post","link":"https:\/\/pueblaenlinea.com\/2025\/nota-roja\/sentencian-a-50-anos-de-prision-a-dos-hombres-por-robo-de-trailer-y-secuestro-expres-en-puebla\/","title":{"rendered":"Sentencian a 50 a\u00f1os de prisi\u00f3n a dos hombres por robo de tr\u00e1iler y secuestro expr\u00e9s en Puebla"},"content":{"rendered":"\n<p class=\"wp-block-paragraph\">Un robo de tr\u00e1iler que comenz\u00f3 con un asalto armado termin\u00f3 con una condena de medio siglo en prisi\u00f3n. <strong>Daniel \u201cN\u201d y Daniel Sayeg \u201cN\u201d fueron sentenciados a 50 a\u00f1os de c\u00e1rcel<\/strong> por su participaci\u00f3n en el robo de un tractocami\u00f3n y la privaci\u00f3n de la libertad de su conductor y acompa\u00f1ante.<\/p>\n\n\n\n<p class=\"wp-block-paragraph\">La sentencia fue obtenida por la <strong>Fiscal\u00eda General de la Rep\u00fablica (FGR)<\/strong> tras acreditar, durante un juicio oral, la responsabilidad penal de ambos hombres en varios delitos relacionados con el atraco ocurrido en 2024.<\/p>\n\n\n\n<p class=\"wp-block-paragraph\"><strong>\u2022 Sentencia:<\/strong> 50 a\u00f1os de prisi\u00f3n para cada uno.<br><strong>\u2022 Multa:<\/strong> 434 mil 280 pesos.<br><strong>\u2022 Robo:<\/strong> tractocami\u00f3n con semirremolque cargado con embutidos.<br><strong>\u2022 Valor de la mercanc\u00eda:<\/strong> 1 mill\u00f3n 287 mil 619 pesos.<br><strong>\u2022 Detenci\u00f3n:<\/strong> mayo de 2024, sobre el Arco Norte.<\/p>\n\n\n\n<h3 class=\"wp-block-heading\">El asalto ocurri\u00f3 en el Arco Norte<\/h3>\n\n\n\n<p class=\"wp-block-paragraph\">Los hechos se remontan a <strong>mayo de 2024<\/strong>, cuando elementos de la Guardia Nacional detectaron a los ahora sentenciados sobre la autopista Arco Norte, a la altura del kil\u00f3metro 198, con direcci\u00f3n a Puebla.<\/p>\n\n\n\n<p class=\"wp-block-paragraph\">De acuerdo con la investigaci\u00f3n, ambos habr\u00edan utilizado un arma de fuego para someter al conductor del tractocami\u00f3n y a su acompa\u00f1ante.<\/p>\n\n\n\n<p class=\"wp-block-paragraph\">Los obligaron a continuar el trayecto hasta un inmueble ubicado en <strong>Calpulalpan, Tlaxcala<\/strong>, donde presuntamente les ordenaron desenganchar el semirremolque que transportaba una importante carga de embutidos.<\/p>\n\n\n\n<p class=\"wp-block-paragraph\">La mercanc\u00eda ten\u00eda un valor estimado de <strong>1 mill\u00f3n 287 mil 619 pesos<\/strong>.<\/p>\n\n\n\n<h3 class=\"wp-block-heading\">Arma e inhibidor quedaron asegurados<\/h3>\n\n\n\n<p class=\"wp-block-paragraph\">Durante la intervenci\u00f3n de las autoridades tambi\u00e9n fueron asegurados el tractocami\u00f3n y el semirremolque, adem\u00e1s de un arma de fuego abastecida con seis cartuchos.<\/p>\n\n\n\n<p class=\"wp-block-paragraph\">Pero hab\u00eda otro elemento que llam\u00f3 la atenci\u00f3n de la investigaci\u00f3n: un <strong>inhibidor de frecuencias<\/strong>, dispositivo cuya posesi\u00f3n fue incluida dentro de los delitos por los que fueron procesados.<\/p>\n\n\n\n<p class=\"wp-block-paragraph\">La FGR se\u00f1al\u00f3 que el Ministerio P\u00fablico Federal, adscrito a la Fiscal\u00eda Especializada de Control Regional en Puebla, present\u00f3 las pruebas que permitieron acreditar la responsabilidad de ambos acusados.<\/p>\n\n\n\n<p class=\"wp-block-paragraph\">Los delitos contemplados en la sentencia son <strong>privaci\u00f3n ilegal de la libertad en la modalidad de secuestro expr\u00e9s, robo al autotransporte federal de carga y ataques a las v\u00edas generales de comunicaci\u00f3n por la posesi\u00f3n de inhibidores de se\u00f1al<\/strong>.<\/p>\n\n\n\n<p class=\"wp-block-paragraph\">Si quieres seguir esta y otras notas de inter\u00e9s en tiempo real, \u00fanete a nuestro canal de WhatsApp: <a href=\"https:\/\/whatsapp.com\/channel\/0029Va5CSyuEQIalZaJWpX1h?utm_source=chatgpt.com\">WhatsApp Puebla En L\u00ednea<\/a>.<\/p>\n\n\n\n<p class=\"wp-block-paragraph\">El caso muestra nuevamente c\u00f3mo el robo al transporte de carga no termina necesariamente cuando desaparece un tr\u00e1iler de la carretera: detr\u00e1s de cada unidad puede haber conductores, mercanc\u00eda y familias expuestas. En este caso, la investigaci\u00f3n termin\u00f3 con una de las sanciones m\u00e1s severas que contempla el sistema penal.<\/p>\n\n\n\n<p class=\"wp-block-paragraph\"><strong>Escrito por Redacci\u00f3n Puebla En L\u00ednea<\/strong><\/p>\n\n\n\n<ol class=\"wp-block-list\">\n<li><strong>\ud83d\udea8 50 a\u00f1os de c\u00e1rcel por robar un tr\u00e1iler y secuestrar a su conductor en Puebla<\/strong><\/li>\n\n\n\n<li><strong>Robaron un tr\u00e1iler con mercanc\u00eda de 1.2 millones y ahora pasar\u00e1n 50 a\u00f1os en prisi\u00f3n<\/strong><\/li>\n\n\n\n<li><strong>De un asalto en el Arco Norte a 50 a\u00f1os de prisi\u00f3n: sentencian a dos hombres<\/strong><\/li>\n\n\n\n<li><strong>Usaron arma e inhibidor para robar un tr\u00e1iler; reciben condena de 50 a\u00f1os<\/strong><\/li>\n\n\n\n<li><strong>\ud83d\ude9b Robaron un tr\u00e1iler cargado de embutidos y privaron de la libertad al conductor; ya fueron sentenciados<\/strong><\/li>\n<\/ol>\n","protected":false},"excerpt":{"rendered":"<p>Un robo de tr\u00e1iler que comenz\u00f3 con un asalto armado termin\u00f3 con una condena de medio siglo en prisi\u00f3n. Daniel \u201cN\u201d y Daniel Sayeg \u201cN\u201d fueron sentenciados a 50 a\u00f1os de c\u00e1rcel por su participaci\u00f3n en el robo de un tractocami\u00f3n y la privaci\u00f3n de la libertad de su conductor y acompa\u00f1ante. La sentencia fue&#8230;<\/p>\n","protected":false},"author":10,"featured_media":134711,"comment_status":"closed","ping_status":"closed","sticky":false,"template":"","format":"standard","meta":{"footnotes":""},"categories":[24],"tags":[1400],"class_list":["post-134710","post","type-post","status-publish","format-standard","has-post-thumbnail","hentry","category-nota-roja","tag-detenidos"],"yoast_head":"<!-- This site is optimized with the Yoast SEO plugin v28.0 - https:\/\/yoast.com\/product\/yoast-seo-wordpress\/ -->\n<title>Sentencian a 50 a\u00f1os de prisi\u00f3n a dos hombres por robo de tr\u00e1iler y secuestro expr\u00e9s en Puebla - Puebla En Linea<\/title>\n<meta name=\"description\" content=\"Sentencian a 50 a\u00f1os de prisi\u00f3n a dos hombres por robo de tr\u00e1iler y secuestro expr\u00e9s en Puebla Nota Roja\" \/>\n<meta name=\"robots\" content=\"index, follow, max-snippet:-1, max-image-preview:large, max-video-preview:-1\" \/>\n<link rel=\"canonical\" href=\"https:\/\/pueblaenlinea.com\/2025\/nota-roja\/sentencian-a-50-anos-de-prision-a-dos-hombres-por-robo-de-trailer-y-secuestro-expres-en-puebla\/\" \/>\n<meta property=\"og:locale\" content=\"es_MX\" \/>\n<meta property=\"og:type\" content=\"article\" \/>\n<meta property=\"og:title\" content=\"Sentencian a 50 a\u00f1os de prisi\u00f3n a dos hombres por robo de tr\u00e1iler y secuestro expr\u00e9s en Puebla - Puebla En Linea\" \/>\n<meta property=\"og:description\" content=\"Sentencian a 50 a\u00f1os de prisi\u00f3n a dos hombres por robo de tr\u00e1iler y secuestro expr\u00e9s en Puebla Nota Roja\" \/>\n<meta property=\"og:url\" content=\"https:\/\/pueblaenlinea.com\/2025\/nota-roja\/sentencian-a-50-anos-de-prision-a-dos-hombres-por-robo-de-trailer-y-secuestro-expres-en-puebla\/\" \/>\n<meta property=\"og:site_name\" content=\"Puebla En Linea\" \/>\n<meta property=\"article:publisher\" content=\"https:\/\/www.facebook.com\/pueblaenlineacom\" \/>\n<meta property=\"article:published_time\" content=\"2026-09-01T12:54:42+00:00\" \/>\n<meta property=\"article:modified_time\" content=\"2026-09-01T13:04:20+00:00\" \/>\n<meta property=\"og:image\" content=\"https:\/\/pueblaenlinea.com\/2025\/wp-content\/uploads\/2026\/09\/detenidos.jpg\" \/>\n\t<meta property=\"og:image:width\" content=\"1200\" \/>\n\t<meta property=\"og:image:height\" content=\"674\" \/>\n\t<meta property=\"og:image:type\" content=\"image\/jpeg\" \/>\n<meta name=\"author\" content=\"Jazmin Cardenas\" \/>\n<meta name=\"twitter:card\" content=\"summary_large_image\" \/>\n<meta name=\"twitter:label1\" content=\"Escrito por\" \/>\n\t<meta name=\"twitter:data1\" content=\"Jazmin Cardenas\" \/>\n\t<meta name=\"twitter:label2\" content=\"Tiempo de lectura\" \/>\n\t<meta name=\"twitter:data2\" content=\"3 minutos\" \/>\n<script type=\"application\/ld+json\" class=\"yoast-schema-graph\">{\"@context\":\"https:\\\/\\\/schema.org\",\"@graph\":[{\"@type\":\"Article\",\"@id\":\"https:\\\/\\\/pueblaenlinea.com\\\/2025\\\/nota-roja\\\/sentencian-a-50-anos-de-prision-a-dos-hombres-por-robo-de-trailer-y-secuestro-expres-en-puebla\\\/#article\",\"isPartOf\":{\"@id\":\"https:\\\/\\\/pueblaenlinea.com\\\/2025\\\/nota-roja\\\/sentencian-a-50-anos-de-prision-a-dos-hombres-por-robo-de-trailer-y-secuestro-expres-en-puebla\\\/\"},\"author\":{\"name\":\"Jazmin Cardenas\",\"@id\":\"https:\\\/\\\/pueblaenlinea.com\\\/2025\\\/#\\\/schema\\\/person\\\/21ecc830e083be84dbddd9a05208834f\"},\"headline\":\"Sentencian a 50 a\u00f1os de prisi\u00f3n a dos hombres por robo de tr\u00e1iler y secuestro expr\u00e9s en Puebla\",\"datePublished\":\"2026-09-01T12:54:42+00:00\",\"dateModified\":\"2026-09-01T13:04:20+00:00\",\"mainEntityOfPage\":{\"@id\":\"https:\\\/\\\/pueblaenlinea.com\\\/2025\\\/nota-roja\\\/sentencian-a-50-anos-de-prision-a-dos-hombres-por-robo-de-trailer-y-secuestro-expres-en-puebla\\\/\"},\"wordCount\":573,\"image\":{\"@id\":\"https:\\\/\\\/pueblaenlinea.com\\\/2025\\\/nota-roja\\\/sentencian-a-50-anos-de-prision-a-dos-hombres-por-robo-de-trailer-y-secuestro-expres-en-puebla\\\/#primaryimage\"},\"thumbnailUrl\":\"https:\\\/\\\/pueblaenlinea.com\\\/2025\\\/wp-content\\\/uploads\\\/2026\\\/09\\\/detenidos.jpg\",\"keywords\":[\"detenidos\"],\"articleSection\":[\"Nota Roja\"],\"inLanguage\":\"es\"},{\"@type\":\"WebPage\",\"@id\":\"https:\\\/\\\/pueblaenlinea.com\\\/2025\\\/nota-roja\\\/sentencian-a-50-anos-de-prision-a-dos-hombres-por-robo-de-trailer-y-secuestro-expres-en-puebla\\\/\",\"url\":\"https:\\\/\\\/pueblaenlinea.com\\\/2025\\\/nota-roja\\\/sentencian-a-50-anos-de-prision-a-dos-hombres-por-robo-de-trailer-y-secuestro-expres-en-puebla\\\/\",\"name\":\"Sentencian a 50 a\u00f1os de prisi\u00f3n a dos hombres por robo de tr\u00e1iler y secuestro expr\u00e9s en Puebla - Puebla En Linea\",\"isPartOf\":{\"@id\":\"https:\\\/\\\/pueblaenlinea.com\\\/2025\\\/#website\"},\"primaryImageOfPage\":{\"@id\":\"https:\\\/\\\/pueblaenlinea.com\\\/2025\\\/nota-roja\\\/sentencian-a-50-anos-de-prision-a-dos-hombres-por-robo-de-trailer-y-secuestro-expres-en-puebla\\\/#primaryimage\"},\"image\":{\"@id\":\"https:\\\/\\\/pueblaenlinea.com\\\/2025\\\/nota-roja\\\/sentencian-a-50-anos-de-prision-a-dos-hombres-por-robo-de-trailer-y-secuestro-expres-en-puebla\\\/#primaryimage\"},\"thumbnailUrl\":\"https:\\\/\\\/pueblaenlinea.com\\\/2025\\\/wp-content\\\/uploads\\\/2026\\\/09\\\/detenidos.jpg\",\"datePublished\":\"2026-09-01T12:54:42+00:00\",\"dateModified\":\"2026-09-01T13:04:20+00:00\",\"author\":{\"@id\":\"https:\\\/\\\/pueblaenlinea.com\\\/2025\\\/#\\\/schema\\\/person\\\/21ecc830e083be84dbddd9a05208834f\"},\"description\":\"Sentencian a 50 a\u00f1os de prisi\u00f3n a dos hombres por robo de tr\u00e1iler y secuestro expr\u00e9s en Puebla Nota Roja\",\"breadcrumb\":{\"@id\":\"https:\\\/\\\/pueblaenlinea.com\\\/2025\\\/nota-roja\\\/sentencian-a-50-anos-de-prision-a-dos-hombres-por-robo-de-trailer-y-secuestro-expres-en-puebla\\\/#breadcrumb\"},\"inLanguage\":\"es\",\"potentialAction\":[{\"@type\":\"ReadAction\",\"target\":[\"https:\\\/\\\/pueblaenlinea.com\\\/2025\\\/nota-roja\\\/sentencian-a-50-anos-de-prision-a-dos-hombres-por-robo-de-trailer-y-secuestro-expres-en-puebla\\\/\"]}]},{\"@type\":\"ImageObject\",\"inLanguage\":\"es\",\"@id\":\"https:\\\/\\\/pueblaenlinea.com\\\/2025\\\/nota-roja\\\/sentencian-a-50-anos-de-prision-a-dos-hombres-por-robo-de-trailer-y-secuestro-expres-en-puebla\\\/#primaryimage\",\"url\":\"https:\\\/\\\/pueblaenlinea.com\\\/2025\\\/wp-content\\\/uploads\\\/2026\\\/09\\\/detenidos.jpg\",\"contentUrl\":\"https:\\\/\\\/pueblaenlinea.com\\\/2025\\\/wp-content\\\/uploads\\\/2026\\\/09\\\/detenidos.jpg\",\"width\":1200,\"height\":674},{\"@type\":\"BreadcrumbList\",\"@id\":\"https:\\\/\\\/pueblaenlinea.com\\\/2025\\\/nota-roja\\\/sentencian-a-50-anos-de-prision-a-dos-hombres-por-robo-de-trailer-y-secuestro-expres-en-puebla\\\/#breadcrumb\",\"itemListElement\":[{\"@type\":\"ListItem\",\"position\":1,\"name\":\"Inicio\",\"item\":\"https:\\\/\\\/pueblaenlinea.com\\\/2025\\\/\"},{\"@type\":\"ListItem\",\"position\":2,\"name\":\"Sentencian a 50 a\u00f1os de prisi\u00f3n a dos hombres por robo de tr\u00e1iler y secuestro expr\u00e9s en Puebla\"}]},{\"@type\":\"WebSite\",\"@id\":\"https:\\\/\\\/pueblaenlinea.com\\\/2025\\\/#website\",\"url\":\"https:\\\/\\\/pueblaenlinea.com\\\/2025\\\/\",\"name\":\"Puebla En Linea\",\"description\":\"noticias de puebla, periodismo serio y comprometido.\",\"potentialAction\":[{\"@type\":\"SearchAction\",\"target\":{\"@type\":\"EntryPoint\",\"urlTemplate\":\"https:\\\/\\\/pueblaenlinea.com\\\/2025\\\/?s={search_term_string}\"},\"query-input\":{\"@type\":\"PropertyValueSpecification\",\"valueRequired\":true,\"valueName\":\"search_term_string\"}}],\"inLanguage\":\"es\"},{\"@type\":\"Person\",\"@id\":\"https:\\\/\\\/pueblaenlinea.com\\\/2025\\\/#\\\/schema\\\/person\\\/21ecc830e083be84dbddd9a05208834f\",\"name\":\"Jazmin Cardenas\",\"image\":{\"@type\":\"ImageObject\",\"inLanguage\":\"es\",\"@id\":\"https:\\\/\\\/pueblaenlinea.com\\\/2025\\\/wp-content\\\/litespeed\\\/avatar\\\/9d7ab062f41a13d0af53522b39daf76f.jpg?ver=1788194722\",\"url\":\"https:\\\/\\\/pueblaenlinea.com\\\/2025\\\/wp-content\\\/litespeed\\\/avatar\\\/9d7ab062f41a13d0af53522b39daf76f.jpg?ver=1788194722\",\"contentUrl\":\"https:\\\/\\\/pueblaenlinea.com\\\/2025\\\/wp-content\\\/litespeed\\\/avatar\\\/9d7ab062f41a13d0af53522b39daf76f.jpg?ver=1788194722\",\"caption\":\"Jazmin Cardenas\"},\"url\":\"https:\\\/\\\/pueblaenlinea.com\\\/2025\\\/author\\\/jaz-pel\\\/\"}]}<\/script>\n<!-- \/ Yoast SEO plugin. -->","yoast_head_json":{"title":"Sentencian a 50 a\u00f1os de prisi\u00f3n a dos hombres por robo de tr\u00e1iler y secuestro expr\u00e9s en Puebla - Puebla En Linea","description":"Sentencian a 50 a\u00f1os de prisi\u00f3n a dos hombres por robo de tr\u00e1iler y secuestro expr\u00e9s en Puebla Nota Roja","robots":{"index":"index","follow":"follow","max-snippet":"max-snippet:-1","max-image-preview":"max-image-preview:large","max-video-preview":"max-video-preview:-1"},"canonical":"https:\/\/pueblaenlinea.com\/2025\/nota-roja\/sentencian-a-50-anos-de-prision-a-dos-hombres-por-robo-de-trailer-y-secuestro-expres-en-puebla\/","og_locale":"es_MX","og_type":"article","og_title":"Sentencian a 50 a\u00f1os de prisi\u00f3n a dos hombres por robo de tr\u00e1iler y secuestro expr\u00e9s en Puebla - Puebla En Linea","og_description":"Sentencian a 50 a\u00f1os de prisi\u00f3n a dos hombres por robo de tr\u00e1iler y secuestro expr\u00e9s en Puebla Nota Roja","og_url":"https:\/\/pueblaenlinea.com\/2025\/nota-roja\/sentencian-a-50-anos-de-prision-a-dos-hombres-por-robo-de-trailer-y-secuestro-expres-en-puebla\/","og_site_name":"Puebla En Linea","article_publisher":"https:\/\/www.facebook.com\/pueblaenlineacom","article_published_time":"2026-09-01T12:54:42+00:00","article_modified_time":"2026-09-01T13:04:20+00:00","og_image":[{"width":1200,"height":674,"url":"https:\/\/pueblaenlinea.com\/2025\/wp-content\/uploads\/2026\/09\/detenidos.jpg","type":"image\/jpeg"}],"author":"Jazmin Cardenas","twitter_card":"summary_large_image","twitter_misc":{"Escrito por":"Jazmin Cardenas","Tiempo de lectura":"3 minutos"},"schema":{"@context":"https:\/\/schema.org","@graph":[{"@type":"Article","@id":"https:\/\/pueblaenlinea.com\/2025\/nota-roja\/sentencian-a-50-anos-de-prision-a-dos-hombres-por-robo-de-trailer-y-secuestro-expres-en-puebla\/#article","isPartOf":{"@id":"https:\/\/pueblaenlinea.com\/2025\/nota-roja\/sentencian-a-50-anos-de-prision-a-dos-hombres-por-robo-de-trailer-y-secuestro-expres-en-puebla\/"},"author":{"name":"Jazmin Cardenas","@id":"https:\/\/pueblaenlinea.com\/2025\/#\/schema\/person\/21ecc830e083be84dbddd9a05208834f"},"headline":"Sentencian a 50 a\u00f1os de prisi\u00f3n a dos hombres por robo de tr\u00e1iler y secuestro expr\u00e9s en Puebla","datePublished":"2026-09-01T12:54:42+00:00","dateModified":"2026-09-01T13:04:20+00:00","mainEntityOfPage":{"@id":"https:\/\/pueblaenlinea.com\/2025\/nota-roja\/sentencian-a-50-anos-de-prision-a-dos-hombres-por-robo-de-trailer-y-secuestro-expres-en-puebla\/"},"wordCount":573,"image":{"@id":"https:\/\/pueblaenlinea.com\/2025\/nota-roja\/sentencian-a-50-anos-de-prision-a-dos-hombres-por-robo-de-trailer-y-secuestro-expres-en-puebla\/#primaryimage"},"thumbnailUrl":"https:\/\/pueblaenlinea.com\/2025\/wp-content\/uploads\/2026\/09\/detenidos.jpg","keywords":["detenidos"],"articleSection":["Nota Roja"],"inLanguage":"es"},{"@type":"WebPage","@id":"https:\/\/pueblaenlinea.com\/2025\/nota-roja\/sentencian-a-50-anos-de-prision-a-dos-hombres-por-robo-de-trailer-y-secuestro-expres-en-puebla\/","url":"https:\/\/pueblaenlinea.com\/2025\/nota-roja\/sentencian-a-50-anos-de-prision-a-dos-hombres-por-robo-de-trailer-y-secuestro-expres-en-puebla\/","name":"Sentencian a 50 a\u00f1os de prisi\u00f3n a dos hombres por robo de tr\u00e1iler y secuestro expr\u00e9s en Puebla - Puebla En Linea","isPartOf":{"@id":"https:\/\/pueblaenlinea.com\/2025\/#website"},"primaryImageOfPage":{"@id":"https:\/\/pueblaenlinea.com\/2025\/nota-roja\/sentencian-a-50-anos-de-prision-a-dos-hombres-por-robo-de-trailer-y-secuestro-expres-en-puebla\/#primaryimage"},"image":{"@id":"https:\/\/pueblaenlinea.com\/2025\/nota-roja\/sentencian-a-50-anos-de-prision-a-dos-hombres-por-robo-de-trailer-y-secuestro-expres-en-puebla\/#primaryimage"},"thumbnailUrl":"https:\/\/pueblaenlinea.com\/2025\/wp-content\/uploads\/2026\/09\/detenidos.jpg","datePublished":"2026-09-01T12:54:42+00:00","dateModified":"2026-09-01T13:04:20+00:00","author":{"@id":"https:\/\/pueblaenlinea.com\/2025\/#\/schema\/person\/21ecc830e083be84dbddd9a05208834f"},"description":"Sentencian a 50 a\u00f1os de prisi\u00f3n a dos hombres por robo de tr\u00e1iler y secuestro expr\u00e9s en Puebla Nota Roja","breadcrumb":{"@id":"https:\/\/pueblaenlinea.com\/2025\/nota-roja\/sentencian-a-50-anos-de-prision-a-dos-hombres-por-robo-de-trailer-y-secuestro-expres-en-puebla\/#breadcrumb"},"inLanguage":"es","potentialAction":[{"@type":"ReadAction","target":["https:\/\/pueblaenlinea.com\/2025\/nota-roja\/sentencian-a-50-anos-de-prision-a-dos-hombres-por-robo-de-trailer-y-secuestro-expres-en-puebla\/"]}]},{"@type":"ImageObject","inLanguage":"es","@id":"https:\/\/pueblaenlinea.com\/2025\/nota-roja\/sentencian-a-50-anos-de-prision-a-dos-hombres-por-robo-de-trailer-y-secuestro-expres-en-puebla\/#primaryimage","url":"https:\/\/pueblaenlinea.com\/2025\/wp-content\/uploads\/2026\/09\/detenidos.jpg","contentUrl":"https:\/\/pueblaenlinea.com\/2025\/wp-content\/uploads\/2026\/09\/detenidos.jpg","width":1200,"height":674},{"@type":"BreadcrumbList","@id":"https:\/\/pueblaenlinea.com\/2025\/nota-roja\/sentencian-a-50-anos-de-prision-a-dos-hombres-por-robo-de-trailer-y-secuestro-expres-en-puebla\/#breadcrumb","itemListElement":[{"@type":"ListItem","position":1,"name":"Inicio","item":"https:\/\/pueblaenlinea.com\/2025\/"},{"@type":"ListItem","position":2,"name":"Sentencian a 50 a\u00f1os de prisi\u00f3n a dos hombres por robo de tr\u00e1iler y secuestro expr\u00e9s en Puebla"}]},{"@type":"WebSite","@id":"https:\/\/pueblaenlinea.com\/2025\/#website","url":"https:\/\/pueblaenlinea.com\/2025\/","name":"Puebla En Linea","description":"noticias de puebla, periodismo serio y comprometido.","potentialAction":[{"@type":"SearchAction","target":{"@type":"EntryPoint","urlTemplate":"https:\/\/pueblaenlinea.com\/2025\/?s={search_term_string}"},"query-input":{"@type":"PropertyValueSpecification","valueRequired":true,"valueName":"search_term_string"}}],"inLanguage":"es"},{"@type":"Person","@id":"https:\/\/pueblaenlinea.com\/2025\/#\/schema\/person\/21ecc830e083be84dbddd9a05208834f","name":"Jazmin Cardenas","image":{"@type":"ImageObject","inLanguage":"es","@id":"https:\/\/pueblaenlinea.com\/2025\/wp-content\/litespeed\/avatar\/9d7ab062f41a13d0af53522b39daf76f.jpg?ver=1788194722","url":"https:\/\/pueblaenlinea.com\/2025\/wp-content\/litespeed\/avatar\/9d7ab062f41a13d0af53522b39daf76f.jpg?ver=1788194722","contentUrl":"https:\/\/pueblaenlinea.com\/2025\/wp-content\/litespeed\/avatar\/9d7ab062f41a13d0af53522b39daf76f.jpg?ver=1788194722","caption":"Jazmin Cardenas"},"url":"https:\/\/pueblaenlinea.com\/2025\/author\/jaz-pel\/"}]}},"_links":{"self":[{"href":"https:\/\/pueblaenlinea.com\/2025\/wp-json\/wp\/v2\/posts\/134710","targetHints":{"allow":["GET"]}}],"collection":[{"href":"https:\/\/pueblaenlinea.com\/2025\/wp-json\/wp\/v2\/posts"}],"about":[{"href":"https:\/\/pueblaenlinea.com\/2025\/wp-json\/wp\/v2\/types\/post"}],"author":[{"embeddable":true,"href":"https:\/\/pueblaenlinea.com\/2025\/wp-json\/wp\/v2\/users\/10"}],"replies":[{"embeddable":true,"href":"https:\/\/pueblaenlinea.com\/2025\/wp-json\/wp\/v2\/comments?post=134710"}],"version-history":[{"count":0,"href":"https:\/\/pueblaenlinea.com\/2025\/wp-json\/wp\/v2\/posts\/134710\/revisions"}],"wp:featuredmedia":[{"embeddable":true,"href":"https:\/\/pueblaenlinea.com\/2025\/wp-json\/wp\/v2\/media\/134711"}],"wp:attachment":[{"href":"https:\/\/pueblaenlinea.com\/2025\/wp-json\/wp\/v2\/media?parent=134710"}],"wp:term":[{"taxonomy":"category","embeddable":true,"href":"https:\/\/pueblaenlinea.com\/2025\/wp-json\/wp\/v2\/categories?post=134710"},{"taxonomy":"post_tag","embeddable":true,"href":"https:\/\/pueblaenlinea.com\/2025\/wp-json\/wp\/v2\/tags?post=134710"}],"curies":[{"name":"wp","href":"https:\/\/api.w.org\/{rel}","templated":true}]}}