{"id":134708,"date":"2026-08-31T21:07:44","date_gmt":"2026-09-01T03:07:44","guid":{"rendered":"https:\/\/pueblaenlinea.com\/2025\/?p=134708"},"modified":"2026-08-31T21:07:45","modified_gmt":"2026-09-01T03:07:45","slug":"quien-es-fernanda-n-cae-presunta-lideresa-criminal-y-tres-complices-en-puebla","status":"publish","type":"post","link":"https:\/\/pueblaenlinea.com\/2025\/nota-roja\/quien-es-fernanda-n-cae-presunta-lideresa-criminal-y-tres-complices-en-puebla\/","title":{"rendered":"\u00bfQui\u00e9n es Fernanda N.? Cae presunta lideresa criminal y tres c\u00f3mplices en Puebla"},"content":{"rendered":"\n<p class=\"wp-block-paragraph\"> <\/p>\n\n\n\n<p class=\"wp-block-paragraph\">El mapa del narcomenudeo en el sur del estado sum\u00f3 un nuevo rev\u00e9s cuando una c\u00e9lula presuntamente encabezada por una mujer fue desarticulada en Tehuac\u00e1n. Las fuerzas federales y locales cerraron el cerco en dos colonias distintas, demostrando que la geograf\u00eda de la impunidad urbana se reduce cada vez m\u00e1s bajo la presi\u00f3n de la inteligencia t\u00e1ctica.<\/p>\n\n\n\n<p class=\"wp-block-paragraph\">La ilusi\u00f3n de operar bajo el amparo de la cotidianidad barrial se desvaneci\u00f3 entre cateos y despliegues coordinados. No se trat\u00f3 de una casualidad fortuita, sino del resultado de trabajos de investigaci\u00f3n que terminaron por ubicar a Christian N., No\u00e9 N., Miguel N. y a quien las indagatorias se\u00f1alan como la cabecilla del grupo: Fernanda N.<\/p>\n\n\n\n<p class=\"wp-block-paragraph\">El primer eslab\u00f3n de la red cay\u00f3 en las inmediaciones de la colonia La Pur\u00edsima, donde los uniformados interceptaron a dos hombres con bolsas de marihuana y cristal. Sin embargo, el objetivo central aguardaba en la colonia Moctezuma, donde Fernanda N. fue aprehendida junto con su c\u00f3mplice portando decenas de dosis listas para la distribuci\u00f3n.<\/p>\n\n\n\n<p class=\"wp-block-paragraph\"><strong>Puntos clave del operativo en Tehuac\u00e1n<\/strong><\/p>\n\n\n\n<ul class=\"wp-block-list\">\n<li><strong>Los detenidos:<\/strong> Cuatro presuntos integrantes de una c\u00e9lula delictiva, identificados como Christian N., No\u00e9 N., Miguel N. y Fernanda N. (se\u00f1alada como lideresa).<\/li>\n\n\n\n<li><strong>Los escenarios:<\/strong> Despliegue t\u00e1ctico en las colonias La Pur\u00edsima y Moctezuma, en el municipio de Tehuac\u00e1n.<\/li>\n\n\n\n<li><strong>Lo asegurado:<\/strong> Diversas dosis de marihuana y al menos 40 bolsas con droga sint\u00e9tica (metanfetamina).<\/li>\n\n\n\n<li><strong>Instituciones participantes:<\/strong> Operativo coordinado entre Polic\u00eda Municipal, Polic\u00eda Estatal, Secretar\u00eda de Marina (Semar) y la Secretar\u00eda de la Defensa Nacional (Sedena).<\/li>\n\n\n\n<li><strong>Estatus legal:<\/strong> Los imputados fueron puestos a disposici\u00f3n de la Fiscal\u00eda General del Estado (FGE) por su presunta participaci\u00f3n en delitos contra la salud.<\/li>\n<\/ul>\n\n\n\n<p class=\"wp-block-paragraph\">La coordinaci\u00f3n interinstitucional entre fuerzas federales y locales vuelve a evidenciar que el combate al narcomenudeo requiere m\u00e1s que patrullajes rutinarios; exige desmantelar las estructuras financieras y de liderazgo que sostienen el mercado il\u00edcito en el interior del estado.<\/p>\n\n\n\n<p class=\"wp-block-paragraph\">Si quieres seguir esta y otras notas de inter\u00e9s en tiempo real, \u00fanete a nuestro canal de WhatsApp: <a target=\"_blank\" rel=\"noopener\" href=\"https:\/\/whatsapp.com\/channel\/0029Va5CSyuEQIalZaJWpX1h\">https:\/\/whatsapp.com\/channel\/0029Va5CSyuEQIalZaJWpX1h<\/a><\/p>\n\n\n\n<p class=\"wp-block-paragraph\">Golpear las cabezas visibles de las c\u00e9lulas criminales es apenas el primer paso en la recuperaci\u00f3n del tejido social. La verdadera seguridad se consolidar\u00e1 cuando el Estado logre cortar de ra\u00edz las redes de suministro que alimentan la adicci\u00f3n en nuestras comunidades.<\/p>\n\n\n\n<p class=\"wp-block-paragraph\">Escrito por Redacci\u00f3n Puebla En L\u00ednea<\/p>\n\n\n\n<p class=\"wp-block-paragraph\"><strong>T\u00edtulos alternativos para redes sociales<\/strong><\/p>\n\n\n\n<ol start=\"1\" class=\"wp-block-list\">\n<li>\u00bfQui\u00e9n es Fernanda N.? Cae presunta lideresa criminal y tres c\u00f3mplices en Tehuac\u00e1n<\/li>\n\n\n\n<li>Operativo conjunto en Tehuac\u00e1n: Detienen a cuatro personas con dosis de droga<\/li>\n\n\n\n<li>Golpe al narcomenudeo: Marina, Sedena y polic\u00eda detienen a supuesta c\u00e9lula criminal en Puebla<\/li>\n\n\n\n<li>De La Pur\u00edsima a Moctezuma: As\u00ed fue la captura de presuntos operadores delictivos<\/li>\n\n\n\n<li>Seguridad coordinada: Aseguran metanfetamina y detienen a presuntos l\u00edderes en Tehuac\u00e1n<\/li>\n<\/ol>\n\n\n\n<p class=\"wp-block-paragraph\"> <\/p>\n","protected":false},"excerpt":{"rendered":"<p>El mapa del narcomenudeo en el sur del estado sum\u00f3 un nuevo rev\u00e9s cuando una c\u00e9lula presuntamente encabezada por una mujer fue desarticulada en Tehuac\u00e1n. Las fuerzas federales y locales cerraron el cerco en dos colonias distintas, demostrando que la geograf\u00eda de la impunidad urbana se reduce cada vez m\u00e1s bajo la presi\u00f3n de la&#8230;<\/p>\n","protected":false},"author":2,"featured_media":134709,"comment_status":"closed","ping_status":"closed","sticky":false,"template":"","format":"standard","meta":{"footnotes":""},"categories":[24],"tags":[1400],"class_list":["post-134708","post","type-post","status-publish","format-standard","has-post-thumbnail","hentry","category-nota-roja","tag-detenidos"],"yoast_head":"<!-- This site is optimized with the Yoast SEO plugin v28.0 - https:\/\/yoast.com\/product\/yoast-seo-wordpress\/ -->\n<title>\u00bfQui\u00e9n es Fernanda N.? Cae presunta lideresa criminal y tres c\u00f3mplices en Puebla - Puebla En Linea<\/title>\n<meta name=\"description\" content=\"\u00bfQui\u00e9n es Fernanda N.? Cae presunta lideresa criminal y tres c\u00f3mplices en Puebla Nota Roja\" \/>\n<meta name=\"robots\" content=\"index, follow, max-snippet:-1, max-image-preview:large, max-video-preview:-1\" \/>\n<link rel=\"canonical\" href=\"https:\/\/pueblaenlinea.com\/2025\/nota-roja\/quien-es-fernanda-n-cae-presunta-lideresa-criminal-y-tres-complices-en-puebla\/\" \/>\n<meta property=\"og:locale\" content=\"es_MX\" \/>\n<meta property=\"og:type\" content=\"article\" \/>\n<meta property=\"og:title\" content=\"\u00bfQui\u00e9n es Fernanda N.? Cae presunta lideresa criminal y tres c\u00f3mplices en Puebla - Puebla En Linea\" \/>\n<meta property=\"og:description\" content=\"\u00bfQui\u00e9n es Fernanda N.? Cae presunta lideresa criminal y tres c\u00f3mplices en Puebla Nota Roja\" \/>\n<meta property=\"og:url\" content=\"https:\/\/pueblaenlinea.com\/2025\/nota-roja\/quien-es-fernanda-n-cae-presunta-lideresa-criminal-y-tres-complices-en-puebla\/\" \/>\n<meta property=\"og:site_name\" content=\"Puebla En Linea\" \/>\n<meta property=\"article:publisher\" content=\"https:\/\/www.facebook.com\/pueblaenlineacom\" \/>\n<meta property=\"article:published_time\" content=\"2026-09-01T03:07:44+00:00\" \/>\n<meta property=\"article:modified_time\" content=\"2026-09-01T03:07:45+00:00\" \/>\n<meta property=\"og:image\" content=\"https:\/\/pueblaenlinea.com\/2025\/wp-content\/uploads\/2026\/08\/pel-214.jpg\" \/>\n\t<meta property=\"og:image:width\" content=\"1200\" \/>\n\t<meta property=\"og:image:height\" content=\"674\" \/>\n\t<meta property=\"og:image:type\" content=\"image\/jpeg\" \/>\n<meta name=\"author\" content=\"Puebla EnLinea\" \/>\n<meta name=\"twitter:card\" content=\"summary_large_image\" \/>\n<meta name=\"twitter:label1\" content=\"Escrito por\" \/>\n\t<meta name=\"twitter:data1\" content=\"Puebla EnLinea\" \/>\n\t<meta name=\"twitter:label2\" content=\"Tiempo de lectura\" \/>\n\t<meta name=\"twitter:data2\" content=\"3 minutos\" \/>\n<script type=\"application\/ld+json\" class=\"yoast-schema-graph\">{\"@context\":\"https:\\\/\\\/schema.org\",\"@graph\":[{\"@type\":\"Article\",\"@id\":\"https:\\\/\\\/pueblaenlinea.com\\\/2025\\\/nota-roja\\\/quien-es-fernanda-n-cae-presunta-lideresa-criminal-y-tres-complices-en-puebla\\\/#article\",\"isPartOf\":{\"@id\":\"https:\\\/\\\/pueblaenlinea.com\\\/2025\\\/nota-roja\\\/quien-es-fernanda-n-cae-presunta-lideresa-criminal-y-tres-complices-en-puebla\\\/\"},\"author\":{\"name\":\"Puebla EnLinea\",\"@id\":\"https:\\\/\\\/pueblaenlinea.com\\\/2025\\\/#\\\/schema\\\/person\\\/6e2e07bc4690564243accbe893d21877\"},\"headline\":\"\u00bfQui\u00e9n es Fernanda N.? Cae presunta lideresa criminal y tres c\u00f3mplices en Puebla\",\"datePublished\":\"2026-09-01T03:07:44+00:00\",\"dateModified\":\"2026-09-01T03:07:45+00:00\",\"mainEntityOfPage\":{\"@id\":\"https:\\\/\\\/pueblaenlinea.com\\\/2025\\\/nota-roja\\\/quien-es-fernanda-n-cae-presunta-lideresa-criminal-y-tres-complices-en-puebla\\\/\"},\"wordCount\":515,\"image\":{\"@id\":\"https:\\\/\\\/pueblaenlinea.com\\\/2025\\\/nota-roja\\\/quien-es-fernanda-n-cae-presunta-lideresa-criminal-y-tres-complices-en-puebla\\\/#primaryimage\"},\"thumbnailUrl\":\"https:\\\/\\\/pueblaenlinea.com\\\/2025\\\/wp-content\\\/uploads\\\/2026\\\/08\\\/pel-214.jpg\",\"keywords\":[\"detenidos\"],\"articleSection\":[\"Nota Roja\"],\"inLanguage\":\"es\"},{\"@type\":\"WebPage\",\"@id\":\"https:\\\/\\\/pueblaenlinea.com\\\/2025\\\/nota-roja\\\/quien-es-fernanda-n-cae-presunta-lideresa-criminal-y-tres-complices-en-puebla\\\/\",\"url\":\"https:\\\/\\\/pueblaenlinea.com\\\/2025\\\/nota-roja\\\/quien-es-fernanda-n-cae-presunta-lideresa-criminal-y-tres-complices-en-puebla\\\/\",\"name\":\"\u00bfQui\u00e9n es Fernanda N.? Cae presunta lideresa criminal y tres c\u00f3mplices en Puebla - Puebla En Linea\",\"isPartOf\":{\"@id\":\"https:\\\/\\\/pueblaenlinea.com\\\/2025\\\/#website\"},\"primaryImageOfPage\":{\"@id\":\"https:\\\/\\\/pueblaenlinea.com\\\/2025\\\/nota-roja\\\/quien-es-fernanda-n-cae-presunta-lideresa-criminal-y-tres-complices-en-puebla\\\/#primaryimage\"},\"image\":{\"@id\":\"https:\\\/\\\/pueblaenlinea.com\\\/2025\\\/nota-roja\\\/quien-es-fernanda-n-cae-presunta-lideresa-criminal-y-tres-complices-en-puebla\\\/#primaryimage\"},\"thumbnailUrl\":\"https:\\\/\\\/pueblaenlinea.com\\\/2025\\\/wp-content\\\/uploads\\\/2026\\\/08\\\/pel-214.jpg\",\"datePublished\":\"2026-09-01T03:07:44+00:00\",\"dateModified\":\"2026-09-01T03:07:45+00:00\",\"author\":{\"@id\":\"https:\\\/\\\/pueblaenlinea.com\\\/2025\\\/#\\\/schema\\\/person\\\/6e2e07bc4690564243accbe893d21877\"},\"description\":\"\u00bfQui\u00e9n es Fernanda N.? Cae presunta lideresa criminal y tres c\u00f3mplices en Puebla Nota Roja\",\"breadcrumb\":{\"@id\":\"https:\\\/\\\/pueblaenlinea.com\\\/2025\\\/nota-roja\\\/quien-es-fernanda-n-cae-presunta-lideresa-criminal-y-tres-complices-en-puebla\\\/#breadcrumb\"},\"inLanguage\":\"es\",\"potentialAction\":[{\"@type\":\"ReadAction\",\"target\":[\"https:\\\/\\\/pueblaenlinea.com\\\/2025\\\/nota-roja\\\/quien-es-fernanda-n-cae-presunta-lideresa-criminal-y-tres-complices-en-puebla\\\/\"]}]},{\"@type\":\"ImageObject\",\"inLanguage\":\"es\",\"@id\":\"https:\\\/\\\/pueblaenlinea.com\\\/2025\\\/nota-roja\\\/quien-es-fernanda-n-cae-presunta-lideresa-criminal-y-tres-complices-en-puebla\\\/#primaryimage\",\"url\":\"https:\\\/\\\/pueblaenlinea.com\\\/2025\\\/wp-content\\\/uploads\\\/2026\\\/08\\\/pel-214.jpg\",\"contentUrl\":\"https:\\\/\\\/pueblaenlinea.com\\\/2025\\\/wp-content\\\/uploads\\\/2026\\\/08\\\/pel-214.jpg\",\"width\":1200,\"height\":674,\"caption\":\"detienenlidercriminal\"},{\"@type\":\"BreadcrumbList\",\"@id\":\"https:\\\/\\\/pueblaenlinea.com\\\/2025\\\/nota-roja\\\/quien-es-fernanda-n-cae-presunta-lideresa-criminal-y-tres-complices-en-puebla\\\/#breadcrumb\",\"itemListElement\":[{\"@type\":\"ListItem\",\"position\":1,\"name\":\"Inicio\",\"item\":\"https:\\\/\\\/pueblaenlinea.com\\\/2025\\\/\"},{\"@type\":\"ListItem\",\"position\":2,\"name\":\"\u00bfQui\u00e9n es Fernanda N.? Cae presunta lideresa criminal y tres c\u00f3mplices en Puebla\"}]},{\"@type\":\"WebSite\",\"@id\":\"https:\\\/\\\/pueblaenlinea.com\\\/2025\\\/#website\",\"url\":\"https:\\\/\\\/pueblaenlinea.com\\\/2025\\\/\",\"name\":\"Puebla En Linea\",\"description\":\"noticias de puebla, periodismo serio y comprometido.\",\"potentialAction\":[{\"@type\":\"SearchAction\",\"target\":{\"@type\":\"EntryPoint\",\"urlTemplate\":\"https:\\\/\\\/pueblaenlinea.com\\\/2025\\\/?s={search_term_string}\"},\"query-input\":{\"@type\":\"PropertyValueSpecification\",\"valueRequired\":true,\"valueName\":\"search_term_string\"}}],\"inLanguage\":\"es\"},{\"@type\":\"Person\",\"@id\":\"https:\\\/\\\/pueblaenlinea.com\\\/2025\\\/#\\\/schema\\\/person\\\/6e2e07bc4690564243accbe893d21877\",\"name\":\"Puebla EnLinea\",\"image\":{\"@type\":\"ImageObject\",\"inLanguage\":\"es\",\"@id\":\"https:\\\/\\\/pueblaenlinea.com\\\/2025\\\/wp-content\\\/litespeed\\\/avatar\\\/3b8bde7acb3c32a2512cab1d325df9d8.jpg?ver=1787685560\",\"url\":\"https:\\\/\\\/pueblaenlinea.com\\\/2025\\\/wp-content\\\/litespeed\\\/avatar\\\/3b8bde7acb3c32a2512cab1d325df9d8.jpg?ver=1787685560\",\"contentUrl\":\"https:\\\/\\\/pueblaenlinea.com\\\/2025\\\/wp-content\\\/litespeed\\\/avatar\\\/3b8bde7acb3c32a2512cab1d325df9d8.jpg?ver=1787685560\",\"caption\":\"Puebla EnLinea\"},\"url\":\"https:\\\/\\\/pueblaenlinea.com\\\/2025\\\/author\\\/pueblaenlinea\\\/\"}]}<\/script>\n<!-- \/ Yoast SEO plugin. -->","yoast_head_json":{"title":"\u00bfQui\u00e9n es Fernanda N.? Cae presunta lideresa criminal y tres c\u00f3mplices en Puebla - Puebla En Linea","description":"\u00bfQui\u00e9n es Fernanda N.? Cae presunta lideresa criminal y tres c\u00f3mplices en Puebla Nota Roja","robots":{"index":"index","follow":"follow","max-snippet":"max-snippet:-1","max-image-preview":"max-image-preview:large","max-video-preview":"max-video-preview:-1"},"canonical":"https:\/\/pueblaenlinea.com\/2025\/nota-roja\/quien-es-fernanda-n-cae-presunta-lideresa-criminal-y-tres-complices-en-puebla\/","og_locale":"es_MX","og_type":"article","og_title":"\u00bfQui\u00e9n es Fernanda N.? Cae presunta lideresa criminal y tres c\u00f3mplices en Puebla - Puebla En Linea","og_description":"\u00bfQui\u00e9n es Fernanda N.? Cae presunta lideresa criminal y tres c\u00f3mplices en Puebla Nota Roja","og_url":"https:\/\/pueblaenlinea.com\/2025\/nota-roja\/quien-es-fernanda-n-cae-presunta-lideresa-criminal-y-tres-complices-en-puebla\/","og_site_name":"Puebla En Linea","article_publisher":"https:\/\/www.facebook.com\/pueblaenlineacom","article_published_time":"2026-09-01T03:07:44+00:00","article_modified_time":"2026-09-01T03:07:45+00:00","og_image":[{"width":1200,"height":674,"url":"https:\/\/pueblaenlinea.com\/2025\/wp-content\/uploads\/2026\/08\/pel-214.jpg","type":"image\/jpeg"}],"author":"Puebla EnLinea","twitter_card":"summary_large_image","twitter_misc":{"Escrito por":"Puebla EnLinea","Tiempo de lectura":"3 minutos"},"schema":{"@context":"https:\/\/schema.org","@graph":[{"@type":"Article","@id":"https:\/\/pueblaenlinea.com\/2025\/nota-roja\/quien-es-fernanda-n-cae-presunta-lideresa-criminal-y-tres-complices-en-puebla\/#article","isPartOf":{"@id":"https:\/\/pueblaenlinea.com\/2025\/nota-roja\/quien-es-fernanda-n-cae-presunta-lideresa-criminal-y-tres-complices-en-puebla\/"},"author":{"name":"Puebla EnLinea","@id":"https:\/\/pueblaenlinea.com\/2025\/#\/schema\/person\/6e2e07bc4690564243accbe893d21877"},"headline":"\u00bfQui\u00e9n es Fernanda N.? Cae presunta lideresa criminal y tres c\u00f3mplices en Puebla","datePublished":"2026-09-01T03:07:44+00:00","dateModified":"2026-09-01T03:07:45+00:00","mainEntityOfPage":{"@id":"https:\/\/pueblaenlinea.com\/2025\/nota-roja\/quien-es-fernanda-n-cae-presunta-lideresa-criminal-y-tres-complices-en-puebla\/"},"wordCount":515,"image":{"@id":"https:\/\/pueblaenlinea.com\/2025\/nota-roja\/quien-es-fernanda-n-cae-presunta-lideresa-criminal-y-tres-complices-en-puebla\/#primaryimage"},"thumbnailUrl":"https:\/\/pueblaenlinea.com\/2025\/wp-content\/uploads\/2026\/08\/pel-214.jpg","keywords":["detenidos"],"articleSection":["Nota Roja"],"inLanguage":"es"},{"@type":"WebPage","@id":"https:\/\/pueblaenlinea.com\/2025\/nota-roja\/quien-es-fernanda-n-cae-presunta-lideresa-criminal-y-tres-complices-en-puebla\/","url":"https:\/\/pueblaenlinea.com\/2025\/nota-roja\/quien-es-fernanda-n-cae-presunta-lideresa-criminal-y-tres-complices-en-puebla\/","name":"\u00bfQui\u00e9n es Fernanda N.? Cae presunta lideresa criminal y tres c\u00f3mplices en Puebla - Puebla En Linea","isPartOf":{"@id":"https:\/\/pueblaenlinea.com\/2025\/#website"},"primaryImageOfPage":{"@id":"https:\/\/pueblaenlinea.com\/2025\/nota-roja\/quien-es-fernanda-n-cae-presunta-lideresa-criminal-y-tres-complices-en-puebla\/#primaryimage"},"image":{"@id":"https:\/\/pueblaenlinea.com\/2025\/nota-roja\/quien-es-fernanda-n-cae-presunta-lideresa-criminal-y-tres-complices-en-puebla\/#primaryimage"},"thumbnailUrl":"https:\/\/pueblaenlinea.com\/2025\/wp-content\/uploads\/2026\/08\/pel-214.jpg","datePublished":"2026-09-01T03:07:44+00:00","dateModified":"2026-09-01T03:07:45+00:00","author":{"@id":"https:\/\/pueblaenlinea.com\/2025\/#\/schema\/person\/6e2e07bc4690564243accbe893d21877"},"description":"\u00bfQui\u00e9n es Fernanda N.? Cae presunta lideresa criminal y tres c\u00f3mplices en Puebla Nota Roja","breadcrumb":{"@id":"https:\/\/pueblaenlinea.com\/2025\/nota-roja\/quien-es-fernanda-n-cae-presunta-lideresa-criminal-y-tres-complices-en-puebla\/#breadcrumb"},"inLanguage":"es","potentialAction":[{"@type":"ReadAction","target":["https:\/\/pueblaenlinea.com\/2025\/nota-roja\/quien-es-fernanda-n-cae-presunta-lideresa-criminal-y-tres-complices-en-puebla\/"]}]},{"@type":"ImageObject","inLanguage":"es","@id":"https:\/\/pueblaenlinea.com\/2025\/nota-roja\/quien-es-fernanda-n-cae-presunta-lideresa-criminal-y-tres-complices-en-puebla\/#primaryimage","url":"https:\/\/pueblaenlinea.com\/2025\/wp-content\/uploads\/2026\/08\/pel-214.jpg","contentUrl":"https:\/\/pueblaenlinea.com\/2025\/wp-content\/uploads\/2026\/08\/pel-214.jpg","width":1200,"height":674,"caption":"detienenlidercriminal"},{"@type":"BreadcrumbList","@id":"https:\/\/pueblaenlinea.com\/2025\/nota-roja\/quien-es-fernanda-n-cae-presunta-lideresa-criminal-y-tres-complices-en-puebla\/#breadcrumb","itemListElement":[{"@type":"ListItem","position":1,"name":"Inicio","item":"https:\/\/pueblaenlinea.com\/2025\/"},{"@type":"ListItem","position":2,"name":"\u00bfQui\u00e9n es Fernanda N.? Cae presunta lideresa criminal y tres c\u00f3mplices en Puebla"}]},{"@type":"WebSite","@id":"https:\/\/pueblaenlinea.com\/2025\/#website","url":"https:\/\/pueblaenlinea.com\/2025\/","name":"Puebla En Linea","description":"noticias de puebla, periodismo serio y comprometido.","potentialAction":[{"@type":"SearchAction","target":{"@type":"EntryPoint","urlTemplate":"https:\/\/pueblaenlinea.com\/2025\/?s={search_term_string}"},"query-input":{"@type":"PropertyValueSpecification","valueRequired":true,"valueName":"search_term_string"}}],"inLanguage":"es"},{"@type":"Person","@id":"https:\/\/pueblaenlinea.com\/2025\/#\/schema\/person\/6e2e07bc4690564243accbe893d21877","name":"Puebla EnLinea","image":{"@type":"ImageObject","inLanguage":"es","@id":"https:\/\/pueblaenlinea.com\/2025\/wp-content\/litespeed\/avatar\/3b8bde7acb3c32a2512cab1d325df9d8.jpg?ver=1787685560","url":"https:\/\/pueblaenlinea.com\/2025\/wp-content\/litespeed\/avatar\/3b8bde7acb3c32a2512cab1d325df9d8.jpg?ver=1787685560","contentUrl":"https:\/\/pueblaenlinea.com\/2025\/wp-content\/litespeed\/avatar\/3b8bde7acb3c32a2512cab1d325df9d8.jpg?ver=1787685560","caption":"Puebla EnLinea"},"url":"https:\/\/pueblaenlinea.com\/2025\/author\/pueblaenlinea\/"}]}},"_links":{"self":[{"href":"https:\/\/pueblaenlinea.com\/2025\/wp-json\/wp\/v2\/posts\/134708","targetHints":{"allow":["GET"]}}],"collection":[{"href":"https:\/\/pueblaenlinea.com\/2025\/wp-json\/wp\/v2\/posts"}],"about":[{"href":"https:\/\/pueblaenlinea.com\/2025\/wp-json\/wp\/v2\/types\/post"}],"author":[{"embeddable":true,"href":"https:\/\/pueblaenlinea.com\/2025\/wp-json\/wp\/v2\/users\/2"}],"replies":[{"embeddable":true,"href":"https:\/\/pueblaenlinea.com\/2025\/wp-json\/wp\/v2\/comments?post=134708"}],"version-history":[{"count":0,"href":"https:\/\/pueblaenlinea.com\/2025\/wp-json\/wp\/v2\/posts\/134708\/revisions"}],"wp:featuredmedia":[{"embeddable":true,"href":"https:\/\/pueblaenlinea.com\/2025\/wp-json\/wp\/v2\/media\/134709"}],"wp:attachment":[{"href":"https:\/\/pueblaenlinea.com\/2025\/wp-json\/wp\/v2\/media?parent=134708"}],"wp:term":[{"taxonomy":"category","embeddable":true,"href":"https:\/\/pueblaenlinea.com\/2025\/wp-json\/wp\/v2\/categories?post=134708"},{"taxonomy":"post_tag","embeddable":true,"href":"https:\/\/pueblaenlinea.com\/2025\/wp-json\/wp\/v2\/tags?post=134708"}],"curies":[{"name":"wp","href":"https:\/\/api.w.org\/{rel}","templated":true}]}}