{"id":134704,"date":"2026-08-31T20:53:49","date_gmt":"2026-09-01T02:53:49","guid":{"rendered":"https:\/\/pueblaenlinea.com\/2025\/?p=134704"},"modified":"2026-08-31T20:53:50","modified_gmt":"2026-09-01T02:53:50","slug":"comando-armado-lanza-balazos-y-asalta-coppel-en-lomas-de-angelopolis","status":"publish","type":"post","link":"https:\/\/pueblaenlinea.com\/2025\/nota-roja\/comando-armado-lanza-balazos-y-asalta-coppel-en-lomas-de-angelopolis\/","title":{"rendered":"Comando armado lanza balazos y asalta Coppel en Lomas de Angel\u00f3polis"},"content":{"rendered":"\n<p class=\"wp-block-paragraph\">La exclusividad y los muros de cristal de Lomas de Angel\u00f3polis demostraron una vez m\u00e1s que no son un escudo contra la audacia del hampa, cuando el sonido de las balas irrumpi\u00f3 en plena zona comercial.<\/p>\n\n\n\n<p class=\"wp-block-paragraph\">Un asalto armado al Coppel de este exclusivo sector rompi\u00f3 la tarde con detonaciones que sembraron el p\u00e1nico, confirmando que la delincuencia contempor\u00e1nea ignora los c\u00f3digos postales privilegiados y las casetas de vigilancia privada.<\/p>\n\n\n\n<p class=\"wp-block-paragraph\"><strong>Puntos clave del atraco<\/strong><\/p>\n\n\n\n<ul class=\"wp-block-list\">\n<li><strong>El escenario:<\/strong> Tienda Coppel ubicada en la zona de Lomas de Angel\u00f3polis.<\/li>\n\n\n\n<li><strong>Los agresores:<\/strong> Dos sujetos a bordo de una motocicleta, quienes irrumpieron con armas de fuego.<\/li>\n\n\n\n<li><strong>El modus operandi:<\/strong> Realizaron detonaciones de arma de fuego dentro del establecimiento para someter a empleados y clientes.<\/li>\n\n\n\n<li><strong>El saldo:<\/strong> Afortunadamente, no se reportaron personas lesionadas por los disparos, limit\u00e1ndose el hecho a crisis nerviosas y el robo de mercanc\u00eda.<\/li>\n\n\n\n<li><strong>La huida:<\/strong> Tras el impacto inicial, los responsables escaparon a bordo de la unidad motorizada sin que hasta el momento se reporte su detenci\u00f3n.<\/li>\n<\/ul>\n\n\n\n<p class=\"wp-block-paragraph\">Dos hombres en motocicleta decidieron que los filtros de acceso y la aparente tranquilidad residencial eran solo un obst\u00e1culo menor. Al llegar al establecimiento comercial, la intimidaci\u00f3n se tradujo en plomo al aire y exigencias violentas, dejando claro que el bot\u00edn importa menos que la pasmosa facilidad con la que se opera a plena luz del d\u00eda.<\/p>\n\n\n\n<p class=\"wp-block-paragraph\">Si quieres seguir esta y otras notas de inter\u00e9s en tiempo real, \u00fanete a nuestro canal de WhatsApp: <a target=\"_blank\" rel=\"noopener\" href=\"https:\/\/whatsapp.com\/channel\/0029Va5CSyuEQIalZaJWpX1h\">https:\/\/whatsapp.com\/channel\/0029Va5CSyuEQIalZaJWpX1h<\/a><\/p>\n\n\n\n<p class=\"wp-block-paragraph\">Cuando la violencia cruza los portones de los fraccionamientos m\u00e1s vigilados, la ilusi\u00f3n de vivir blindados se desvanece por completo. La seguridad ciudadana no se compra con plumas de acceso ni guardias privados, sino con una estrategia institucional que frene la descomposici\u00f3n social que ya recorre todas las geograf\u00edas de Puebla.<\/p>\n\n\n\n<p class=\"wp-block-paragraph\">Escrito por Redacci\u00f3n Puebla En L\u00ednea<\/p>\n\n\n\n<p class=\"wp-block-paragraph\"><strong>T\u00edtulos alternativos para redes sociales<\/strong><\/p>\n\n\n\n<ol start=\"1\" class=\"wp-block-list\">\n<li>\u00bfNi los fraccionamientos exclusivos se salvan? As\u00ed fue el asalto armado a Coppel en Lomas de Angel\u00f3polis<\/li>\n\n\n\n<li>Balazos y p\u00e1nico: Dos sujetos en moto atracan tienda departamental en zona residencial de Puebla<\/li>\n\n\n\n<li>Plomo y bot\u00edn: Asaltan Coppel en Lomas de Angel\u00f3polis a plena luz del d\u00eda<\/li>\n\n\n\n<li>Detonaciones y terror: Lo que se sabe del asalto armado en la zona comercial m\u00e1s vigilada<\/li>\n\n\n\n<li>La delincuencia cruza los filtros: Comando en moto asalta tienda en Lomas de Angel\u00f3polis<\/li>\n<\/ol>\n\n\n\n<p class=\"wp-block-paragraph\"><strong> <\/strong> Coppel Lomas de Angelopolis, asalto armado Puebla, balacera Lomas de Angelopolis, notas rojas Puebla, noticias Puebla hoy<\/p>\n","protected":false},"excerpt":{"rendered":"<p>La exclusividad y los muros de cristal de Lomas de Angel\u00f3polis demostraron una vez m\u00e1s que no son un escudo contra la audacia del hampa, cuando el sonido de las balas irrumpi\u00f3 en plena zona comercial. Un asalto armado al Coppel de este exclusivo sector rompi\u00f3 la tarde con detonaciones que sembraron el p\u00e1nico, confirmando&#8230;<\/p>\n","protected":false},"author":2,"featured_media":134705,"comment_status":"closed","ping_status":"closed","sticky":false,"template":"","format":"standard","meta":{"footnotes":""},"categories":[24],"tags":[1395],"class_list":["post-134704","post","type-post","status-publish","format-standard","has-post-thumbnail","hentry","category-nota-roja","tag-asalto-puebla"],"yoast_head":"<!-- This site is optimized with the Yoast SEO plugin v28.0 - https:\/\/yoast.com\/product\/yoast-seo-wordpress\/ -->\n<title>Comando armado lanza balazos y asalta Coppel en Lomas de Angel\u00f3polis - Puebla En Linea<\/title>\n<meta name=\"description\" content=\"Comando armado lanza balazos y asalta Coppel en Lomas de Angel\u00f3polis Nota Roja\" \/>\n<meta name=\"robots\" content=\"index, follow, max-snippet:-1, max-image-preview:large, max-video-preview:-1\" \/>\n<link rel=\"canonical\" href=\"https:\/\/pueblaenlinea.com\/2025\/nota-roja\/comando-armado-lanza-balazos-y-asalta-coppel-en-lomas-de-angelopolis\/\" \/>\n<meta property=\"og:locale\" content=\"es_MX\" \/>\n<meta property=\"og:type\" content=\"article\" \/>\n<meta property=\"og:title\" content=\"Comando armado lanza balazos y asalta Coppel en Lomas de Angel\u00f3polis - Puebla En Linea\" \/>\n<meta property=\"og:description\" content=\"Comando armado lanza balazos y asalta Coppel en Lomas de Angel\u00f3polis Nota Roja\" \/>\n<meta property=\"og:url\" content=\"https:\/\/pueblaenlinea.com\/2025\/nota-roja\/comando-armado-lanza-balazos-y-asalta-coppel-en-lomas-de-angelopolis\/\" \/>\n<meta property=\"og:site_name\" content=\"Puebla En Linea\" \/>\n<meta property=\"article:publisher\" content=\"https:\/\/www.facebook.com\/pueblaenlineacom\" \/>\n<meta property=\"article:published_time\" content=\"2026-09-01T02:53:49+00:00\" \/>\n<meta property=\"article:modified_time\" content=\"2026-09-01T02:53:50+00:00\" \/>\n<meta property=\"og:image\" content=\"https:\/\/pueblaenlinea.com\/2025\/wp-content\/uploads\/2026\/08\/pel-212.jpg\" \/>\n\t<meta property=\"og:image:width\" content=\"1200\" \/>\n\t<meta property=\"og:image:height\" content=\"674\" \/>\n\t<meta property=\"og:image:type\" content=\"image\/jpeg\" \/>\n<meta name=\"author\" content=\"Puebla EnLinea\" \/>\n<meta name=\"twitter:card\" content=\"summary_large_image\" \/>\n<meta name=\"twitter:label1\" content=\"Escrito por\" \/>\n\t<meta name=\"twitter:data1\" content=\"Puebla EnLinea\" \/>\n\t<meta name=\"twitter:label2\" content=\"Tiempo de lectura\" \/>\n\t<meta name=\"twitter:data2\" content=\"3 minutos\" \/>\n<script type=\"application\/ld+json\" class=\"yoast-schema-graph\">{\"@context\":\"https:\\\/\\\/schema.org\",\"@graph\":[{\"@type\":\"Article\",\"@id\":\"https:\\\/\\\/pueblaenlinea.com\\\/2025\\\/nota-roja\\\/comando-armado-lanza-balazos-y-asalta-coppel-en-lomas-de-angelopolis\\\/#article\",\"isPartOf\":{\"@id\":\"https:\\\/\\\/pueblaenlinea.com\\\/2025\\\/nota-roja\\\/comando-armado-lanza-balazos-y-asalta-coppel-en-lomas-de-angelopolis\\\/\"},\"author\":{\"name\":\"Puebla EnLinea\",\"@id\":\"https:\\\/\\\/pueblaenlinea.com\\\/2025\\\/#\\\/schema\\\/person\\\/6e2e07bc4690564243accbe893d21877\"},\"headline\":\"Comando armado lanza balazos y asalta Coppel en Lomas de Angel\u00f3polis\",\"datePublished\":\"2026-09-01T02:53:49+00:00\",\"dateModified\":\"2026-09-01T02:53:50+00:00\",\"mainEntityOfPage\":{\"@id\":\"https:\\\/\\\/pueblaenlinea.com\\\/2025\\\/nota-roja\\\/comando-armado-lanza-balazos-y-asalta-coppel-en-lomas-de-angelopolis\\\/\"},\"wordCount\":442,\"image\":{\"@id\":\"https:\\\/\\\/pueblaenlinea.com\\\/2025\\\/nota-roja\\\/comando-armado-lanza-balazos-y-asalta-coppel-en-lomas-de-angelopolis\\\/#primaryimage\"},\"thumbnailUrl\":\"https:\\\/\\\/pueblaenlinea.com\\\/2025\\\/wp-content\\\/uploads\\\/2026\\\/08\\\/pel-212.jpg\",\"keywords\":[\"asalto puebla\"],\"articleSection\":[\"Nota Roja\"],\"inLanguage\":\"es\"},{\"@type\":\"WebPage\",\"@id\":\"https:\\\/\\\/pueblaenlinea.com\\\/2025\\\/nota-roja\\\/comando-armado-lanza-balazos-y-asalta-coppel-en-lomas-de-angelopolis\\\/\",\"url\":\"https:\\\/\\\/pueblaenlinea.com\\\/2025\\\/nota-roja\\\/comando-armado-lanza-balazos-y-asalta-coppel-en-lomas-de-angelopolis\\\/\",\"name\":\"Comando armado lanza balazos y asalta Coppel en Lomas de Angel\u00f3polis - Puebla En Linea\",\"isPartOf\":{\"@id\":\"https:\\\/\\\/pueblaenlinea.com\\\/2025\\\/#website\"},\"primaryImageOfPage\":{\"@id\":\"https:\\\/\\\/pueblaenlinea.com\\\/2025\\\/nota-roja\\\/comando-armado-lanza-balazos-y-asalta-coppel-en-lomas-de-angelopolis\\\/#primaryimage\"},\"image\":{\"@id\":\"https:\\\/\\\/pueblaenlinea.com\\\/2025\\\/nota-roja\\\/comando-armado-lanza-balazos-y-asalta-coppel-en-lomas-de-angelopolis\\\/#primaryimage\"},\"thumbnailUrl\":\"https:\\\/\\\/pueblaenlinea.com\\\/2025\\\/wp-content\\\/uploads\\\/2026\\\/08\\\/pel-212.jpg\",\"datePublished\":\"2026-09-01T02:53:49+00:00\",\"dateModified\":\"2026-09-01T02:53:50+00:00\",\"author\":{\"@id\":\"https:\\\/\\\/pueblaenlinea.com\\\/2025\\\/#\\\/schema\\\/person\\\/6e2e07bc4690564243accbe893d21877\"},\"description\":\"Comando armado lanza balazos y asalta Coppel en Lomas de Angel\u00f3polis Nota Roja\",\"breadcrumb\":{\"@id\":\"https:\\\/\\\/pueblaenlinea.com\\\/2025\\\/nota-roja\\\/comando-armado-lanza-balazos-y-asalta-coppel-en-lomas-de-angelopolis\\\/#breadcrumb\"},\"inLanguage\":\"es\",\"potentialAction\":[{\"@type\":\"ReadAction\",\"target\":[\"https:\\\/\\\/pueblaenlinea.com\\\/2025\\\/nota-roja\\\/comando-armado-lanza-balazos-y-asalta-coppel-en-lomas-de-angelopolis\\\/\"]}]},{\"@type\":\"ImageObject\",\"inLanguage\":\"es\",\"@id\":\"https:\\\/\\\/pueblaenlinea.com\\\/2025\\\/nota-roja\\\/comando-armado-lanza-balazos-y-asalta-coppel-en-lomas-de-angelopolis\\\/#primaryimage\",\"url\":\"https:\\\/\\\/pueblaenlinea.com\\\/2025\\\/wp-content\\\/uploads\\\/2026\\\/08\\\/pel-212.jpg\",\"contentUrl\":\"https:\\\/\\\/pueblaenlinea.com\\\/2025\\\/wp-content\\\/uploads\\\/2026\\\/08\\\/pel-212.jpg\",\"width\":1200,\"height\":674,\"caption\":\"asaltocoppelangelopolis\"},{\"@type\":\"BreadcrumbList\",\"@id\":\"https:\\\/\\\/pueblaenlinea.com\\\/2025\\\/nota-roja\\\/comando-armado-lanza-balazos-y-asalta-coppel-en-lomas-de-angelopolis\\\/#breadcrumb\",\"itemListElement\":[{\"@type\":\"ListItem\",\"position\":1,\"name\":\"Inicio\",\"item\":\"https:\\\/\\\/pueblaenlinea.com\\\/2025\\\/\"},{\"@type\":\"ListItem\",\"position\":2,\"name\":\"Comando armado lanza balazos y asalta Coppel en Lomas de Angel\u00f3polis\"}]},{\"@type\":\"WebSite\",\"@id\":\"https:\\\/\\\/pueblaenlinea.com\\\/2025\\\/#website\",\"url\":\"https:\\\/\\\/pueblaenlinea.com\\\/2025\\\/\",\"name\":\"Puebla En Linea\",\"description\":\"noticias de puebla, periodismo serio y comprometido.\",\"potentialAction\":[{\"@type\":\"SearchAction\",\"target\":{\"@type\":\"EntryPoint\",\"urlTemplate\":\"https:\\\/\\\/pueblaenlinea.com\\\/2025\\\/?s={search_term_string}\"},\"query-input\":{\"@type\":\"PropertyValueSpecification\",\"valueRequired\":true,\"valueName\":\"search_term_string\"}}],\"inLanguage\":\"es\"},{\"@type\":\"Person\",\"@id\":\"https:\\\/\\\/pueblaenlinea.com\\\/2025\\\/#\\\/schema\\\/person\\\/6e2e07bc4690564243accbe893d21877\",\"name\":\"Puebla EnLinea\",\"image\":{\"@type\":\"ImageObject\",\"inLanguage\":\"es\",\"@id\":\"https:\\\/\\\/pueblaenlinea.com\\\/2025\\\/wp-content\\\/litespeed\\\/avatar\\\/3b8bde7acb3c32a2512cab1d325df9d8.jpg?ver=1787685560\",\"url\":\"https:\\\/\\\/pueblaenlinea.com\\\/2025\\\/wp-content\\\/litespeed\\\/avatar\\\/3b8bde7acb3c32a2512cab1d325df9d8.jpg?ver=1787685560\",\"contentUrl\":\"https:\\\/\\\/pueblaenlinea.com\\\/2025\\\/wp-content\\\/litespeed\\\/avatar\\\/3b8bde7acb3c32a2512cab1d325df9d8.jpg?ver=1787685560\",\"caption\":\"Puebla EnLinea\"},\"url\":\"https:\\\/\\\/pueblaenlinea.com\\\/2025\\\/author\\\/pueblaenlinea\\\/\"}]}<\/script>\n<!-- \/ Yoast SEO plugin. -->","yoast_head_json":{"title":"Comando armado lanza balazos y asalta Coppel en Lomas de Angel\u00f3polis - Puebla En Linea","description":"Comando armado lanza balazos y asalta Coppel en Lomas de Angel\u00f3polis Nota Roja","robots":{"index":"index","follow":"follow","max-snippet":"max-snippet:-1","max-image-preview":"max-image-preview:large","max-video-preview":"max-video-preview:-1"},"canonical":"https:\/\/pueblaenlinea.com\/2025\/nota-roja\/comando-armado-lanza-balazos-y-asalta-coppel-en-lomas-de-angelopolis\/","og_locale":"es_MX","og_type":"article","og_title":"Comando armado lanza balazos y asalta Coppel en Lomas de Angel\u00f3polis - Puebla En Linea","og_description":"Comando armado lanza balazos y asalta Coppel en Lomas de Angel\u00f3polis Nota Roja","og_url":"https:\/\/pueblaenlinea.com\/2025\/nota-roja\/comando-armado-lanza-balazos-y-asalta-coppel-en-lomas-de-angelopolis\/","og_site_name":"Puebla En Linea","article_publisher":"https:\/\/www.facebook.com\/pueblaenlineacom","article_published_time":"2026-09-01T02:53:49+00:00","article_modified_time":"2026-09-01T02:53:50+00:00","og_image":[{"width":1200,"height":674,"url":"https:\/\/pueblaenlinea.com\/2025\/wp-content\/uploads\/2026\/08\/pel-212.jpg","type":"image\/jpeg"}],"author":"Puebla EnLinea","twitter_card":"summary_large_image","twitter_misc":{"Escrito por":"Puebla EnLinea","Tiempo de lectura":"3 minutos"},"schema":{"@context":"https:\/\/schema.org","@graph":[{"@type":"Article","@id":"https:\/\/pueblaenlinea.com\/2025\/nota-roja\/comando-armado-lanza-balazos-y-asalta-coppel-en-lomas-de-angelopolis\/#article","isPartOf":{"@id":"https:\/\/pueblaenlinea.com\/2025\/nota-roja\/comando-armado-lanza-balazos-y-asalta-coppel-en-lomas-de-angelopolis\/"},"author":{"name":"Puebla EnLinea","@id":"https:\/\/pueblaenlinea.com\/2025\/#\/schema\/person\/6e2e07bc4690564243accbe893d21877"},"headline":"Comando armado lanza balazos y asalta Coppel en Lomas de Angel\u00f3polis","datePublished":"2026-09-01T02:53:49+00:00","dateModified":"2026-09-01T02:53:50+00:00","mainEntityOfPage":{"@id":"https:\/\/pueblaenlinea.com\/2025\/nota-roja\/comando-armado-lanza-balazos-y-asalta-coppel-en-lomas-de-angelopolis\/"},"wordCount":442,"image":{"@id":"https:\/\/pueblaenlinea.com\/2025\/nota-roja\/comando-armado-lanza-balazos-y-asalta-coppel-en-lomas-de-angelopolis\/#primaryimage"},"thumbnailUrl":"https:\/\/pueblaenlinea.com\/2025\/wp-content\/uploads\/2026\/08\/pel-212.jpg","keywords":["asalto puebla"],"articleSection":["Nota Roja"],"inLanguage":"es"},{"@type":"WebPage","@id":"https:\/\/pueblaenlinea.com\/2025\/nota-roja\/comando-armado-lanza-balazos-y-asalta-coppel-en-lomas-de-angelopolis\/","url":"https:\/\/pueblaenlinea.com\/2025\/nota-roja\/comando-armado-lanza-balazos-y-asalta-coppel-en-lomas-de-angelopolis\/","name":"Comando armado lanza balazos y asalta Coppel en Lomas de Angel\u00f3polis - Puebla En Linea","isPartOf":{"@id":"https:\/\/pueblaenlinea.com\/2025\/#website"},"primaryImageOfPage":{"@id":"https:\/\/pueblaenlinea.com\/2025\/nota-roja\/comando-armado-lanza-balazos-y-asalta-coppel-en-lomas-de-angelopolis\/#primaryimage"},"image":{"@id":"https:\/\/pueblaenlinea.com\/2025\/nota-roja\/comando-armado-lanza-balazos-y-asalta-coppel-en-lomas-de-angelopolis\/#primaryimage"},"thumbnailUrl":"https:\/\/pueblaenlinea.com\/2025\/wp-content\/uploads\/2026\/08\/pel-212.jpg","datePublished":"2026-09-01T02:53:49+00:00","dateModified":"2026-09-01T02:53:50+00:00","author":{"@id":"https:\/\/pueblaenlinea.com\/2025\/#\/schema\/person\/6e2e07bc4690564243accbe893d21877"},"description":"Comando armado lanza balazos y asalta Coppel en Lomas de Angel\u00f3polis Nota Roja","breadcrumb":{"@id":"https:\/\/pueblaenlinea.com\/2025\/nota-roja\/comando-armado-lanza-balazos-y-asalta-coppel-en-lomas-de-angelopolis\/#breadcrumb"},"inLanguage":"es","potentialAction":[{"@type":"ReadAction","target":["https:\/\/pueblaenlinea.com\/2025\/nota-roja\/comando-armado-lanza-balazos-y-asalta-coppel-en-lomas-de-angelopolis\/"]}]},{"@type":"ImageObject","inLanguage":"es","@id":"https:\/\/pueblaenlinea.com\/2025\/nota-roja\/comando-armado-lanza-balazos-y-asalta-coppel-en-lomas-de-angelopolis\/#primaryimage","url":"https:\/\/pueblaenlinea.com\/2025\/wp-content\/uploads\/2026\/08\/pel-212.jpg","contentUrl":"https:\/\/pueblaenlinea.com\/2025\/wp-content\/uploads\/2026\/08\/pel-212.jpg","width":1200,"height":674,"caption":"asaltocoppelangelopolis"},{"@type":"BreadcrumbList","@id":"https:\/\/pueblaenlinea.com\/2025\/nota-roja\/comando-armado-lanza-balazos-y-asalta-coppel-en-lomas-de-angelopolis\/#breadcrumb","itemListElement":[{"@type":"ListItem","position":1,"name":"Inicio","item":"https:\/\/pueblaenlinea.com\/2025\/"},{"@type":"ListItem","position":2,"name":"Comando armado lanza balazos y asalta Coppel en Lomas de Angel\u00f3polis"}]},{"@type":"WebSite","@id":"https:\/\/pueblaenlinea.com\/2025\/#website","url":"https:\/\/pueblaenlinea.com\/2025\/","name":"Puebla En Linea","description":"noticias de puebla, periodismo serio y comprometido.","potentialAction":[{"@type":"SearchAction","target":{"@type":"EntryPoint","urlTemplate":"https:\/\/pueblaenlinea.com\/2025\/?s={search_term_string}"},"query-input":{"@type":"PropertyValueSpecification","valueRequired":true,"valueName":"search_term_string"}}],"inLanguage":"es"},{"@type":"Person","@id":"https:\/\/pueblaenlinea.com\/2025\/#\/schema\/person\/6e2e07bc4690564243accbe893d21877","name":"Puebla EnLinea","image":{"@type":"ImageObject","inLanguage":"es","@id":"https:\/\/pueblaenlinea.com\/2025\/wp-content\/litespeed\/avatar\/3b8bde7acb3c32a2512cab1d325df9d8.jpg?ver=1787685560","url":"https:\/\/pueblaenlinea.com\/2025\/wp-content\/litespeed\/avatar\/3b8bde7acb3c32a2512cab1d325df9d8.jpg?ver=1787685560","contentUrl":"https:\/\/pueblaenlinea.com\/2025\/wp-content\/litespeed\/avatar\/3b8bde7acb3c32a2512cab1d325df9d8.jpg?ver=1787685560","caption":"Puebla EnLinea"},"url":"https:\/\/pueblaenlinea.com\/2025\/author\/pueblaenlinea\/"}]}},"_links":{"self":[{"href":"https:\/\/pueblaenlinea.com\/2025\/wp-json\/wp\/v2\/posts\/134704","targetHints":{"allow":["GET"]}}],"collection":[{"href":"https:\/\/pueblaenlinea.com\/2025\/wp-json\/wp\/v2\/posts"}],"about":[{"href":"https:\/\/pueblaenlinea.com\/2025\/wp-json\/wp\/v2\/types\/post"}],"author":[{"embeddable":true,"href":"https:\/\/pueblaenlinea.com\/2025\/wp-json\/wp\/v2\/users\/2"}],"replies":[{"embeddable":true,"href":"https:\/\/pueblaenlinea.com\/2025\/wp-json\/wp\/v2\/comments?post=134704"}],"version-history":[{"count":0,"href":"https:\/\/pueblaenlinea.com\/2025\/wp-json\/wp\/v2\/posts\/134704\/revisions"}],"wp:featuredmedia":[{"embeddable":true,"href":"https:\/\/pueblaenlinea.com\/2025\/wp-json\/wp\/v2\/media\/134705"}],"wp:attachment":[{"href":"https:\/\/pueblaenlinea.com\/2025\/wp-json\/wp\/v2\/media?parent=134704"}],"wp:term":[{"taxonomy":"category","embeddable":true,"href":"https:\/\/pueblaenlinea.com\/2025\/wp-json\/wp\/v2\/categories?post=134704"},{"taxonomy":"post_tag","embeddable":true,"href":"https:\/\/pueblaenlinea.com\/2025\/wp-json\/wp\/v2\/tags?post=134704"}],"curies":[{"name":"wp","href":"https:\/\/api.w.org\/{rel}","templated":true}]}}