{"id":134700,"date":"2026-08-31T18:20:02","date_gmt":"2026-09-01T00:20:02","guid":{"rendered":"https:\/\/pueblaenlinea.com\/2025\/?p=134700"},"modified":"2026-08-31T18:20:02","modified_gmt":"2026-09-01T00:20:02","slug":"alberto-sentenciado-por-el-feminicidio-de-danna-michelle-queda-libre-tras-cumplir-solo-tres-anos-de-internamiento","status":"publish","type":"post","link":"https:\/\/pueblaenlinea.com\/2025\/nota-roja\/alberto-sentenciado-por-el-feminicidio-de-danna-michelle-queda-libre-tras-cumplir-solo-tres-anos-de-internamiento\/","title":{"rendered":"Alberto, sentenciado por el feminicidio de Danna Michelle, queda libre tras cumplir solo tres a\u00f1os de internamiento"},"content":{"rendered":"\n<p class=\"wp-block-paragraph\"><strong>A tres a\u00f1os del asesinato de Danna Michelle, Alberto, quien fue se\u00f1alado y sentenciado por el feminicidio de la joven, qued\u00f3 en libertad este 31 de agosto de 2026 tras cumplir la sanci\u00f3n impuesta por haber cometido el crimen cuando era menor de edad.<\/strong><\/p>\n\n\n\n<p class=\"wp-block-paragraph\">La confirmaci\u00f3n fue hecha por <strong>Ricardo Morales, padre de Danna Michelle<\/strong>, quien dio a conocer la liberaci\u00f3n de Alberto despu\u00e9s de permanecer durante tres a\u00f1os en un centro de internamiento para adolescentes.<\/p>\n\n\n\n<p class=\"wp-block-paragraph\">El caso comenz\u00f3 el <strong>27 de mayo de 2023<\/strong>, cuando Danna Michelle, de 17 a\u00f1os, desapareci\u00f3 despu\u00e9s de salir de su trabajo en un criadero de truchas.<\/p>\n\n\n\n<p class=\"wp-block-paragraph\">Tres d\u00edas despu\u00e9s, la joven fue localizada sin vida dentro de una barranca en <strong>Santa Rita Tlahuapan, Puebla<\/strong>, con huellas de violencia.<\/p>\n\n\n\n<h3 class=\"wp-block-heading\"><strong>\ud83d\udd34 Danna Michelle ten\u00eda 17 a\u00f1os<\/strong><\/h3>\n\n\n\n<p class=\"wp-block-paragraph\">La adolescente desapareci\u00f3 el 27 de mayo de 2023 y fue encontrada muerta tres d\u00edas despu\u00e9s en una barranca de Santa Rita Tlahuapan.<\/p>\n\n\n\n<h3 class=\"wp-block-heading\"><strong>\u2696\ufe0f Alberto recibi\u00f3 una sanci\u00f3n de tres a\u00f1os<\/strong><\/h3>\n\n\n\n<p class=\"wp-block-paragraph\">El responsable fue condenado a tres a\u00f1os de internamiento debido a que <strong>era menor de edad cuando ocurri\u00f3 el feminicidio<\/strong>. Este lunes recuper\u00f3 su libertad.<\/p>\n\n\n\n<h3 class=\"wp-block-heading\"><strong>\ud83d\udd0e La investigaci\u00f3n apunt\u00f3 a su expareja<\/strong><\/h3>\n\n\n\n<p class=\"wp-block-paragraph\">De acuerdo con las indagatorias, Alberto, entonces exnovio de Danna Michelle, la habr\u00eda privado de la libertad e intentado obligarla a regresar con \u00e9l. Ante la negativa de la joven, termin\u00f3 asesin\u00e1ndola.<\/p>\n\n\n\n<h3 class=\"wp-block-heading\"><strong>\u2757 Tambi\u00e9n fueron se\u00f1alados otros dos posibles implicados<\/strong><\/h3>\n\n\n\n<p class=\"wp-block-paragraph\">La investigaci\u00f3n estableci\u00f3 que habr\u00eda <strong>al menos dos c\u00f3mplices m\u00e1s<\/strong>, aunque \u00fanicamente Alberto fue detenido y procesado por el crimen.<\/p>\n\n\n\n<p class=\"wp-block-paragraph\">El paso del tiempo no ha borrado la historia. Para la familia, la libertad de Alberto vuelve a abrir una herida que nunca termin\u00f3 de cerrar: Danna ten\u00eda 17 a\u00f1os cuando fue asesinada y su vida qued\u00f3 reducida a un expediente judicial y a una fecha que sus familiares dif\u00edcilmente podr\u00e1n olvidar.<\/p>\n\n\n\n<p class=\"wp-block-paragraph\">Si quieres seguir esta y otras notas de inter\u00e9s en tiempo real, \u00fanete a nuestro canal de WhatsApp: <a target=\"_blank\" rel=\"noopener\" href=\"https:\/\/whatsapp.com\/channel\/0029Va5CSyuEQIalZaJWpX1h?utm_source=chatgpt.com\">Canal de WhatsApp de Puebla En L\u00ednea<\/a><\/p>\n\n\n\n<p class=\"wp-block-paragraph\">El caso tambi\u00e9n deja una pregunta inevitable sobre el sistema de justicia para adolescentes: <strong>\u00bfqu\u00e9 ocurre cuando la edad del responsable al momento del delito determina una sanci\u00f3n mucho menor frente a la gravedad de los hechos?<\/strong><\/p>\n\n\n\n<p class=\"wp-block-paragraph\">La respuesta pertenece al \u00e1mbito de la ley y de las instituciones. Pero para una familia que perdi\u00f3 a una hija, tres a\u00f1os pueden parecer apenas un instante frente a una ausencia que dura toda la vida.<\/p>\n\n\n\n<p class=\"wp-block-paragraph\"><strong>Escrito por Redacci\u00f3n Incorrecto News<\/strong><\/p>\n\n\n\n<h3 class=\"wp-block-heading\"><\/h3>\n\n\n\n<ol class=\"wp-block-list\">\n<li><strong>Alberto queda libre tras cumplir tres a\u00f1os por el feminicidio de Danna Michelle en Puebla<\/strong><\/li>\n\n\n\n<li><strong>Danna Michelle ten\u00eda 17 a\u00f1os cuando fue asesinada; hoy su sentenciado qued\u00f3 en libertad<\/strong><\/li>\n\n\n\n<li><strong>Tres a\u00f1os despu\u00e9s del feminicidio de Danna Michelle, Alberto recupera su libertad<\/strong><\/li>\n\n\n\n<li><strong>\u00bfPor qu\u00e9 Alberto qued\u00f3 libre tras matar a Danna Michelle? Esta es la raz\u00f3n legal<\/strong><\/li>\n\n\n\n<li><strong>El caso Danna Michelle vuelve a estremecer a Puebla: el sentenciado ya est\u00e1 libre<\/strong><\/li>\n<\/ol>\n","protected":false},"excerpt":{"rendered":"<p>A tres a\u00f1os del asesinato de Danna Michelle, Alberto, quien fue se\u00f1alado y sentenciado por el feminicidio de la joven, qued\u00f3 en libertad este 31 de agosto de 2026 tras cumplir la sanci\u00f3n impuesta por haber cometido el crimen cuando era menor de edad. La confirmaci\u00f3n fue hecha por Ricardo Morales, padre de Danna Michelle,&#8230;<\/p>\n","protected":false},"author":9,"featured_media":134701,"comment_status":"closed","ping_status":"closed","sticky":false,"template":"","format":"standard","meta":{"footnotes":""},"categories":[24],"tags":[1404],"class_list":["post-134700","post","type-post","status-publish","format-standard","has-post-thumbnail","hentry","category-nota-roja","tag-feminicidio"],"yoast_head":"<!-- This site is optimized with the Yoast SEO plugin v28.0 - https:\/\/yoast.com\/product\/yoast-seo-wordpress\/ -->\n<title>Alberto, sentenciado por el feminicidio de Danna Michelle, queda libre tras cumplir solo tres a\u00f1os de internamiento - Puebla En Linea<\/title>\n<meta name=\"description\" content=\"Alberto, sentenciado por el feminicidio de Danna Michelle, queda libre tras cumplir solo tres a\u00f1os de internamiento Nota Roja\" \/>\n<meta name=\"robots\" content=\"index, follow, max-snippet:-1, max-image-preview:large, max-video-preview:-1\" \/>\n<link rel=\"canonical\" href=\"https:\/\/pueblaenlinea.com\/2025\/nota-roja\/alberto-sentenciado-por-el-feminicidio-de-danna-michelle-queda-libre-tras-cumplir-solo-tres-anos-de-internamiento\/\" \/>\n<meta property=\"og:locale\" content=\"es_MX\" \/>\n<meta property=\"og:type\" content=\"article\" \/>\n<meta property=\"og:title\" content=\"Alberto, sentenciado por el feminicidio de Danna Michelle, queda libre tras cumplir solo tres a\u00f1os de internamiento - Puebla En Linea\" \/>\n<meta property=\"og:description\" content=\"Alberto, sentenciado por el feminicidio de Danna Michelle, queda libre tras cumplir solo tres a\u00f1os de internamiento Nota Roja\" \/>\n<meta property=\"og:url\" content=\"https:\/\/pueblaenlinea.com\/2025\/nota-roja\/alberto-sentenciado-por-el-feminicidio-de-danna-michelle-queda-libre-tras-cumplir-solo-tres-anos-de-internamiento\/\" \/>\n<meta property=\"og:site_name\" content=\"Puebla En Linea\" \/>\n<meta property=\"article:publisher\" content=\"https:\/\/www.facebook.com\/pueblaenlineacom\" \/>\n<meta property=\"article:published_time\" content=\"2026-09-01T00:20:02+00:00\" \/>\n<meta property=\"og:image\" content=\"https:\/\/pueblaenlinea.com\/2025\/wp-content\/uploads\/2026\/08\/feminicida.jpg\" \/>\n\t<meta property=\"og:image:width\" content=\"1200\" \/>\n\t<meta property=\"og:image:height\" content=\"674\" \/>\n\t<meta property=\"og:image:type\" content=\"image\/jpeg\" \/>\n<meta name=\"author\" content=\"lupita Puebla en linea\" \/>\n<meta name=\"twitter:card\" content=\"summary_large_image\" \/>\n<meta name=\"twitter:label1\" content=\"Escrito por\" \/>\n\t<meta name=\"twitter:data1\" content=\"lupita Puebla en linea\" \/>\n\t<meta name=\"twitter:label2\" content=\"Tiempo de lectura\" \/>\n\t<meta name=\"twitter:data2\" content=\"3 minutos\" \/>\n<script type=\"application\/ld+json\" class=\"yoast-schema-graph\">{\"@context\":\"https:\\\/\\\/schema.org\",\"@graph\":[{\"@type\":\"Article\",\"@id\":\"https:\\\/\\\/pueblaenlinea.com\\\/2025\\\/nota-roja\\\/alberto-sentenciado-por-el-feminicidio-de-danna-michelle-queda-libre-tras-cumplir-solo-tres-anos-de-internamiento\\\/#article\",\"isPartOf\":{\"@id\":\"https:\\\/\\\/pueblaenlinea.com\\\/2025\\\/nota-roja\\\/alberto-sentenciado-por-el-feminicidio-de-danna-michelle-queda-libre-tras-cumplir-solo-tres-anos-de-internamiento\\\/\"},\"author\":{\"name\":\"lupita Puebla en linea\",\"@id\":\"https:\\\/\\\/pueblaenlinea.com\\\/2025\\\/#\\\/schema\\\/person\\\/2baf91de3092c7d50fb754a48f084d7f\"},\"headline\":\"Alberto, sentenciado por el feminicidio de Danna Michelle, queda libre tras cumplir solo tres a\u00f1os de internamiento\",\"datePublished\":\"2026-09-01T00:20:02+00:00\",\"mainEntityOfPage\":{\"@id\":\"https:\\\/\\\/pueblaenlinea.com\\\/2025\\\/nota-roja\\\/alberto-sentenciado-por-el-feminicidio-de-danna-michelle-queda-libre-tras-cumplir-solo-tres-anos-de-internamiento\\\/\"},\"wordCount\":527,\"image\":{\"@id\":\"https:\\\/\\\/pueblaenlinea.com\\\/2025\\\/nota-roja\\\/alberto-sentenciado-por-el-feminicidio-de-danna-michelle-queda-libre-tras-cumplir-solo-tres-anos-de-internamiento\\\/#primaryimage\"},\"thumbnailUrl\":\"https:\\\/\\\/pueblaenlinea.com\\\/2025\\\/wp-content\\\/uploads\\\/2026\\\/08\\\/feminicida.jpg\",\"keywords\":[\"feminicidio\"],\"articleSection\":[\"Nota Roja\"],\"inLanguage\":\"es\"},{\"@type\":\"WebPage\",\"@id\":\"https:\\\/\\\/pueblaenlinea.com\\\/2025\\\/nota-roja\\\/alberto-sentenciado-por-el-feminicidio-de-danna-michelle-queda-libre-tras-cumplir-solo-tres-anos-de-internamiento\\\/\",\"url\":\"https:\\\/\\\/pueblaenlinea.com\\\/2025\\\/nota-roja\\\/alberto-sentenciado-por-el-feminicidio-de-danna-michelle-queda-libre-tras-cumplir-solo-tres-anos-de-internamiento\\\/\",\"name\":\"Alberto, sentenciado por el feminicidio de Danna Michelle, queda libre tras cumplir solo tres a\u00f1os de internamiento - Puebla En Linea\",\"isPartOf\":{\"@id\":\"https:\\\/\\\/pueblaenlinea.com\\\/2025\\\/#website\"},\"primaryImageOfPage\":{\"@id\":\"https:\\\/\\\/pueblaenlinea.com\\\/2025\\\/nota-roja\\\/alberto-sentenciado-por-el-feminicidio-de-danna-michelle-queda-libre-tras-cumplir-solo-tres-anos-de-internamiento\\\/#primaryimage\"},\"image\":{\"@id\":\"https:\\\/\\\/pueblaenlinea.com\\\/2025\\\/nota-roja\\\/alberto-sentenciado-por-el-feminicidio-de-danna-michelle-queda-libre-tras-cumplir-solo-tres-anos-de-internamiento\\\/#primaryimage\"},\"thumbnailUrl\":\"https:\\\/\\\/pueblaenlinea.com\\\/2025\\\/wp-content\\\/uploads\\\/2026\\\/08\\\/feminicida.jpg\",\"datePublished\":\"2026-09-01T00:20:02+00:00\",\"author\":{\"@id\":\"https:\\\/\\\/pueblaenlinea.com\\\/2025\\\/#\\\/schema\\\/person\\\/2baf91de3092c7d50fb754a48f084d7f\"},\"description\":\"Alberto, sentenciado por el feminicidio de Danna Michelle, queda libre tras cumplir solo tres a\u00f1os de internamiento Nota Roja\",\"breadcrumb\":{\"@id\":\"https:\\\/\\\/pueblaenlinea.com\\\/2025\\\/nota-roja\\\/alberto-sentenciado-por-el-feminicidio-de-danna-michelle-queda-libre-tras-cumplir-solo-tres-anos-de-internamiento\\\/#breadcrumb\"},\"inLanguage\":\"es\",\"potentialAction\":[{\"@type\":\"ReadAction\",\"target\":[\"https:\\\/\\\/pueblaenlinea.com\\\/2025\\\/nota-roja\\\/alberto-sentenciado-por-el-feminicidio-de-danna-michelle-queda-libre-tras-cumplir-solo-tres-anos-de-internamiento\\\/\"]}]},{\"@type\":\"ImageObject\",\"inLanguage\":\"es\",\"@id\":\"https:\\\/\\\/pueblaenlinea.com\\\/2025\\\/nota-roja\\\/alberto-sentenciado-por-el-feminicidio-de-danna-michelle-queda-libre-tras-cumplir-solo-tres-anos-de-internamiento\\\/#primaryimage\",\"url\":\"https:\\\/\\\/pueblaenlinea.com\\\/2025\\\/wp-content\\\/uploads\\\/2026\\\/08\\\/feminicida.jpg\",\"contentUrl\":\"https:\\\/\\\/pueblaenlinea.com\\\/2025\\\/wp-content\\\/uploads\\\/2026\\\/08\\\/feminicida.jpg\",\"width\":1200,\"height\":674},{\"@type\":\"BreadcrumbList\",\"@id\":\"https:\\\/\\\/pueblaenlinea.com\\\/2025\\\/nota-roja\\\/alberto-sentenciado-por-el-feminicidio-de-danna-michelle-queda-libre-tras-cumplir-solo-tres-anos-de-internamiento\\\/#breadcrumb\",\"itemListElement\":[{\"@type\":\"ListItem\",\"position\":1,\"name\":\"Inicio\",\"item\":\"https:\\\/\\\/pueblaenlinea.com\\\/2025\\\/\"},{\"@type\":\"ListItem\",\"position\":2,\"name\":\"Alberto, sentenciado por el feminicidio de Danna Michelle, queda libre tras cumplir solo tres a\u00f1os de internamiento\"}]},{\"@type\":\"WebSite\",\"@id\":\"https:\\\/\\\/pueblaenlinea.com\\\/2025\\\/#website\",\"url\":\"https:\\\/\\\/pueblaenlinea.com\\\/2025\\\/\",\"name\":\"Puebla En Linea\",\"description\":\"noticias de puebla, periodismo serio y comprometido.\",\"potentialAction\":[{\"@type\":\"SearchAction\",\"target\":{\"@type\":\"EntryPoint\",\"urlTemplate\":\"https:\\\/\\\/pueblaenlinea.com\\\/2025\\\/?s={search_term_string}\"},\"query-input\":{\"@type\":\"PropertyValueSpecification\",\"valueRequired\":true,\"valueName\":\"search_term_string\"}}],\"inLanguage\":\"es\"},{\"@type\":\"Person\",\"@id\":\"https:\\\/\\\/pueblaenlinea.com\\\/2025\\\/#\\\/schema\\\/person\\\/2baf91de3092c7d50fb754a48f084d7f\",\"name\":\"lupita Puebla en linea\",\"image\":{\"@type\":\"ImageObject\",\"inLanguage\":\"es\",\"@id\":\"https:\\\/\\\/pueblaenlinea.com\\\/2025\\\/wp-content\\\/litespeed\\\/avatar\\\/c3bdb4b8e42693060df9dbf8c3f9c41d.jpg?ver=1787686057\",\"url\":\"https:\\\/\\\/pueblaenlinea.com\\\/2025\\\/wp-content\\\/litespeed\\\/avatar\\\/c3bdb4b8e42693060df9dbf8c3f9c41d.jpg?ver=1787686057\",\"contentUrl\":\"https:\\\/\\\/pueblaenlinea.com\\\/2025\\\/wp-content\\\/litespeed\\\/avatar\\\/c3bdb4b8e42693060df9dbf8c3f9c41d.jpg?ver=1787686057\",\"caption\":\"lupita Puebla en linea\"},\"url\":\"https:\\\/\\\/pueblaenlinea.com\\\/2025\\\/author\\\/lupita\\\/\"}]}<\/script>\n<!-- \/ Yoast SEO plugin. -->","yoast_head_json":{"title":"Alberto, sentenciado por el feminicidio de Danna Michelle, queda libre tras cumplir solo tres a\u00f1os de internamiento - Puebla En Linea","description":"Alberto, sentenciado por el feminicidio de Danna Michelle, queda libre tras cumplir solo tres a\u00f1os de internamiento Nota Roja","robots":{"index":"index","follow":"follow","max-snippet":"max-snippet:-1","max-image-preview":"max-image-preview:large","max-video-preview":"max-video-preview:-1"},"canonical":"https:\/\/pueblaenlinea.com\/2025\/nota-roja\/alberto-sentenciado-por-el-feminicidio-de-danna-michelle-queda-libre-tras-cumplir-solo-tres-anos-de-internamiento\/","og_locale":"es_MX","og_type":"article","og_title":"Alberto, sentenciado por el feminicidio de Danna Michelle, queda libre tras cumplir solo tres a\u00f1os de internamiento - Puebla En Linea","og_description":"Alberto, sentenciado por el feminicidio de Danna Michelle, queda libre tras cumplir solo tres a\u00f1os de internamiento Nota Roja","og_url":"https:\/\/pueblaenlinea.com\/2025\/nota-roja\/alberto-sentenciado-por-el-feminicidio-de-danna-michelle-queda-libre-tras-cumplir-solo-tres-anos-de-internamiento\/","og_site_name":"Puebla En Linea","article_publisher":"https:\/\/www.facebook.com\/pueblaenlineacom","article_published_time":"2026-09-01T00:20:02+00:00","og_image":[{"width":1200,"height":674,"url":"https:\/\/pueblaenlinea.com\/2025\/wp-content\/uploads\/2026\/08\/feminicida.jpg","type":"image\/jpeg"}],"author":"lupita Puebla en linea","twitter_card":"summary_large_image","twitter_misc":{"Escrito por":"lupita Puebla en linea","Tiempo de lectura":"3 minutos"},"schema":{"@context":"https:\/\/schema.org","@graph":[{"@type":"Article","@id":"https:\/\/pueblaenlinea.com\/2025\/nota-roja\/alberto-sentenciado-por-el-feminicidio-de-danna-michelle-queda-libre-tras-cumplir-solo-tres-anos-de-internamiento\/#article","isPartOf":{"@id":"https:\/\/pueblaenlinea.com\/2025\/nota-roja\/alberto-sentenciado-por-el-feminicidio-de-danna-michelle-queda-libre-tras-cumplir-solo-tres-anos-de-internamiento\/"},"author":{"name":"lupita Puebla en linea","@id":"https:\/\/pueblaenlinea.com\/2025\/#\/schema\/person\/2baf91de3092c7d50fb754a48f084d7f"},"headline":"Alberto, sentenciado por el feminicidio de Danna Michelle, queda libre tras cumplir solo tres a\u00f1os de internamiento","datePublished":"2026-09-01T00:20:02+00:00","mainEntityOfPage":{"@id":"https:\/\/pueblaenlinea.com\/2025\/nota-roja\/alberto-sentenciado-por-el-feminicidio-de-danna-michelle-queda-libre-tras-cumplir-solo-tres-anos-de-internamiento\/"},"wordCount":527,"image":{"@id":"https:\/\/pueblaenlinea.com\/2025\/nota-roja\/alberto-sentenciado-por-el-feminicidio-de-danna-michelle-queda-libre-tras-cumplir-solo-tres-anos-de-internamiento\/#primaryimage"},"thumbnailUrl":"https:\/\/pueblaenlinea.com\/2025\/wp-content\/uploads\/2026\/08\/feminicida.jpg","keywords":["feminicidio"],"articleSection":["Nota Roja"],"inLanguage":"es"},{"@type":"WebPage","@id":"https:\/\/pueblaenlinea.com\/2025\/nota-roja\/alberto-sentenciado-por-el-feminicidio-de-danna-michelle-queda-libre-tras-cumplir-solo-tres-anos-de-internamiento\/","url":"https:\/\/pueblaenlinea.com\/2025\/nota-roja\/alberto-sentenciado-por-el-feminicidio-de-danna-michelle-queda-libre-tras-cumplir-solo-tres-anos-de-internamiento\/","name":"Alberto, sentenciado por el feminicidio de Danna Michelle, queda libre tras cumplir solo tres a\u00f1os de internamiento - Puebla En Linea","isPartOf":{"@id":"https:\/\/pueblaenlinea.com\/2025\/#website"},"primaryImageOfPage":{"@id":"https:\/\/pueblaenlinea.com\/2025\/nota-roja\/alberto-sentenciado-por-el-feminicidio-de-danna-michelle-queda-libre-tras-cumplir-solo-tres-anos-de-internamiento\/#primaryimage"},"image":{"@id":"https:\/\/pueblaenlinea.com\/2025\/nota-roja\/alberto-sentenciado-por-el-feminicidio-de-danna-michelle-queda-libre-tras-cumplir-solo-tres-anos-de-internamiento\/#primaryimage"},"thumbnailUrl":"https:\/\/pueblaenlinea.com\/2025\/wp-content\/uploads\/2026\/08\/feminicida.jpg","datePublished":"2026-09-01T00:20:02+00:00","author":{"@id":"https:\/\/pueblaenlinea.com\/2025\/#\/schema\/person\/2baf91de3092c7d50fb754a48f084d7f"},"description":"Alberto, sentenciado por el feminicidio de Danna Michelle, queda libre tras cumplir solo tres a\u00f1os de internamiento Nota Roja","breadcrumb":{"@id":"https:\/\/pueblaenlinea.com\/2025\/nota-roja\/alberto-sentenciado-por-el-feminicidio-de-danna-michelle-queda-libre-tras-cumplir-solo-tres-anos-de-internamiento\/#breadcrumb"},"inLanguage":"es","potentialAction":[{"@type":"ReadAction","target":["https:\/\/pueblaenlinea.com\/2025\/nota-roja\/alberto-sentenciado-por-el-feminicidio-de-danna-michelle-queda-libre-tras-cumplir-solo-tres-anos-de-internamiento\/"]}]},{"@type":"ImageObject","inLanguage":"es","@id":"https:\/\/pueblaenlinea.com\/2025\/nota-roja\/alberto-sentenciado-por-el-feminicidio-de-danna-michelle-queda-libre-tras-cumplir-solo-tres-anos-de-internamiento\/#primaryimage","url":"https:\/\/pueblaenlinea.com\/2025\/wp-content\/uploads\/2026\/08\/feminicida.jpg","contentUrl":"https:\/\/pueblaenlinea.com\/2025\/wp-content\/uploads\/2026\/08\/feminicida.jpg","width":1200,"height":674},{"@type":"BreadcrumbList","@id":"https:\/\/pueblaenlinea.com\/2025\/nota-roja\/alberto-sentenciado-por-el-feminicidio-de-danna-michelle-queda-libre-tras-cumplir-solo-tres-anos-de-internamiento\/#breadcrumb","itemListElement":[{"@type":"ListItem","position":1,"name":"Inicio","item":"https:\/\/pueblaenlinea.com\/2025\/"},{"@type":"ListItem","position":2,"name":"Alberto, sentenciado por el feminicidio de Danna Michelle, queda libre tras cumplir solo tres a\u00f1os de internamiento"}]},{"@type":"WebSite","@id":"https:\/\/pueblaenlinea.com\/2025\/#website","url":"https:\/\/pueblaenlinea.com\/2025\/","name":"Puebla En Linea","description":"noticias de puebla, periodismo serio y comprometido.","potentialAction":[{"@type":"SearchAction","target":{"@type":"EntryPoint","urlTemplate":"https:\/\/pueblaenlinea.com\/2025\/?s={search_term_string}"},"query-input":{"@type":"PropertyValueSpecification","valueRequired":true,"valueName":"search_term_string"}}],"inLanguage":"es"},{"@type":"Person","@id":"https:\/\/pueblaenlinea.com\/2025\/#\/schema\/person\/2baf91de3092c7d50fb754a48f084d7f","name":"lupita Puebla en linea","image":{"@type":"ImageObject","inLanguage":"es","@id":"https:\/\/pueblaenlinea.com\/2025\/wp-content\/litespeed\/avatar\/c3bdb4b8e42693060df9dbf8c3f9c41d.jpg?ver=1787686057","url":"https:\/\/pueblaenlinea.com\/2025\/wp-content\/litespeed\/avatar\/c3bdb4b8e42693060df9dbf8c3f9c41d.jpg?ver=1787686057","contentUrl":"https:\/\/pueblaenlinea.com\/2025\/wp-content\/litespeed\/avatar\/c3bdb4b8e42693060df9dbf8c3f9c41d.jpg?ver=1787686057","caption":"lupita Puebla en linea"},"url":"https:\/\/pueblaenlinea.com\/2025\/author\/lupita\/"}]}},"_links":{"self":[{"href":"https:\/\/pueblaenlinea.com\/2025\/wp-json\/wp\/v2\/posts\/134700","targetHints":{"allow":["GET"]}}],"collection":[{"href":"https:\/\/pueblaenlinea.com\/2025\/wp-json\/wp\/v2\/posts"}],"about":[{"href":"https:\/\/pueblaenlinea.com\/2025\/wp-json\/wp\/v2\/types\/post"}],"author":[{"embeddable":true,"href":"https:\/\/pueblaenlinea.com\/2025\/wp-json\/wp\/v2\/users\/9"}],"replies":[{"embeddable":true,"href":"https:\/\/pueblaenlinea.com\/2025\/wp-json\/wp\/v2\/comments?post=134700"}],"version-history":[{"count":0,"href":"https:\/\/pueblaenlinea.com\/2025\/wp-json\/wp\/v2\/posts\/134700\/revisions"}],"wp:featuredmedia":[{"embeddable":true,"href":"https:\/\/pueblaenlinea.com\/2025\/wp-json\/wp\/v2\/media\/134701"}],"wp:attachment":[{"href":"https:\/\/pueblaenlinea.com\/2025\/wp-json\/wp\/v2\/media?parent=134700"}],"wp:term":[{"taxonomy":"category","embeddable":true,"href":"https:\/\/pueblaenlinea.com\/2025\/wp-json\/wp\/v2\/categories?post=134700"},{"taxonomy":"post_tag","embeddable":true,"href":"https:\/\/pueblaenlinea.com\/2025\/wp-json\/wp\/v2\/tags?post=134700"}],"curies":[{"name":"wp","href":"https:\/\/api.w.org\/{rel}","templated":true}]}}