{"id":134694,"date":"2026-08-31T14:26:25","date_gmt":"2026-08-31T20:26:25","guid":{"rendered":"https:\/\/pueblaenlinea.com\/2025\/?p=134694"},"modified":"2026-08-31T14:26:26","modified_gmt":"2026-08-31T20:26:26","slug":"trabajadores-de-volkswagen-puebla-amenazan-con-huelga-y-rechazan-aumento-de-4-3-al-salario","status":"publish","type":"post","link":"https:\/\/pueblaenlinea.com\/2025\/puebla\/trabajadores-de-volkswagen-puebla-amenazan-con-huelga-y-rechazan-aumento-de-4-3-al-salario\/","title":{"rendered":"Trabajadores de Volkswagen Puebla amenazan con huelga y rechazan aumento de 4.3% al salario"},"content":{"rendered":"\n<p class=\"wp-block-paragraph\"><strong>El futuro laboral de miles de trabajadores de Volkswagen de M\u00e9xico en Puebla llegar\u00e1 a las urnas el 11 de septiembre, en medio de un conflicto marcado por 786 bajas y un aumento salarial que una parte de la base considera insuficiente.<\/strong><\/p>\n\n\n\n<p class=\"wp-block-paragraph\">La tensi\u00f3n crece en la planta de <strong>Volkswagen Puebla<\/strong>, donde trabajadores sindicalizados anticiparon su rechazo al convenio alcanzado entre la empresa y el sindicato y advirtieron que, de no modificarse las condiciones, existe disposici\u00f3n para llevar el conflicto hasta una huelga.<\/p>\n\n\n\n<p class=\"wp-block-paragraph\">El punto central de la inconformidad es el incremento directo de <strong>4.3% al salario<\/strong>, dentro de un aumento global de <strong>10.04%<\/strong>, cuya mayor proporci\u00f3n corresponde a prestaciones.<\/p>\n\n\n\n<h3 class=\"wp-block-heading\"><strong>\ud83d\udd34 786 puestos ser\u00e1n afectados<\/strong><\/h3>\n\n\n\n<p class=\"wp-block-paragraph\">La reestructuraci\u00f3n contempla la salida de <strong>611 trabajadores de manera directa y 175 mediante retiros voluntarios<\/strong>, tras la suspensi\u00f3n definitiva de uno de los turnos de producci\u00f3n de las l\u00edneas Tiguan y Jetta.<\/p>\n\n\n\n<h3 class=\"wp-block-heading\"><strong>\ud83d\udcb0 4.3% de aumento directo al salario<\/strong><\/h3>\n\n\n\n<p class=\"wp-block-paragraph\">Los trabajadores consideran insuficiente el incremento salarial, pues el 10.04% global incluye <strong>5.7% en prestaciones<\/strong>, mientras que la parte directa al salario queda por debajo de 5%.<\/p>\n\n\n\n<h3 class=\"wp-block-heading\"><strong>\ud83d\udcc5 La decisi\u00f3n ser\u00e1 el 11 de septiembre<\/strong><\/h3>\n\n\n\n<p class=\"wp-block-paragraph\">M\u00e1s de <strong>7 mil trabajadores sindicalizados<\/strong> votar\u00e1n si aceptan o rechazan el convenio, mediante voto personal, libre, directo y secreto.<\/p>\n\n\n\n<h3 class=\"wp-block-heading\"><strong>\ud83c\udfed Volkswagen atribuye el ajuste al mercado<\/strong><\/h3>\n\n\n\n<p class=\"wp-block-paragraph\">La empresa se\u00f1al\u00f3 que la industria automotriz global y la regi\u00f3n de Norteam\u00e9rica atraviesan un escenario desafiante, por lo que decidi\u00f3 reestructurar sus capacidades productivas en Puebla de acuerdo con las condiciones del mercado.<\/p>\n\n\n\n<h3 class=\"wp-block-heading\"><strong>\u26a0\ufe0f El conflicto tambi\u00e9n toca la pr\u00f3xima revisi\u00f3n<\/strong><\/h3>\n\n\n\n<p class=\"wp-block-paragraph\">El convenio contempla ampliar de <strong>12 a 18 meses<\/strong> el periodo para la siguiente revisi\u00f3n contractual, otro de los puntos cuestionados por trabajadores inconformes.<\/p>\n\n\n\n<p class=\"wp-block-paragraph\">La cifra de despidos se convirti\u00f3 en el elemento m\u00e1s sensible de la discusi\u00f3n. Fuentes al interior de la armadora se\u00f1alaron que los <strong>786 puestos afectados<\/strong> corresponden a 611 bajas directas de obreros con menor antig\u00fcedad y 175 retiros voluntarios.<\/p>\n\n\n\n<p class=\"wp-block-paragraph\">Seg\u00fan esta informaci\u00f3n, buena parte de quienes perder\u00e1n su empleo ingresaron mediante las cl\u00e1usulas <strong>63 y 85 del Contrato Colectivo de Trabajo<\/strong>, relacionadas con la ocupaci\u00f3n de plazas vacantes por fallecimiento o jubilaci\u00f3n voluntaria de familiares.<\/p>\n\n\n\n<p class=\"wp-block-paragraph\">Para los retiros voluntarios, Volkswagen habr\u00eda ofrecido un finiquito equivalente a <strong>150% de la indemnizaci\u00f3n legal<\/strong>, integrada por 90 d\u00edas de salario m\u00e1s 20 d\u00edas por cada a\u00f1o laborado.<\/p>\n\n\n\n<p class=\"wp-block-paragraph\">La empresa ha defendido el ajuste como una decisi\u00f3n dif\u00edcil, pero necesaria, y asegur\u00f3 que ser\u00e1 aplicado conforme a la legislaci\u00f3n laboral.<\/p>\n\n\n\n<p class=\"wp-block-paragraph\">El <strong>SITIAVW<\/strong>, por su parte, neg\u00f3 haber pactado, convalidado o consentido con Volkswagen el despido de los 786 trabajadores y pidi\u00f3 a su base mantenerse atenta a la informaci\u00f3n difundida por su Secretar\u00eda de Educaci\u00f3n y Propaganda, se\u00f1alada como el canal oficial de comunicaci\u00f3n sindical.<\/p>\n\n\n\n<p class=\"wp-block-paragraph\">Si quieres seguir esta y otras notas de inter\u00e9s en tiempo real, \u00fanete a nuestro canal de WhatsApp: <a target=\"_blank\" rel=\"noopener\" href=\"https:\/\/whatsapp.com\/channel\/0029Va5CSyuEQIalZaJWpX1h?utm_source=chatgpt.com\">Canal de WhatsApp de Puebla En L\u00ednea<\/a><\/p>\n\n\n\n<p class=\"wp-block-paragraph\">La consulta se realizar\u00e1 <strong>el 11 de septiembre, de 16:30 a 18:00 horas<\/strong>, dentro de las instalaciones de Volkswagen de M\u00e9xico, en <strong>Cuautlancingo<\/strong>, ubicadas en el kil\u00f3metro 116 de la autopista M\u00e9xico-Puebla, en San Lorenzo Almecatla.<\/p>\n\n\n\n<p class=\"wp-block-paragraph\">El resultado tendr\u00e1 consecuencias que van m\u00e1s all\u00e1 de una cifra salarial. Los trabajadores deber\u00e1n decidir si el convenio representa una salida razonable ante la reestructuraci\u00f3n internacional de Grupo Volkswagen o si, por el contrario, consideran que el acuerdo no responde a sus demandas.<\/p>\n\n\n\n<p class=\"wp-block-paragraph\">En una industria acostumbrada a medirlo todo en unidades producidas, turnos y costos, esta vez la cifra que importa tiene nombre y apellido: <strong>m\u00e1s de 7 mil trabajadores tendr\u00e1n que decidir qu\u00e9 precio est\u00e1n dispuestos a pagar por conservar sus condiciones laborales.<\/strong><\/p>\n\n\n\n<p class=\"wp-block-paragraph\"><strong>Escrito por Redacci\u00f3n Puebla En L\u00ednea<\/strong><\/p>\n\n\n\n<h3 class=\"wp-block-heading\"><\/h3>\n\n\n\n<ol class=\"wp-block-list\">\n<li><strong>\u00bfHuelga en Volkswagen Puebla? Trabajadores rechazan aumento y cuestionan 786 bajas<\/strong><\/li>\n\n\n\n<li><strong>Volkswagen Puebla enfrenta tensi\u00f3n laboral: m\u00e1s de 7 mil trabajadores decidir\u00e1n el 11 de septiembre<\/strong><\/li>\n\n\n\n<li><strong>4.3% al salario y 786 bajas: el convenio que divide a los trabajadores de Volkswagen Puebla<\/strong><\/li>\n\n\n\n<li><strong>Trabajadores de Volkswagen Puebla van a votaci\u00f3n: \u00bfaceptar\u00e1n el nuevo convenio o habr\u00e1 huelga?<\/strong><\/li>\n\n\n\n<li><strong>Volkswagen Puebla pone a prueba su relaci\u00f3n con los trabajadores: esta es la fecha clave<\/strong><\/li>\n<\/ol>\n","protected":false},"excerpt":{"rendered":"<p>El futuro laboral de miles de trabajadores de Volkswagen de M\u00e9xico en Puebla llegar\u00e1 a las urnas el 11 de septiembre, en medio de un conflicto marcado por 786 bajas y un aumento salarial que una parte de la base considera insuficiente. La tensi\u00f3n crece en la planta de Volkswagen Puebla, donde trabajadores sindicalizados anticiparon&#8230;<\/p>\n","protected":false},"author":9,"featured_media":134695,"comment_status":"closed","ping_status":"closed","sticky":false,"template":"","format":"standard","meta":{"footnotes":""},"categories":[2],"tags":[1396],"class_list":["post-134694","post","type-post","status-publish","format-standard","has-post-thumbnail","hentry","category-puebla","tag-virales"],"yoast_head":"<!-- This site is optimized with the Yoast SEO plugin v28.0 - https:\/\/yoast.com\/product\/yoast-seo-wordpress\/ -->\n<title>Trabajadores de Volkswagen Puebla amenazan con huelga y rechazan aumento de 4.3% al salario - Puebla En Linea<\/title>\n<meta name=\"description\" content=\"Trabajadores de Volkswagen Puebla amenazan con huelga y rechazan aumento de 4.3% al salario Puebla\" \/>\n<meta name=\"robots\" content=\"index, follow, max-snippet:-1, max-image-preview:large, max-video-preview:-1\" \/>\n<link rel=\"canonical\" href=\"https:\/\/pueblaenlinea.com\/2025\/puebla\/trabajadores-de-volkswagen-puebla-amenazan-con-huelga-y-rechazan-aumento-de-4-3-al-salario\/\" \/>\n<meta property=\"og:locale\" content=\"es_MX\" \/>\n<meta property=\"og:type\" content=\"article\" \/>\n<meta property=\"og:title\" content=\"Trabajadores de Volkswagen Puebla amenazan con huelga y rechazan aumento de 4.3% al salario - Puebla En Linea\" \/>\n<meta property=\"og:description\" content=\"Trabajadores de Volkswagen Puebla amenazan con huelga y rechazan aumento de 4.3% al salario Puebla\" \/>\n<meta property=\"og:url\" content=\"https:\/\/pueblaenlinea.com\/2025\/puebla\/trabajadores-de-volkswagen-puebla-amenazan-con-huelga-y-rechazan-aumento-de-4-3-al-salario\/\" \/>\n<meta property=\"og:site_name\" content=\"Puebla En Linea\" \/>\n<meta property=\"article:publisher\" content=\"https:\/\/www.facebook.com\/pueblaenlineacom\" \/>\n<meta property=\"article:published_time\" content=\"2026-08-31T20:26:25+00:00\" \/>\n<meta property=\"article:modified_time\" content=\"2026-08-31T20:26:26+00:00\" \/>\n<meta property=\"og:image\" content=\"https:\/\/pueblaenlinea.com\/2025\/wp-content\/uploads\/2026\/08\/puertavw.jpg\" \/>\n\t<meta property=\"og:image:width\" content=\"1200\" \/>\n\t<meta property=\"og:image:height\" content=\"674\" \/>\n\t<meta property=\"og:image:type\" content=\"image\/jpeg\" \/>\n<meta name=\"author\" content=\"lupita Puebla en linea\" \/>\n<meta name=\"twitter:card\" content=\"summary_large_image\" \/>\n<meta name=\"twitter:label1\" content=\"Escrito por\" \/>\n\t<meta name=\"twitter:data1\" content=\"lupita Puebla en linea\" \/>\n\t<meta name=\"twitter:label2\" content=\"Tiempo de lectura\" \/>\n\t<meta name=\"twitter:data2\" content=\"4 minutos\" \/>\n<script type=\"application\/ld+json\" class=\"yoast-schema-graph\">{\"@context\":\"https:\\\/\\\/schema.org\",\"@graph\":[{\"@type\":\"Article\",\"@id\":\"https:\\\/\\\/pueblaenlinea.com\\\/2025\\\/puebla\\\/trabajadores-de-volkswagen-puebla-amenazan-con-huelga-y-rechazan-aumento-de-4-3-al-salario\\\/#article\",\"isPartOf\":{\"@id\":\"https:\\\/\\\/pueblaenlinea.com\\\/2025\\\/puebla\\\/trabajadores-de-volkswagen-puebla-amenazan-con-huelga-y-rechazan-aumento-de-4-3-al-salario\\\/\"},\"author\":{\"name\":\"lupita Puebla en linea\",\"@id\":\"https:\\\/\\\/pueblaenlinea.com\\\/2025\\\/#\\\/schema\\\/person\\\/2baf91de3092c7d50fb754a48f084d7f\"},\"headline\":\"Trabajadores de Volkswagen Puebla amenazan con huelga y rechazan aumento de 4.3% al salario\",\"datePublished\":\"2026-08-31T20:26:25+00:00\",\"dateModified\":\"2026-08-31T20:26:26+00:00\",\"mainEntityOfPage\":{\"@id\":\"https:\\\/\\\/pueblaenlinea.com\\\/2025\\\/puebla\\\/trabajadores-de-volkswagen-puebla-amenazan-con-huelga-y-rechazan-aumento-de-4-3-al-salario\\\/\"},\"wordCount\":715,\"image\":{\"@id\":\"https:\\\/\\\/pueblaenlinea.com\\\/2025\\\/puebla\\\/trabajadores-de-volkswagen-puebla-amenazan-con-huelga-y-rechazan-aumento-de-4-3-al-salario\\\/#primaryimage\"},\"thumbnailUrl\":\"https:\\\/\\\/pueblaenlinea.com\\\/2025\\\/wp-content\\\/uploads\\\/2026\\\/08\\\/puertavw.jpg\",\"keywords\":[\"virales\"],\"articleSection\":[\"Puebla\"],\"inLanguage\":\"es\"},{\"@type\":\"WebPage\",\"@id\":\"https:\\\/\\\/pueblaenlinea.com\\\/2025\\\/puebla\\\/trabajadores-de-volkswagen-puebla-amenazan-con-huelga-y-rechazan-aumento-de-4-3-al-salario\\\/\",\"url\":\"https:\\\/\\\/pueblaenlinea.com\\\/2025\\\/puebla\\\/trabajadores-de-volkswagen-puebla-amenazan-con-huelga-y-rechazan-aumento-de-4-3-al-salario\\\/\",\"name\":\"Trabajadores de Volkswagen Puebla amenazan con huelga y rechazan aumento de 4.3% al salario - Puebla En Linea\",\"isPartOf\":{\"@id\":\"https:\\\/\\\/pueblaenlinea.com\\\/2025\\\/#website\"},\"primaryImageOfPage\":{\"@id\":\"https:\\\/\\\/pueblaenlinea.com\\\/2025\\\/puebla\\\/trabajadores-de-volkswagen-puebla-amenazan-con-huelga-y-rechazan-aumento-de-4-3-al-salario\\\/#primaryimage\"},\"image\":{\"@id\":\"https:\\\/\\\/pueblaenlinea.com\\\/2025\\\/puebla\\\/trabajadores-de-volkswagen-puebla-amenazan-con-huelga-y-rechazan-aumento-de-4-3-al-salario\\\/#primaryimage\"},\"thumbnailUrl\":\"https:\\\/\\\/pueblaenlinea.com\\\/2025\\\/wp-content\\\/uploads\\\/2026\\\/08\\\/puertavw.jpg\",\"datePublished\":\"2026-08-31T20:26:25+00:00\",\"dateModified\":\"2026-08-31T20:26:26+00:00\",\"author\":{\"@id\":\"https:\\\/\\\/pueblaenlinea.com\\\/2025\\\/#\\\/schema\\\/person\\\/2baf91de3092c7d50fb754a48f084d7f\"},\"description\":\"Trabajadores de Volkswagen Puebla amenazan con huelga y rechazan aumento de 4.3% al salario Puebla\",\"breadcrumb\":{\"@id\":\"https:\\\/\\\/pueblaenlinea.com\\\/2025\\\/puebla\\\/trabajadores-de-volkswagen-puebla-amenazan-con-huelga-y-rechazan-aumento-de-4-3-al-salario\\\/#breadcrumb\"},\"inLanguage\":\"es\",\"potentialAction\":[{\"@type\":\"ReadAction\",\"target\":[\"https:\\\/\\\/pueblaenlinea.com\\\/2025\\\/puebla\\\/trabajadores-de-volkswagen-puebla-amenazan-con-huelga-y-rechazan-aumento-de-4-3-al-salario\\\/\"]}]},{\"@type\":\"ImageObject\",\"inLanguage\":\"es\",\"@id\":\"https:\\\/\\\/pueblaenlinea.com\\\/2025\\\/puebla\\\/trabajadores-de-volkswagen-puebla-amenazan-con-huelga-y-rechazan-aumento-de-4-3-al-salario\\\/#primaryimage\",\"url\":\"https:\\\/\\\/pueblaenlinea.com\\\/2025\\\/wp-content\\\/uploads\\\/2026\\\/08\\\/puertavw.jpg\",\"contentUrl\":\"https:\\\/\\\/pueblaenlinea.com\\\/2025\\\/wp-content\\\/uploads\\\/2026\\\/08\\\/puertavw.jpg\",\"width\":1200,\"height\":674},{\"@type\":\"BreadcrumbList\",\"@id\":\"https:\\\/\\\/pueblaenlinea.com\\\/2025\\\/puebla\\\/trabajadores-de-volkswagen-puebla-amenazan-con-huelga-y-rechazan-aumento-de-4-3-al-salario\\\/#breadcrumb\",\"itemListElement\":[{\"@type\":\"ListItem\",\"position\":1,\"name\":\"Inicio\",\"item\":\"https:\\\/\\\/pueblaenlinea.com\\\/2025\\\/\"},{\"@type\":\"ListItem\",\"position\":2,\"name\":\"Trabajadores de Volkswagen Puebla amenazan con huelga y rechazan aumento de 4.3% al salario\"}]},{\"@type\":\"WebSite\",\"@id\":\"https:\\\/\\\/pueblaenlinea.com\\\/2025\\\/#website\",\"url\":\"https:\\\/\\\/pueblaenlinea.com\\\/2025\\\/\",\"name\":\"Puebla En Linea\",\"description\":\"noticias de puebla, periodismo serio y comprometido.\",\"potentialAction\":[{\"@type\":\"SearchAction\",\"target\":{\"@type\":\"EntryPoint\",\"urlTemplate\":\"https:\\\/\\\/pueblaenlinea.com\\\/2025\\\/?s={search_term_string}\"},\"query-input\":{\"@type\":\"PropertyValueSpecification\",\"valueRequired\":true,\"valueName\":\"search_term_string\"}}],\"inLanguage\":\"es\"},{\"@type\":\"Person\",\"@id\":\"https:\\\/\\\/pueblaenlinea.com\\\/2025\\\/#\\\/schema\\\/person\\\/2baf91de3092c7d50fb754a48f084d7f\",\"name\":\"lupita Puebla en linea\",\"image\":{\"@type\":\"ImageObject\",\"inLanguage\":\"es\",\"@id\":\"https:\\\/\\\/pueblaenlinea.com\\\/2025\\\/wp-content\\\/litespeed\\\/avatar\\\/c3bdb4b8e42693060df9dbf8c3f9c41d.jpg?ver=1787686057\",\"url\":\"https:\\\/\\\/pueblaenlinea.com\\\/2025\\\/wp-content\\\/litespeed\\\/avatar\\\/c3bdb4b8e42693060df9dbf8c3f9c41d.jpg?ver=1787686057\",\"contentUrl\":\"https:\\\/\\\/pueblaenlinea.com\\\/2025\\\/wp-content\\\/litespeed\\\/avatar\\\/c3bdb4b8e42693060df9dbf8c3f9c41d.jpg?ver=1787686057\",\"caption\":\"lupita Puebla en linea\"},\"url\":\"https:\\\/\\\/pueblaenlinea.com\\\/2025\\\/author\\\/lupita\\\/\"}]}<\/script>\n<!-- \/ Yoast SEO plugin. -->","yoast_head_json":{"title":"Trabajadores de Volkswagen Puebla amenazan con huelga y rechazan aumento de 4.3% al salario - Puebla En Linea","description":"Trabajadores de Volkswagen Puebla amenazan con huelga y rechazan aumento de 4.3% al salario Puebla","robots":{"index":"index","follow":"follow","max-snippet":"max-snippet:-1","max-image-preview":"max-image-preview:large","max-video-preview":"max-video-preview:-1"},"canonical":"https:\/\/pueblaenlinea.com\/2025\/puebla\/trabajadores-de-volkswagen-puebla-amenazan-con-huelga-y-rechazan-aumento-de-4-3-al-salario\/","og_locale":"es_MX","og_type":"article","og_title":"Trabajadores de Volkswagen Puebla amenazan con huelga y rechazan aumento de 4.3% al salario - Puebla En Linea","og_description":"Trabajadores de Volkswagen Puebla amenazan con huelga y rechazan aumento de 4.3% al salario Puebla","og_url":"https:\/\/pueblaenlinea.com\/2025\/puebla\/trabajadores-de-volkswagen-puebla-amenazan-con-huelga-y-rechazan-aumento-de-4-3-al-salario\/","og_site_name":"Puebla En Linea","article_publisher":"https:\/\/www.facebook.com\/pueblaenlineacom","article_published_time":"2026-08-31T20:26:25+00:00","article_modified_time":"2026-08-31T20:26:26+00:00","og_image":[{"width":1200,"height":674,"url":"https:\/\/pueblaenlinea.com\/2025\/wp-content\/uploads\/2026\/08\/puertavw.jpg","type":"image\/jpeg"}],"author":"lupita Puebla en linea","twitter_card":"summary_large_image","twitter_misc":{"Escrito por":"lupita Puebla en linea","Tiempo de lectura":"4 minutos"},"schema":{"@context":"https:\/\/schema.org","@graph":[{"@type":"Article","@id":"https:\/\/pueblaenlinea.com\/2025\/puebla\/trabajadores-de-volkswagen-puebla-amenazan-con-huelga-y-rechazan-aumento-de-4-3-al-salario\/#article","isPartOf":{"@id":"https:\/\/pueblaenlinea.com\/2025\/puebla\/trabajadores-de-volkswagen-puebla-amenazan-con-huelga-y-rechazan-aumento-de-4-3-al-salario\/"},"author":{"name":"lupita Puebla en linea","@id":"https:\/\/pueblaenlinea.com\/2025\/#\/schema\/person\/2baf91de3092c7d50fb754a48f084d7f"},"headline":"Trabajadores de Volkswagen Puebla amenazan con huelga y rechazan aumento de 4.3% al salario","datePublished":"2026-08-31T20:26:25+00:00","dateModified":"2026-08-31T20:26:26+00:00","mainEntityOfPage":{"@id":"https:\/\/pueblaenlinea.com\/2025\/puebla\/trabajadores-de-volkswagen-puebla-amenazan-con-huelga-y-rechazan-aumento-de-4-3-al-salario\/"},"wordCount":715,"image":{"@id":"https:\/\/pueblaenlinea.com\/2025\/puebla\/trabajadores-de-volkswagen-puebla-amenazan-con-huelga-y-rechazan-aumento-de-4-3-al-salario\/#primaryimage"},"thumbnailUrl":"https:\/\/pueblaenlinea.com\/2025\/wp-content\/uploads\/2026\/08\/puertavw.jpg","keywords":["virales"],"articleSection":["Puebla"],"inLanguage":"es"},{"@type":"WebPage","@id":"https:\/\/pueblaenlinea.com\/2025\/puebla\/trabajadores-de-volkswagen-puebla-amenazan-con-huelga-y-rechazan-aumento-de-4-3-al-salario\/","url":"https:\/\/pueblaenlinea.com\/2025\/puebla\/trabajadores-de-volkswagen-puebla-amenazan-con-huelga-y-rechazan-aumento-de-4-3-al-salario\/","name":"Trabajadores de Volkswagen Puebla amenazan con huelga y rechazan aumento de 4.3% al salario - Puebla En Linea","isPartOf":{"@id":"https:\/\/pueblaenlinea.com\/2025\/#website"},"primaryImageOfPage":{"@id":"https:\/\/pueblaenlinea.com\/2025\/puebla\/trabajadores-de-volkswagen-puebla-amenazan-con-huelga-y-rechazan-aumento-de-4-3-al-salario\/#primaryimage"},"image":{"@id":"https:\/\/pueblaenlinea.com\/2025\/puebla\/trabajadores-de-volkswagen-puebla-amenazan-con-huelga-y-rechazan-aumento-de-4-3-al-salario\/#primaryimage"},"thumbnailUrl":"https:\/\/pueblaenlinea.com\/2025\/wp-content\/uploads\/2026\/08\/puertavw.jpg","datePublished":"2026-08-31T20:26:25+00:00","dateModified":"2026-08-31T20:26:26+00:00","author":{"@id":"https:\/\/pueblaenlinea.com\/2025\/#\/schema\/person\/2baf91de3092c7d50fb754a48f084d7f"},"description":"Trabajadores de Volkswagen Puebla amenazan con huelga y rechazan aumento de 4.3% al salario Puebla","breadcrumb":{"@id":"https:\/\/pueblaenlinea.com\/2025\/puebla\/trabajadores-de-volkswagen-puebla-amenazan-con-huelga-y-rechazan-aumento-de-4-3-al-salario\/#breadcrumb"},"inLanguage":"es","potentialAction":[{"@type":"ReadAction","target":["https:\/\/pueblaenlinea.com\/2025\/puebla\/trabajadores-de-volkswagen-puebla-amenazan-con-huelga-y-rechazan-aumento-de-4-3-al-salario\/"]}]},{"@type":"ImageObject","inLanguage":"es","@id":"https:\/\/pueblaenlinea.com\/2025\/puebla\/trabajadores-de-volkswagen-puebla-amenazan-con-huelga-y-rechazan-aumento-de-4-3-al-salario\/#primaryimage","url":"https:\/\/pueblaenlinea.com\/2025\/wp-content\/uploads\/2026\/08\/puertavw.jpg","contentUrl":"https:\/\/pueblaenlinea.com\/2025\/wp-content\/uploads\/2026\/08\/puertavw.jpg","width":1200,"height":674},{"@type":"BreadcrumbList","@id":"https:\/\/pueblaenlinea.com\/2025\/puebla\/trabajadores-de-volkswagen-puebla-amenazan-con-huelga-y-rechazan-aumento-de-4-3-al-salario\/#breadcrumb","itemListElement":[{"@type":"ListItem","position":1,"name":"Inicio","item":"https:\/\/pueblaenlinea.com\/2025\/"},{"@type":"ListItem","position":2,"name":"Trabajadores de Volkswagen Puebla amenazan con huelga y rechazan aumento de 4.3% al salario"}]},{"@type":"WebSite","@id":"https:\/\/pueblaenlinea.com\/2025\/#website","url":"https:\/\/pueblaenlinea.com\/2025\/","name":"Puebla En Linea","description":"noticias de puebla, periodismo serio y comprometido.","potentialAction":[{"@type":"SearchAction","target":{"@type":"EntryPoint","urlTemplate":"https:\/\/pueblaenlinea.com\/2025\/?s={search_term_string}"},"query-input":{"@type":"PropertyValueSpecification","valueRequired":true,"valueName":"search_term_string"}}],"inLanguage":"es"},{"@type":"Person","@id":"https:\/\/pueblaenlinea.com\/2025\/#\/schema\/person\/2baf91de3092c7d50fb754a48f084d7f","name":"lupita Puebla en linea","image":{"@type":"ImageObject","inLanguage":"es","@id":"https:\/\/pueblaenlinea.com\/2025\/wp-content\/litespeed\/avatar\/c3bdb4b8e42693060df9dbf8c3f9c41d.jpg?ver=1787686057","url":"https:\/\/pueblaenlinea.com\/2025\/wp-content\/litespeed\/avatar\/c3bdb4b8e42693060df9dbf8c3f9c41d.jpg?ver=1787686057","contentUrl":"https:\/\/pueblaenlinea.com\/2025\/wp-content\/litespeed\/avatar\/c3bdb4b8e42693060df9dbf8c3f9c41d.jpg?ver=1787686057","caption":"lupita Puebla en linea"},"url":"https:\/\/pueblaenlinea.com\/2025\/author\/lupita\/"}]}},"_links":{"self":[{"href":"https:\/\/pueblaenlinea.com\/2025\/wp-json\/wp\/v2\/posts\/134694","targetHints":{"allow":["GET"]}}],"collection":[{"href":"https:\/\/pueblaenlinea.com\/2025\/wp-json\/wp\/v2\/posts"}],"about":[{"href":"https:\/\/pueblaenlinea.com\/2025\/wp-json\/wp\/v2\/types\/post"}],"author":[{"embeddable":true,"href":"https:\/\/pueblaenlinea.com\/2025\/wp-json\/wp\/v2\/users\/9"}],"replies":[{"embeddable":true,"href":"https:\/\/pueblaenlinea.com\/2025\/wp-json\/wp\/v2\/comments?post=134694"}],"version-history":[{"count":0,"href":"https:\/\/pueblaenlinea.com\/2025\/wp-json\/wp\/v2\/posts\/134694\/revisions"}],"wp:featuredmedia":[{"embeddable":true,"href":"https:\/\/pueblaenlinea.com\/2025\/wp-json\/wp\/v2\/media\/134695"}],"wp:attachment":[{"href":"https:\/\/pueblaenlinea.com\/2025\/wp-json\/wp\/v2\/media?parent=134694"}],"wp:term":[{"taxonomy":"category","embeddable":true,"href":"https:\/\/pueblaenlinea.com\/2025\/wp-json\/wp\/v2\/categories?post=134694"},{"taxonomy":"post_tag","embeddable":true,"href":"https:\/\/pueblaenlinea.com\/2025\/wp-json\/wp\/v2\/tags?post=134694"}],"curies":[{"name":"wp","href":"https:\/\/api.w.org\/{rel}","templated":true}]}}