{"id":134692,"date":"2026-08-31T13:57:38","date_gmt":"2026-08-31T19:57:38","guid":{"rendered":"https:\/\/pueblaenlinea.com\/2025\/?p=134692"},"modified":"2026-08-31T13:57:39","modified_gmt":"2026-08-31T19:57:39","slug":"oficial-puebla-anuncia-canje-de-placas-azules-costara-999-pesos-para-autos-al-corriente","status":"publish","type":"post","link":"https:\/\/pueblaenlinea.com\/2025\/puebla\/oficial-puebla-anuncia-canje-de-placas-azules-costara-999-pesos-para-autos-al-corriente\/","title":{"rendered":"\u00a1Oficial! Puebla anuncia canje de placas azules: Costar\u00e1 999 pesos para autos al corriente"},"content":{"rendered":"\n<p class=\"wp-block-paragraph\"><strong>A partir del 1 de septiembre comenzar\u00e1 en Puebla el canje de placas 2019 y anteriores.<\/strong> La medida alcanza a m\u00e1s de 401 mil veh\u00edculos que circulan con l\u00e1minas consideradas no vigentes y tendr\u00e1n tres meses para ponerse al corriente antes de que comiencen las multas.<\/p>\n\n\n\n<p class=\"wp-block-paragraph\">La Secretar\u00eda de Planeaci\u00f3n, Finanzas y Administraci\u00f3n present\u00f3 el programa <strong>\u201cPonte al D\u00eda\u201d<\/strong>, mediante el cual los propietarios podr\u00e1n regularizar placas y adeudos vehiculares con descuentos.<\/p>\n\n\n\n<h3 class=\"wp-block-heading\"><strong>\ud83d\udd34 401 mil 563 veh\u00edculos con placas no vigentes<\/strong><\/h3>\n\n\n\n<p class=\"wp-block-paragraph\">La cifra corresponde a autom\u00f3viles, camionetas y camiones que todav\u00eda circulan con placas antiguas, principalmente de administraciones anteriores.<\/p>\n\n\n\n<h3 class=\"wp-block-heading\"><strong>\ud83d\udcc5 El plazo vence el 30 de noviembre<\/strong><\/h3>\n\n\n\n<p class=\"wp-block-paragraph\">El canje podr\u00e1 realizarse <strong>del 1 de septiembre al 30 de noviembre de 2026<\/strong> en oficinas de Finanzas y Centros Integrales de Servicios. A partir del <strong>1 de diciembre<\/strong> podr\u00edan aplicarse multas a quienes contin\u00faen con placas no vigentes.<\/p>\n\n\n\n<h3 class=\"wp-block-heading\"><strong>\ud83d\ude97 \u00bfQu\u00e9 placas siguen vigentes?<\/strong><\/h3>\n\n\n\n<p class=\"wp-block-paragraph\">Son v\u00e1lidas las placas <strong>guinda expedidas desde 2020<\/strong>, adem\u00e1s de las correspondientes a las administraciones de Miguel Barbosa y Alejandro Armenta y las conmemorativas del Mundial 2026. Las placas 2019 y anteriores deber\u00e1n ser sustituidas.<\/p>\n\n\n\n<p class=\"wp-block-paragraph\">La secretaria Daniela P\u00e9rez Calder\u00f3n aclar\u00f3 que <strong>no existe un reemplacamiento obligatorio para todos los veh\u00edculos de Puebla<\/strong>. La medida est\u00e1 dirigida a quienes todav\u00eda poseen placas met\u00e1licas antiguas.<\/p>\n\n\n\n<p class=\"wp-block-paragraph\">El universo resulta considerable: de los <strong>1 mill\u00f3n 539 mil 754 veh\u00edculos particulares registrados en Puebla<\/strong>, alrededor de 401 mil 563 se encuentran en esta situaci\u00f3n y adem\u00e1s presentan adeudos relacionados con tenencia o fotomultas.<\/p>\n\n\n\n<p class=\"wp-block-paragraph\">El programa busca que el costo deje de ser el principal obst\u00e1culo para regularizarse. Para determinados tr\u00e1mites habr\u00e1 <strong>100 por ciento de descuento<\/strong>, mientras que los adeudos vehiculares podr\u00e1n acceder a reducciones de hasta <strong>73 por ciento<\/strong>.<\/p>\n\n\n\n<p class=\"wp-block-paragraph\">En el caso del canje de placas, cuyo costo se\u00f1alado es de mil 275 pesos, tambi\u00e9n se contempla un descuento total; la tarjeta de circulaci\u00f3n, de 700 pesos, y la baja de placas, de 175 pesos, tendr\u00e1n igualmente 100 por ciento de descuento bajo el programa.<\/p>\n\n\n\n<p class=\"wp-block-paragraph\">Para quienes buscan ponerse al corriente, el esquema contempla pagos preferenciales:<\/p>\n\n\n\n<ul class=\"wp-block-list\">\n<li><strong>999 pesos<\/strong> para determinados contribuyentes, con un ahorro anunciado de 54 por ciento.<\/li>\n\n\n\n<li><strong>5 mil 999 pesos<\/strong> para quienes tengan adeudos de hasta 20 mil pesos, equivalente a un descuento de 70 por ciento.<\/li>\n\n\n\n<li><strong>50 por ciento de descuento<\/strong> para quienes acumulen adeudos superiores a 20 mil pesos.<\/li>\n<\/ul>\n\n\n\n<p class=\"wp-block-paragraph\">Si quieres seguir esta y otras notas de inter\u00e9s en tiempo real, \u00fanete a nuestro canal de WhatsApp: <a target=\"_blank\" rel=\"noopener\" href=\"https:\/\/whatsapp.com\/channel\/0029Va5CSyuEQIalZaJWpX1h?utm_source=chatgpt.com\">Canal de WhatsApp de Puebla En L\u00ednea<\/a><\/p>\n\n\n\n<p class=\"wp-block-paragraph\">La intenci\u00f3n oficial es que el cambio de placas no se convierta en una nueva carga para los automovilistas, sino en una oportunidad para regularizar veh\u00edculos que llevan a\u00f1os circulando con documentaci\u00f3n pendiente. El reloj, sin embargo, ya comenz\u00f3 a correr: <strong>el 30 de noviembre termina el periodo y el 1 de diciembre cambia el escenario para quienes no hayan realizado el tr\u00e1mite.<\/strong><\/p>\n\n\n\n<p class=\"wp-block-paragraph\">M\u00e1s all\u00e1 de las placas, el programa pone sobre la mesa un problema acumulado: cientos de miles de veh\u00edculos circulan con obligaciones pendientes. La regularizaci\u00f3n puede aliviar el bolsillo de algunos propietarios, pero tambi\u00e9n busca poner orden en un padr\u00f3n vehicular que durante a\u00f1os ha arrastrado rezagos.<\/p>\n\n\n\n<p class=\"wp-block-paragraph\"><strong>Escrito por Redacci\u00f3n Puebla En L\u00ednea<\/strong><\/p>\n\n\n\n<h3 class=\"wp-block-heading\"><\/h3>\n\n\n\n<ol class=\"wp-block-list\">\n<li><strong>\u00bfTienes placas 2019 o anteriores? Puebla da 3 meses para cambiarlas y evitar multas<\/strong><\/li>\n\n\n\n<li><strong>M\u00e1s de 401 mil autos en Puebla circulan con placas no vigentes: esto debes saber<\/strong><\/li>\n\n\n\n<li><strong>Puebla pone fecha l\u00edmite al canje de placas antiguas: \u00bftu auto est\u00e1 en la lista?<\/strong><\/li>\n\n\n\n<li><strong>Placas viejas en Puebla: anuncian descuentos para regularizar autos antes de diciembre<\/strong><\/li>\n\n\n\n<li><strong>Se acaba el tiempo para miles de automovilistas en Puebla: inicia el canje de placas 2019 y anteriores<\/strong><\/li>\n<\/ol>\n","protected":false},"excerpt":{"rendered":"<p>A partir del 1 de septiembre comenzar\u00e1 en Puebla el canje de placas 2019 y anteriores. La medida alcanza a m\u00e1s de 401 mil veh\u00edculos que circulan con l\u00e1minas consideradas no vigentes y tendr\u00e1n tres meses para ponerse al corriente antes de que comiencen las multas. La Secretar\u00eda de Planeaci\u00f3n, Finanzas y Administraci\u00f3n present\u00f3 el&#8230;<\/p>\n","protected":false},"author":9,"featured_media":134693,"comment_status":"closed","ping_status":"closed","sticky":false,"template":"","format":"standard","meta":{"footnotes":""},"categories":[2],"tags":[1396],"class_list":["post-134692","post","type-post","status-publish","format-standard","has-post-thumbnail","hentry","category-puebla","tag-virales"],"yoast_head":"<!-- This site is optimized with the Yoast SEO plugin v28.0 - https:\/\/yoast.com\/product\/yoast-seo-wordpress\/ -->\n<title>\u00a1Oficial! Puebla anuncia canje de placas azules: Costar\u00e1 999 pesos para autos al corriente - Puebla En Linea<\/title>\n<meta name=\"description\" content=\"\u00a1Oficial! Puebla anuncia canje de placas azules: Costar\u00e1 999 pesos para autos al corriente Puebla\" \/>\n<meta name=\"robots\" content=\"index, follow, max-snippet:-1, max-image-preview:large, max-video-preview:-1\" \/>\n<link rel=\"canonical\" href=\"https:\/\/pueblaenlinea.com\/2025\/puebla\/oficial-puebla-anuncia-canje-de-placas-azules-costara-999-pesos-para-autos-al-corriente\/\" \/>\n<meta property=\"og:locale\" content=\"es_MX\" \/>\n<meta property=\"og:type\" content=\"article\" \/>\n<meta property=\"og:title\" content=\"\u00a1Oficial! Puebla anuncia canje de placas azules: Costar\u00e1 999 pesos para autos al corriente - Puebla En Linea\" \/>\n<meta property=\"og:description\" content=\"\u00a1Oficial! Puebla anuncia canje de placas azules: Costar\u00e1 999 pesos para autos al corriente Puebla\" \/>\n<meta property=\"og:url\" content=\"https:\/\/pueblaenlinea.com\/2025\/puebla\/oficial-puebla-anuncia-canje-de-placas-azules-costara-999-pesos-para-autos-al-corriente\/\" \/>\n<meta property=\"og:site_name\" content=\"Puebla En Linea\" \/>\n<meta property=\"article:publisher\" content=\"https:\/\/www.facebook.com\/pueblaenlineacom\" \/>\n<meta property=\"article:published_time\" content=\"2026-08-31T19:57:38+00:00\" \/>\n<meta property=\"article:modified_time\" content=\"2026-08-31T19:57:39+00:00\" \/>\n<meta property=\"og:image\" content=\"https:\/\/pueblaenlinea.com\/2025\/wp-content\/uploads\/2026\/08\/placasazules.jpg\" \/>\n\t<meta property=\"og:image:width\" content=\"1200\" \/>\n\t<meta property=\"og:image:height\" content=\"674\" \/>\n\t<meta property=\"og:image:type\" content=\"image\/jpeg\" \/>\n<meta name=\"author\" content=\"lupita Puebla en linea\" \/>\n<meta name=\"twitter:card\" content=\"summary_large_image\" \/>\n<meta name=\"twitter:label1\" content=\"Escrito por\" \/>\n\t<meta name=\"twitter:data1\" content=\"lupita Puebla en linea\" \/>\n\t<meta name=\"twitter:label2\" content=\"Tiempo de lectura\" \/>\n\t<meta name=\"twitter:data2\" content=\"3 minutos\" \/>\n<script type=\"application\/ld+json\" class=\"yoast-schema-graph\">{\"@context\":\"https:\\\/\\\/schema.org\",\"@graph\":[{\"@type\":\"Article\",\"@id\":\"https:\\\/\\\/pueblaenlinea.com\\\/2025\\\/puebla\\\/oficial-puebla-anuncia-canje-de-placas-azules-costara-999-pesos-para-autos-al-corriente\\\/#article\",\"isPartOf\":{\"@id\":\"https:\\\/\\\/pueblaenlinea.com\\\/2025\\\/puebla\\\/oficial-puebla-anuncia-canje-de-placas-azules-costara-999-pesos-para-autos-al-corriente\\\/\"},\"author\":{\"name\":\"lupita Puebla en linea\",\"@id\":\"https:\\\/\\\/pueblaenlinea.com\\\/2025\\\/#\\\/schema\\\/person\\\/2baf91de3092c7d50fb754a48f084d7f\"},\"headline\":\"\u00a1Oficial! Puebla anuncia canje de placas azules: Costar\u00e1 999 pesos para autos al corriente\",\"datePublished\":\"2026-08-31T19:57:38+00:00\",\"dateModified\":\"2026-08-31T19:57:39+00:00\",\"mainEntityOfPage\":{\"@id\":\"https:\\\/\\\/pueblaenlinea.com\\\/2025\\\/puebla\\\/oficial-puebla-anuncia-canje-de-placas-azules-costara-999-pesos-para-autos-al-corriente\\\/\"},\"wordCount\":629,\"image\":{\"@id\":\"https:\\\/\\\/pueblaenlinea.com\\\/2025\\\/puebla\\\/oficial-puebla-anuncia-canje-de-placas-azules-costara-999-pesos-para-autos-al-corriente\\\/#primaryimage\"},\"thumbnailUrl\":\"https:\\\/\\\/pueblaenlinea.com\\\/2025\\\/wp-content\\\/uploads\\\/2026\\\/08\\\/placasazules.jpg\",\"keywords\":[\"virales\"],\"articleSection\":[\"Puebla\"],\"inLanguage\":\"es\"},{\"@type\":\"WebPage\",\"@id\":\"https:\\\/\\\/pueblaenlinea.com\\\/2025\\\/puebla\\\/oficial-puebla-anuncia-canje-de-placas-azules-costara-999-pesos-para-autos-al-corriente\\\/\",\"url\":\"https:\\\/\\\/pueblaenlinea.com\\\/2025\\\/puebla\\\/oficial-puebla-anuncia-canje-de-placas-azules-costara-999-pesos-para-autos-al-corriente\\\/\",\"name\":\"\u00a1Oficial! Puebla anuncia canje de placas azules: Costar\u00e1 999 pesos para autos al corriente - Puebla En Linea\",\"isPartOf\":{\"@id\":\"https:\\\/\\\/pueblaenlinea.com\\\/2025\\\/#website\"},\"primaryImageOfPage\":{\"@id\":\"https:\\\/\\\/pueblaenlinea.com\\\/2025\\\/puebla\\\/oficial-puebla-anuncia-canje-de-placas-azules-costara-999-pesos-para-autos-al-corriente\\\/#primaryimage\"},\"image\":{\"@id\":\"https:\\\/\\\/pueblaenlinea.com\\\/2025\\\/puebla\\\/oficial-puebla-anuncia-canje-de-placas-azules-costara-999-pesos-para-autos-al-corriente\\\/#primaryimage\"},\"thumbnailUrl\":\"https:\\\/\\\/pueblaenlinea.com\\\/2025\\\/wp-content\\\/uploads\\\/2026\\\/08\\\/placasazules.jpg\",\"datePublished\":\"2026-08-31T19:57:38+00:00\",\"dateModified\":\"2026-08-31T19:57:39+00:00\",\"author\":{\"@id\":\"https:\\\/\\\/pueblaenlinea.com\\\/2025\\\/#\\\/schema\\\/person\\\/2baf91de3092c7d50fb754a48f084d7f\"},\"description\":\"\u00a1Oficial! Puebla anuncia canje de placas azules: Costar\u00e1 999 pesos para autos al corriente Puebla\",\"breadcrumb\":{\"@id\":\"https:\\\/\\\/pueblaenlinea.com\\\/2025\\\/puebla\\\/oficial-puebla-anuncia-canje-de-placas-azules-costara-999-pesos-para-autos-al-corriente\\\/#breadcrumb\"},\"inLanguage\":\"es\",\"potentialAction\":[{\"@type\":\"ReadAction\",\"target\":[\"https:\\\/\\\/pueblaenlinea.com\\\/2025\\\/puebla\\\/oficial-puebla-anuncia-canje-de-placas-azules-costara-999-pesos-para-autos-al-corriente\\\/\"]}]},{\"@type\":\"ImageObject\",\"inLanguage\":\"es\",\"@id\":\"https:\\\/\\\/pueblaenlinea.com\\\/2025\\\/puebla\\\/oficial-puebla-anuncia-canje-de-placas-azules-costara-999-pesos-para-autos-al-corriente\\\/#primaryimage\",\"url\":\"https:\\\/\\\/pueblaenlinea.com\\\/2025\\\/wp-content\\\/uploads\\\/2026\\\/08\\\/placasazules.jpg\",\"contentUrl\":\"https:\\\/\\\/pueblaenlinea.com\\\/2025\\\/wp-content\\\/uploads\\\/2026\\\/08\\\/placasazules.jpg\",\"width\":1200,\"height\":674},{\"@type\":\"BreadcrumbList\",\"@id\":\"https:\\\/\\\/pueblaenlinea.com\\\/2025\\\/puebla\\\/oficial-puebla-anuncia-canje-de-placas-azules-costara-999-pesos-para-autos-al-corriente\\\/#breadcrumb\",\"itemListElement\":[{\"@type\":\"ListItem\",\"position\":1,\"name\":\"Inicio\",\"item\":\"https:\\\/\\\/pueblaenlinea.com\\\/2025\\\/\"},{\"@type\":\"ListItem\",\"position\":2,\"name\":\"\u00a1Oficial! Puebla anuncia canje de placas azules: Costar\u00e1 999 pesos para autos al corriente\"}]},{\"@type\":\"WebSite\",\"@id\":\"https:\\\/\\\/pueblaenlinea.com\\\/2025\\\/#website\",\"url\":\"https:\\\/\\\/pueblaenlinea.com\\\/2025\\\/\",\"name\":\"Puebla En Linea\",\"description\":\"noticias de puebla, periodismo serio y comprometido.\",\"potentialAction\":[{\"@type\":\"SearchAction\",\"target\":{\"@type\":\"EntryPoint\",\"urlTemplate\":\"https:\\\/\\\/pueblaenlinea.com\\\/2025\\\/?s={search_term_string}\"},\"query-input\":{\"@type\":\"PropertyValueSpecification\",\"valueRequired\":true,\"valueName\":\"search_term_string\"}}],\"inLanguage\":\"es\"},{\"@type\":\"Person\",\"@id\":\"https:\\\/\\\/pueblaenlinea.com\\\/2025\\\/#\\\/schema\\\/person\\\/2baf91de3092c7d50fb754a48f084d7f\",\"name\":\"lupita Puebla en linea\",\"image\":{\"@type\":\"ImageObject\",\"inLanguage\":\"es\",\"@id\":\"https:\\\/\\\/pueblaenlinea.com\\\/2025\\\/wp-content\\\/litespeed\\\/avatar\\\/c3bdb4b8e42693060df9dbf8c3f9c41d.jpg?ver=1787686057\",\"url\":\"https:\\\/\\\/pueblaenlinea.com\\\/2025\\\/wp-content\\\/litespeed\\\/avatar\\\/c3bdb4b8e42693060df9dbf8c3f9c41d.jpg?ver=1787686057\",\"contentUrl\":\"https:\\\/\\\/pueblaenlinea.com\\\/2025\\\/wp-content\\\/litespeed\\\/avatar\\\/c3bdb4b8e42693060df9dbf8c3f9c41d.jpg?ver=1787686057\",\"caption\":\"lupita Puebla en linea\"},\"url\":\"https:\\\/\\\/pueblaenlinea.com\\\/2025\\\/author\\\/lupita\\\/\"}]}<\/script>\n<!-- \/ Yoast SEO plugin. -->","yoast_head_json":{"title":"\u00a1Oficial! Puebla anuncia canje de placas azules: Costar\u00e1 999 pesos para autos al corriente - Puebla En Linea","description":"\u00a1Oficial! Puebla anuncia canje de placas azules: Costar\u00e1 999 pesos para autos al corriente Puebla","robots":{"index":"index","follow":"follow","max-snippet":"max-snippet:-1","max-image-preview":"max-image-preview:large","max-video-preview":"max-video-preview:-1"},"canonical":"https:\/\/pueblaenlinea.com\/2025\/puebla\/oficial-puebla-anuncia-canje-de-placas-azules-costara-999-pesos-para-autos-al-corriente\/","og_locale":"es_MX","og_type":"article","og_title":"\u00a1Oficial! Puebla anuncia canje de placas azules: Costar\u00e1 999 pesos para autos al corriente - Puebla En Linea","og_description":"\u00a1Oficial! Puebla anuncia canje de placas azules: Costar\u00e1 999 pesos para autos al corriente Puebla","og_url":"https:\/\/pueblaenlinea.com\/2025\/puebla\/oficial-puebla-anuncia-canje-de-placas-azules-costara-999-pesos-para-autos-al-corriente\/","og_site_name":"Puebla En Linea","article_publisher":"https:\/\/www.facebook.com\/pueblaenlineacom","article_published_time":"2026-08-31T19:57:38+00:00","article_modified_time":"2026-08-31T19:57:39+00:00","og_image":[{"width":1200,"height":674,"url":"https:\/\/pueblaenlinea.com\/2025\/wp-content\/uploads\/2026\/08\/placasazules.jpg","type":"image\/jpeg"}],"author":"lupita Puebla en linea","twitter_card":"summary_large_image","twitter_misc":{"Escrito por":"lupita Puebla en linea","Tiempo de lectura":"3 minutos"},"schema":{"@context":"https:\/\/schema.org","@graph":[{"@type":"Article","@id":"https:\/\/pueblaenlinea.com\/2025\/puebla\/oficial-puebla-anuncia-canje-de-placas-azules-costara-999-pesos-para-autos-al-corriente\/#article","isPartOf":{"@id":"https:\/\/pueblaenlinea.com\/2025\/puebla\/oficial-puebla-anuncia-canje-de-placas-azules-costara-999-pesos-para-autos-al-corriente\/"},"author":{"name":"lupita Puebla en linea","@id":"https:\/\/pueblaenlinea.com\/2025\/#\/schema\/person\/2baf91de3092c7d50fb754a48f084d7f"},"headline":"\u00a1Oficial! Puebla anuncia canje de placas azules: Costar\u00e1 999 pesos para autos al corriente","datePublished":"2026-08-31T19:57:38+00:00","dateModified":"2026-08-31T19:57:39+00:00","mainEntityOfPage":{"@id":"https:\/\/pueblaenlinea.com\/2025\/puebla\/oficial-puebla-anuncia-canje-de-placas-azules-costara-999-pesos-para-autos-al-corriente\/"},"wordCount":629,"image":{"@id":"https:\/\/pueblaenlinea.com\/2025\/puebla\/oficial-puebla-anuncia-canje-de-placas-azules-costara-999-pesos-para-autos-al-corriente\/#primaryimage"},"thumbnailUrl":"https:\/\/pueblaenlinea.com\/2025\/wp-content\/uploads\/2026\/08\/placasazules.jpg","keywords":["virales"],"articleSection":["Puebla"],"inLanguage":"es"},{"@type":"WebPage","@id":"https:\/\/pueblaenlinea.com\/2025\/puebla\/oficial-puebla-anuncia-canje-de-placas-azules-costara-999-pesos-para-autos-al-corriente\/","url":"https:\/\/pueblaenlinea.com\/2025\/puebla\/oficial-puebla-anuncia-canje-de-placas-azules-costara-999-pesos-para-autos-al-corriente\/","name":"\u00a1Oficial! Puebla anuncia canje de placas azules: Costar\u00e1 999 pesos para autos al corriente - Puebla En Linea","isPartOf":{"@id":"https:\/\/pueblaenlinea.com\/2025\/#website"},"primaryImageOfPage":{"@id":"https:\/\/pueblaenlinea.com\/2025\/puebla\/oficial-puebla-anuncia-canje-de-placas-azules-costara-999-pesos-para-autos-al-corriente\/#primaryimage"},"image":{"@id":"https:\/\/pueblaenlinea.com\/2025\/puebla\/oficial-puebla-anuncia-canje-de-placas-azules-costara-999-pesos-para-autos-al-corriente\/#primaryimage"},"thumbnailUrl":"https:\/\/pueblaenlinea.com\/2025\/wp-content\/uploads\/2026\/08\/placasazules.jpg","datePublished":"2026-08-31T19:57:38+00:00","dateModified":"2026-08-31T19:57:39+00:00","author":{"@id":"https:\/\/pueblaenlinea.com\/2025\/#\/schema\/person\/2baf91de3092c7d50fb754a48f084d7f"},"description":"\u00a1Oficial! Puebla anuncia canje de placas azules: Costar\u00e1 999 pesos para autos al corriente Puebla","breadcrumb":{"@id":"https:\/\/pueblaenlinea.com\/2025\/puebla\/oficial-puebla-anuncia-canje-de-placas-azules-costara-999-pesos-para-autos-al-corriente\/#breadcrumb"},"inLanguage":"es","potentialAction":[{"@type":"ReadAction","target":["https:\/\/pueblaenlinea.com\/2025\/puebla\/oficial-puebla-anuncia-canje-de-placas-azules-costara-999-pesos-para-autos-al-corriente\/"]}]},{"@type":"ImageObject","inLanguage":"es","@id":"https:\/\/pueblaenlinea.com\/2025\/puebla\/oficial-puebla-anuncia-canje-de-placas-azules-costara-999-pesos-para-autos-al-corriente\/#primaryimage","url":"https:\/\/pueblaenlinea.com\/2025\/wp-content\/uploads\/2026\/08\/placasazules.jpg","contentUrl":"https:\/\/pueblaenlinea.com\/2025\/wp-content\/uploads\/2026\/08\/placasazules.jpg","width":1200,"height":674},{"@type":"BreadcrumbList","@id":"https:\/\/pueblaenlinea.com\/2025\/puebla\/oficial-puebla-anuncia-canje-de-placas-azules-costara-999-pesos-para-autos-al-corriente\/#breadcrumb","itemListElement":[{"@type":"ListItem","position":1,"name":"Inicio","item":"https:\/\/pueblaenlinea.com\/2025\/"},{"@type":"ListItem","position":2,"name":"\u00a1Oficial! Puebla anuncia canje de placas azules: Costar\u00e1 999 pesos para autos al corriente"}]},{"@type":"WebSite","@id":"https:\/\/pueblaenlinea.com\/2025\/#website","url":"https:\/\/pueblaenlinea.com\/2025\/","name":"Puebla En Linea","description":"noticias de puebla, periodismo serio y comprometido.","potentialAction":[{"@type":"SearchAction","target":{"@type":"EntryPoint","urlTemplate":"https:\/\/pueblaenlinea.com\/2025\/?s={search_term_string}"},"query-input":{"@type":"PropertyValueSpecification","valueRequired":true,"valueName":"search_term_string"}}],"inLanguage":"es"},{"@type":"Person","@id":"https:\/\/pueblaenlinea.com\/2025\/#\/schema\/person\/2baf91de3092c7d50fb754a48f084d7f","name":"lupita Puebla en linea","image":{"@type":"ImageObject","inLanguage":"es","@id":"https:\/\/pueblaenlinea.com\/2025\/wp-content\/litespeed\/avatar\/c3bdb4b8e42693060df9dbf8c3f9c41d.jpg?ver=1787686057","url":"https:\/\/pueblaenlinea.com\/2025\/wp-content\/litespeed\/avatar\/c3bdb4b8e42693060df9dbf8c3f9c41d.jpg?ver=1787686057","contentUrl":"https:\/\/pueblaenlinea.com\/2025\/wp-content\/litespeed\/avatar\/c3bdb4b8e42693060df9dbf8c3f9c41d.jpg?ver=1787686057","caption":"lupita Puebla en linea"},"url":"https:\/\/pueblaenlinea.com\/2025\/author\/lupita\/"}]}},"_links":{"self":[{"href":"https:\/\/pueblaenlinea.com\/2025\/wp-json\/wp\/v2\/posts\/134692","targetHints":{"allow":["GET"]}}],"collection":[{"href":"https:\/\/pueblaenlinea.com\/2025\/wp-json\/wp\/v2\/posts"}],"about":[{"href":"https:\/\/pueblaenlinea.com\/2025\/wp-json\/wp\/v2\/types\/post"}],"author":[{"embeddable":true,"href":"https:\/\/pueblaenlinea.com\/2025\/wp-json\/wp\/v2\/users\/9"}],"replies":[{"embeddable":true,"href":"https:\/\/pueblaenlinea.com\/2025\/wp-json\/wp\/v2\/comments?post=134692"}],"version-history":[{"count":0,"href":"https:\/\/pueblaenlinea.com\/2025\/wp-json\/wp\/v2\/posts\/134692\/revisions"}],"wp:featuredmedia":[{"embeddable":true,"href":"https:\/\/pueblaenlinea.com\/2025\/wp-json\/wp\/v2\/media\/134693"}],"wp:attachment":[{"href":"https:\/\/pueblaenlinea.com\/2025\/wp-json\/wp\/v2\/media?parent=134692"}],"wp:term":[{"taxonomy":"category","embeddable":true,"href":"https:\/\/pueblaenlinea.com\/2025\/wp-json\/wp\/v2\/categories?post=134692"},{"taxonomy":"post_tag","embeddable":true,"href":"https:\/\/pueblaenlinea.com\/2025\/wp-json\/wp\/v2\/tags?post=134692"}],"curies":[{"name":"wp","href":"https:\/\/api.w.org\/{rel}","templated":true}]}}