{"id":134690,"date":"2026-08-31T13:50:51","date_gmt":"2026-08-31T19:50:51","guid":{"rendered":"https:\/\/pueblaenlinea.com\/2025\/?p=134690"},"modified":"2026-08-31T13:50:51","modified_gmt":"2026-08-31T19:50:51","slug":"puebla-refuerza-coordinacion-entre-siete-municipios-para-mejorar-la-seguridad-de-mujeres-ante-violencia-de-genero","status":"publish","type":"post","link":"https:\/\/pueblaenlinea.com\/2025\/capital\/puebla-refuerza-coordinacion-entre-siete-municipios-para-mejorar-la-seguridad-de-mujeres-ante-violencia-de-genero\/","title":{"rendered":"Puebla refuerza coordinaci\u00f3n entre siete municipios para mejorar la seguridad de mujeres ante violencia de g\u00e9nero"},"content":{"rendered":"\n<p class=\"wp-block-paragraph\">La violencia contra mujeres, adolescentes y ni\u00f1as no termina en los l\u00edmites de un municipio. Por eso, Puebla capital reuni\u00f3 este 31 de agosto a autoridades de siete municipios para coordinar estrategias de prevenci\u00f3n, atenci\u00f3n y respuesta ante situaciones de riesgo.<\/p>\n\n\n\n<p class=\"wp-block-paragraph\">La reuni\u00f3n fue encabezada por el gobierno municipal de Pepe Chedraui, a trav\u00e9s de la Secretar\u00eda de las Mujeres, durante la <strong>Mesa Metropolitana de Trabajo en materia de Seguridad<\/strong>, donde participaron representantes de los tres \u00f3rdenes de gobierno.<\/p>\n\n\n\n<p class=\"wp-block-paragraph\"><strong>\ud83d\udd39 31 de agosto de 2026 | Puebla, Puebla<\/strong><br>La mesa reuni\u00f3 a autoridades de Puebla, San Pedro Cholula, Amozoc, Cuautlancingo, Ocoyucan, Coronango y San Andr\u00e9s Cholula.<\/p>\n\n\n\n<p class=\"wp-block-paragraph\"><strong>\ud83d\udd39 Cero tolerancia a la violencia<\/strong><br>Pepe Chedraui ratific\u00f3 la postura de cero tolerancia frente a cualquier forma de violencia contra mujeres, ni\u00f1as, ni\u00f1os y adolescentes, tanto en espacios p\u00fablicos y privados como en entornos virtuales.<\/p>\n\n\n\n<p class=\"wp-block-paragraph\"><strong>\ud83d\udd39 Atenci\u00f3n sin revictimizaci\u00f3n<\/strong><br>La secretaria de las Mujeres, Zaira Gonz\u00e1lez, se\u00f1al\u00f3 que una mujer que solicita ayuda debe encontrar instituciones preparadas para escucharla, atenderla y acompa\u00f1arla de manera sensible y oportuna.<\/p>\n\n\n\n<p class=\"wp-block-paragraph\"><strong>\ud83d\udd39 Punto Seguro<\/strong><br>Entre las estrategias municipales se encuentra <strong>Punto Seguro<\/strong>, que ofrece espacios de resguardo inmediato para mujeres que enfrentan una situaci\u00f3n de riesgo mientras se activan los mecanismos de apoyo correspondientes.<\/p>\n\n\n\n<p class=\"wp-block-paragraph\"><strong>\ud83d\udd39 Protocolos y Alerta de Violencia de G\u00e9nero<\/strong><br>Las autoridades plantearon compartir informaci\u00f3n, homologar criterios y fortalecer los protocolos de primer contacto en el marco de la Declaratoria de Alerta de Violencia de G\u00e9nero contra las Mujeres.<\/p>\n\n\n\n<p class=\"wp-block-paragraph\">Chedraui sostuvo que el trabajo se realiza bajo la visi\u00f3n de la presidenta Claudia Sheinbaum y del gobernador Alejandro Armenta, con el prop\u00f3sito de reducir la violencia de g\u00e9nero y ampliar la participaci\u00f3n de las mujeres en espacios de decisi\u00f3n.<\/p>\n\n\n\n<p class=\"wp-block-paragraph\">Durante la jornada tambi\u00e9n particip\u00f3 Ilse Gonz\u00e1lez Hern\u00e1ndez, subsecretaria de Desarrollo Institucional y Administraci\u00f3n Policial, quien destac\u00f3 que enfrentar la violencia contra las mujeres exige comunicaci\u00f3n permanente y estrategias capaces de prevenir, atender, sancionar y erradicar sus distintas manifestaciones.<\/p>\n\n\n\n<p class=\"wp-block-paragraph\">La estrategia contempla adem\u00e1s <strong>orientaci\u00f3n jur\u00eddica y psicol\u00f3gica, acompa\u00f1amiento y coordinaci\u00f3n con instituciones de seguridad y procuraci\u00f3n de justicia<\/strong>.<\/p>\n\n\n\n<p class=\"wp-block-paragraph\">Si quieres seguir esta y otras notas de inter\u00e9s en tiempo real, \u00fanete a nuestro canal de WhatsApp: <a target=\"_blank\" rel=\"noopener\">https:\/\/whatsapp.com\/channel\/0029Va5CSyuEQIalZaJWpX1h<\/a><\/p>\n\n\n\n<p class=\"wp-block-paragraph\">La apuesta de la mesa metropolitana es sencilla en apariencia, pero compleja en la pr\u00e1ctica: que una mujer que pide ayuda no tenga que explicar su historia una y otra vez mientras las instituciones deciden qui\u00e9n debe actuar. La coordinaci\u00f3n, en este caso, puede marcar la diferencia entre una respuesta tard\u00eda y una intervenci\u00f3n oportuna.<\/p>\n\n\n\n<p class=\"wp-block-paragraph\"><strong>Redacci\u00f3n Incorrecto News<\/strong><\/p>\n\n\n\n<h3 class=\"wp-block-heading\"><\/h3>\n\n\n\n<ol class=\"wp-block-list\">\n<li><strong>Puebla une a 7 municipios para reforzar la seguridad de mujeres ante casos de violencia<\/strong><\/li>\n\n\n\n<li><strong>\u00bfQu\u00e9 cambia para las mujeres? Puebla coordina a siete municipios contra la violencia de g\u00e9nero<\/strong><\/li>\n\n\n\n<li><strong>Pepe Chedraui refuerza estrategia metropolitana para proteger a mujeres en Puebla<\/strong><\/li>\n\n\n\n<li><strong>Siete municipios de Puebla acuerdan fortalecer protocolos de atenci\u00f3n para mujeres<\/strong><\/li>\n\n\n\n<li><strong>Puebla busca cerrar brechas en atenci\u00f3n a mujeres: as\u00ed funcionar\u00e1 la coordinaci\u00f3n metropolitana<\/strong><\/li>\n<\/ol>\n","protected":false},"excerpt":{"rendered":"<p>La violencia contra mujeres, adolescentes y ni\u00f1as no termina en los l\u00edmites de un municipio. Por eso, Puebla capital reuni\u00f3 este 31 de agosto a autoridades de siete municipios para coordinar estrategias de prevenci\u00f3n, atenci\u00f3n y respuesta ante situaciones de riesgo. La reuni\u00f3n fue encabezada por el gobierno municipal de Pepe Chedraui, a trav\u00e9s de&#8230;<\/p>\n","protected":false},"author":9,"featured_media":134691,"comment_status":"closed","ping_status":"closed","sticky":false,"template":"","format":"standard","meta":{"footnotes":""},"categories":[3],"tags":[1386],"class_list":["post-134690","post","type-post","status-publish","format-standard","has-post-thumbnail","hentry","category-capital","tag-puebla"],"yoast_head":"<!-- This site is optimized with the Yoast SEO plugin v28.0 - https:\/\/yoast.com\/product\/yoast-seo-wordpress\/ -->\n<title>Puebla refuerza coordinaci\u00f3n entre siete municipios para mejorar la seguridad de mujeres ante violencia de g\u00e9nero - Puebla En Linea<\/title>\n<meta name=\"description\" content=\"Puebla refuerza coordinaci\u00f3n entre siete municipios para mejorar la seguridad de mujeres ante violencia de g\u00e9nero Capital\" \/>\n<meta name=\"robots\" content=\"index, follow, max-snippet:-1, max-image-preview:large, max-video-preview:-1\" \/>\n<link rel=\"canonical\" href=\"https:\/\/pueblaenlinea.com\/2025\/capital\/puebla-refuerza-coordinacion-entre-siete-municipios-para-mejorar-la-seguridad-de-mujeres-ante-violencia-de-genero\/\" \/>\n<meta property=\"og:locale\" content=\"es_MX\" \/>\n<meta property=\"og:type\" content=\"article\" \/>\n<meta property=\"og:title\" content=\"Puebla refuerza coordinaci\u00f3n entre siete municipios para mejorar la seguridad de mujeres ante violencia de g\u00e9nero - Puebla En Linea\" \/>\n<meta property=\"og:description\" content=\"Puebla refuerza coordinaci\u00f3n entre siete municipios para mejorar la seguridad de mujeres ante violencia de g\u00e9nero Capital\" \/>\n<meta property=\"og:url\" content=\"https:\/\/pueblaenlinea.com\/2025\/capital\/puebla-refuerza-coordinacion-entre-siete-municipios-para-mejorar-la-seguridad-de-mujeres-ante-violencia-de-genero\/\" \/>\n<meta property=\"og:site_name\" content=\"Puebla En Linea\" \/>\n<meta property=\"article:publisher\" content=\"https:\/\/www.facebook.com\/pueblaenlineacom\" \/>\n<meta property=\"article:published_time\" content=\"2026-08-31T19:50:51+00:00\" \/>\n<meta property=\"og:image\" content=\"https:\/\/pueblaenlinea.com\/2025\/wp-content\/uploads\/2026\/08\/seguridadmujeres.jpg\" \/>\n\t<meta property=\"og:image:width\" content=\"1200\" \/>\n\t<meta property=\"og:image:height\" content=\"674\" \/>\n\t<meta property=\"og:image:type\" content=\"image\/jpeg\" \/>\n<meta name=\"author\" content=\"lupita Puebla en linea\" \/>\n<meta name=\"twitter:card\" content=\"summary_large_image\" \/>\n<meta name=\"twitter:label1\" content=\"Escrito por\" \/>\n\t<meta name=\"twitter:data1\" content=\"lupita Puebla en linea\" \/>\n\t<meta name=\"twitter:label2\" content=\"Tiempo de lectura\" \/>\n\t<meta name=\"twitter:data2\" content=\"3 minutos\" \/>\n<script type=\"application\/ld+json\" class=\"yoast-schema-graph\">{\"@context\":\"https:\\\/\\\/schema.org\",\"@graph\":[{\"@type\":\"Article\",\"@id\":\"https:\\\/\\\/pueblaenlinea.com\\\/2025\\\/capital\\\/puebla-refuerza-coordinacion-entre-siete-municipios-para-mejorar-la-seguridad-de-mujeres-ante-violencia-de-genero\\\/#article\",\"isPartOf\":{\"@id\":\"https:\\\/\\\/pueblaenlinea.com\\\/2025\\\/capital\\\/puebla-refuerza-coordinacion-entre-siete-municipios-para-mejorar-la-seguridad-de-mujeres-ante-violencia-de-genero\\\/\"},\"author\":{\"name\":\"lupita Puebla en linea\",\"@id\":\"https:\\\/\\\/pueblaenlinea.com\\\/2025\\\/#\\\/schema\\\/person\\\/2baf91de3092c7d50fb754a48f084d7f\"},\"headline\":\"Puebla refuerza coordinaci\u00f3n entre siete municipios para mejorar la seguridad de mujeres ante violencia de g\u00e9nero\",\"datePublished\":\"2026-08-31T19:50:51+00:00\",\"mainEntityOfPage\":{\"@id\":\"https:\\\/\\\/pueblaenlinea.com\\\/2025\\\/capital\\\/puebla-refuerza-coordinacion-entre-siete-municipios-para-mejorar-la-seguridad-de-mujeres-ante-violencia-de-genero\\\/\"},\"wordCount\":546,\"image\":{\"@id\":\"https:\\\/\\\/pueblaenlinea.com\\\/2025\\\/capital\\\/puebla-refuerza-coordinacion-entre-siete-municipios-para-mejorar-la-seguridad-de-mujeres-ante-violencia-de-genero\\\/#primaryimage\"},\"thumbnailUrl\":\"https:\\\/\\\/pueblaenlinea.com\\\/2025\\\/wp-content\\\/uploads\\\/2026\\\/08\\\/seguridadmujeres.jpg\",\"keywords\":[\"Puebla\"],\"articleSection\":[\"Capital\"],\"inLanguage\":\"es\"},{\"@type\":\"WebPage\",\"@id\":\"https:\\\/\\\/pueblaenlinea.com\\\/2025\\\/capital\\\/puebla-refuerza-coordinacion-entre-siete-municipios-para-mejorar-la-seguridad-de-mujeres-ante-violencia-de-genero\\\/\",\"url\":\"https:\\\/\\\/pueblaenlinea.com\\\/2025\\\/capital\\\/puebla-refuerza-coordinacion-entre-siete-municipios-para-mejorar-la-seguridad-de-mujeres-ante-violencia-de-genero\\\/\",\"name\":\"Puebla refuerza coordinaci\u00f3n entre siete municipios para mejorar la seguridad de mujeres ante violencia de g\u00e9nero - Puebla En Linea\",\"isPartOf\":{\"@id\":\"https:\\\/\\\/pueblaenlinea.com\\\/2025\\\/#website\"},\"primaryImageOfPage\":{\"@id\":\"https:\\\/\\\/pueblaenlinea.com\\\/2025\\\/capital\\\/puebla-refuerza-coordinacion-entre-siete-municipios-para-mejorar-la-seguridad-de-mujeres-ante-violencia-de-genero\\\/#primaryimage\"},\"image\":{\"@id\":\"https:\\\/\\\/pueblaenlinea.com\\\/2025\\\/capital\\\/puebla-refuerza-coordinacion-entre-siete-municipios-para-mejorar-la-seguridad-de-mujeres-ante-violencia-de-genero\\\/#primaryimage\"},\"thumbnailUrl\":\"https:\\\/\\\/pueblaenlinea.com\\\/2025\\\/wp-content\\\/uploads\\\/2026\\\/08\\\/seguridadmujeres.jpg\",\"datePublished\":\"2026-08-31T19:50:51+00:00\",\"author\":{\"@id\":\"https:\\\/\\\/pueblaenlinea.com\\\/2025\\\/#\\\/schema\\\/person\\\/2baf91de3092c7d50fb754a48f084d7f\"},\"description\":\"Puebla refuerza coordinaci\u00f3n entre siete municipios para mejorar la seguridad de mujeres ante violencia de g\u00e9nero Capital\",\"breadcrumb\":{\"@id\":\"https:\\\/\\\/pueblaenlinea.com\\\/2025\\\/capital\\\/puebla-refuerza-coordinacion-entre-siete-municipios-para-mejorar-la-seguridad-de-mujeres-ante-violencia-de-genero\\\/#breadcrumb\"},\"inLanguage\":\"es\",\"potentialAction\":[{\"@type\":\"ReadAction\",\"target\":[\"https:\\\/\\\/pueblaenlinea.com\\\/2025\\\/capital\\\/puebla-refuerza-coordinacion-entre-siete-municipios-para-mejorar-la-seguridad-de-mujeres-ante-violencia-de-genero\\\/\"]}]},{\"@type\":\"ImageObject\",\"inLanguage\":\"es\",\"@id\":\"https:\\\/\\\/pueblaenlinea.com\\\/2025\\\/capital\\\/puebla-refuerza-coordinacion-entre-siete-municipios-para-mejorar-la-seguridad-de-mujeres-ante-violencia-de-genero\\\/#primaryimage\",\"url\":\"https:\\\/\\\/pueblaenlinea.com\\\/2025\\\/wp-content\\\/uploads\\\/2026\\\/08\\\/seguridadmujeres.jpg\",\"contentUrl\":\"https:\\\/\\\/pueblaenlinea.com\\\/2025\\\/wp-content\\\/uploads\\\/2026\\\/08\\\/seguridadmujeres.jpg\",\"width\":1200,\"height\":674},{\"@type\":\"BreadcrumbList\",\"@id\":\"https:\\\/\\\/pueblaenlinea.com\\\/2025\\\/capital\\\/puebla-refuerza-coordinacion-entre-siete-municipios-para-mejorar-la-seguridad-de-mujeres-ante-violencia-de-genero\\\/#breadcrumb\",\"itemListElement\":[{\"@type\":\"ListItem\",\"position\":1,\"name\":\"Inicio\",\"item\":\"https:\\\/\\\/pueblaenlinea.com\\\/2025\\\/\"},{\"@type\":\"ListItem\",\"position\":2,\"name\":\"Puebla refuerza coordinaci\u00f3n entre siete municipios para mejorar la seguridad de mujeres ante violencia de g\u00e9nero\"}]},{\"@type\":\"WebSite\",\"@id\":\"https:\\\/\\\/pueblaenlinea.com\\\/2025\\\/#website\",\"url\":\"https:\\\/\\\/pueblaenlinea.com\\\/2025\\\/\",\"name\":\"Puebla En Linea\",\"description\":\"noticias de puebla, periodismo serio y comprometido.\",\"potentialAction\":[{\"@type\":\"SearchAction\",\"target\":{\"@type\":\"EntryPoint\",\"urlTemplate\":\"https:\\\/\\\/pueblaenlinea.com\\\/2025\\\/?s={search_term_string}\"},\"query-input\":{\"@type\":\"PropertyValueSpecification\",\"valueRequired\":true,\"valueName\":\"search_term_string\"}}],\"inLanguage\":\"es\"},{\"@type\":\"Person\",\"@id\":\"https:\\\/\\\/pueblaenlinea.com\\\/2025\\\/#\\\/schema\\\/person\\\/2baf91de3092c7d50fb754a48f084d7f\",\"name\":\"lupita Puebla en linea\",\"image\":{\"@type\":\"ImageObject\",\"inLanguage\":\"es\",\"@id\":\"https:\\\/\\\/pueblaenlinea.com\\\/2025\\\/wp-content\\\/litespeed\\\/avatar\\\/c3bdb4b8e42693060df9dbf8c3f9c41d.jpg?ver=1787686057\",\"url\":\"https:\\\/\\\/pueblaenlinea.com\\\/2025\\\/wp-content\\\/litespeed\\\/avatar\\\/c3bdb4b8e42693060df9dbf8c3f9c41d.jpg?ver=1787686057\",\"contentUrl\":\"https:\\\/\\\/pueblaenlinea.com\\\/2025\\\/wp-content\\\/litespeed\\\/avatar\\\/c3bdb4b8e42693060df9dbf8c3f9c41d.jpg?ver=1787686057\",\"caption\":\"lupita Puebla en linea\"},\"url\":\"https:\\\/\\\/pueblaenlinea.com\\\/2025\\\/author\\\/lupita\\\/\"}]}<\/script>\n<!-- \/ Yoast SEO plugin. -->","yoast_head_json":{"title":"Puebla refuerza coordinaci\u00f3n entre siete municipios para mejorar la seguridad de mujeres ante violencia de g\u00e9nero - Puebla En Linea","description":"Puebla refuerza coordinaci\u00f3n entre siete municipios para mejorar la seguridad de mujeres ante violencia de g\u00e9nero Capital","robots":{"index":"index","follow":"follow","max-snippet":"max-snippet:-1","max-image-preview":"max-image-preview:large","max-video-preview":"max-video-preview:-1"},"canonical":"https:\/\/pueblaenlinea.com\/2025\/capital\/puebla-refuerza-coordinacion-entre-siete-municipios-para-mejorar-la-seguridad-de-mujeres-ante-violencia-de-genero\/","og_locale":"es_MX","og_type":"article","og_title":"Puebla refuerza coordinaci\u00f3n entre siete municipios para mejorar la seguridad de mujeres ante violencia de g\u00e9nero - Puebla En Linea","og_description":"Puebla refuerza coordinaci\u00f3n entre siete municipios para mejorar la seguridad de mujeres ante violencia de g\u00e9nero Capital","og_url":"https:\/\/pueblaenlinea.com\/2025\/capital\/puebla-refuerza-coordinacion-entre-siete-municipios-para-mejorar-la-seguridad-de-mujeres-ante-violencia-de-genero\/","og_site_name":"Puebla En Linea","article_publisher":"https:\/\/www.facebook.com\/pueblaenlineacom","article_published_time":"2026-08-31T19:50:51+00:00","og_image":[{"width":1200,"height":674,"url":"https:\/\/pueblaenlinea.com\/2025\/wp-content\/uploads\/2026\/08\/seguridadmujeres.jpg","type":"image\/jpeg"}],"author":"lupita Puebla en linea","twitter_card":"summary_large_image","twitter_misc":{"Escrito por":"lupita Puebla en linea","Tiempo de lectura":"3 minutos"},"schema":{"@context":"https:\/\/schema.org","@graph":[{"@type":"Article","@id":"https:\/\/pueblaenlinea.com\/2025\/capital\/puebla-refuerza-coordinacion-entre-siete-municipios-para-mejorar-la-seguridad-de-mujeres-ante-violencia-de-genero\/#article","isPartOf":{"@id":"https:\/\/pueblaenlinea.com\/2025\/capital\/puebla-refuerza-coordinacion-entre-siete-municipios-para-mejorar-la-seguridad-de-mujeres-ante-violencia-de-genero\/"},"author":{"name":"lupita Puebla en linea","@id":"https:\/\/pueblaenlinea.com\/2025\/#\/schema\/person\/2baf91de3092c7d50fb754a48f084d7f"},"headline":"Puebla refuerza coordinaci\u00f3n entre siete municipios para mejorar la seguridad de mujeres ante violencia de g\u00e9nero","datePublished":"2026-08-31T19:50:51+00:00","mainEntityOfPage":{"@id":"https:\/\/pueblaenlinea.com\/2025\/capital\/puebla-refuerza-coordinacion-entre-siete-municipios-para-mejorar-la-seguridad-de-mujeres-ante-violencia-de-genero\/"},"wordCount":546,"image":{"@id":"https:\/\/pueblaenlinea.com\/2025\/capital\/puebla-refuerza-coordinacion-entre-siete-municipios-para-mejorar-la-seguridad-de-mujeres-ante-violencia-de-genero\/#primaryimage"},"thumbnailUrl":"https:\/\/pueblaenlinea.com\/2025\/wp-content\/uploads\/2026\/08\/seguridadmujeres.jpg","keywords":["Puebla"],"articleSection":["Capital"],"inLanguage":"es"},{"@type":"WebPage","@id":"https:\/\/pueblaenlinea.com\/2025\/capital\/puebla-refuerza-coordinacion-entre-siete-municipios-para-mejorar-la-seguridad-de-mujeres-ante-violencia-de-genero\/","url":"https:\/\/pueblaenlinea.com\/2025\/capital\/puebla-refuerza-coordinacion-entre-siete-municipios-para-mejorar-la-seguridad-de-mujeres-ante-violencia-de-genero\/","name":"Puebla refuerza coordinaci\u00f3n entre siete municipios para mejorar la seguridad de mujeres ante violencia de g\u00e9nero - Puebla En Linea","isPartOf":{"@id":"https:\/\/pueblaenlinea.com\/2025\/#website"},"primaryImageOfPage":{"@id":"https:\/\/pueblaenlinea.com\/2025\/capital\/puebla-refuerza-coordinacion-entre-siete-municipios-para-mejorar-la-seguridad-de-mujeres-ante-violencia-de-genero\/#primaryimage"},"image":{"@id":"https:\/\/pueblaenlinea.com\/2025\/capital\/puebla-refuerza-coordinacion-entre-siete-municipios-para-mejorar-la-seguridad-de-mujeres-ante-violencia-de-genero\/#primaryimage"},"thumbnailUrl":"https:\/\/pueblaenlinea.com\/2025\/wp-content\/uploads\/2026\/08\/seguridadmujeres.jpg","datePublished":"2026-08-31T19:50:51+00:00","author":{"@id":"https:\/\/pueblaenlinea.com\/2025\/#\/schema\/person\/2baf91de3092c7d50fb754a48f084d7f"},"description":"Puebla refuerza coordinaci\u00f3n entre siete municipios para mejorar la seguridad de mujeres ante violencia de g\u00e9nero Capital","breadcrumb":{"@id":"https:\/\/pueblaenlinea.com\/2025\/capital\/puebla-refuerza-coordinacion-entre-siete-municipios-para-mejorar-la-seguridad-de-mujeres-ante-violencia-de-genero\/#breadcrumb"},"inLanguage":"es","potentialAction":[{"@type":"ReadAction","target":["https:\/\/pueblaenlinea.com\/2025\/capital\/puebla-refuerza-coordinacion-entre-siete-municipios-para-mejorar-la-seguridad-de-mujeres-ante-violencia-de-genero\/"]}]},{"@type":"ImageObject","inLanguage":"es","@id":"https:\/\/pueblaenlinea.com\/2025\/capital\/puebla-refuerza-coordinacion-entre-siete-municipios-para-mejorar-la-seguridad-de-mujeres-ante-violencia-de-genero\/#primaryimage","url":"https:\/\/pueblaenlinea.com\/2025\/wp-content\/uploads\/2026\/08\/seguridadmujeres.jpg","contentUrl":"https:\/\/pueblaenlinea.com\/2025\/wp-content\/uploads\/2026\/08\/seguridadmujeres.jpg","width":1200,"height":674},{"@type":"BreadcrumbList","@id":"https:\/\/pueblaenlinea.com\/2025\/capital\/puebla-refuerza-coordinacion-entre-siete-municipios-para-mejorar-la-seguridad-de-mujeres-ante-violencia-de-genero\/#breadcrumb","itemListElement":[{"@type":"ListItem","position":1,"name":"Inicio","item":"https:\/\/pueblaenlinea.com\/2025\/"},{"@type":"ListItem","position":2,"name":"Puebla refuerza coordinaci\u00f3n entre siete municipios para mejorar la seguridad de mujeres ante violencia de g\u00e9nero"}]},{"@type":"WebSite","@id":"https:\/\/pueblaenlinea.com\/2025\/#website","url":"https:\/\/pueblaenlinea.com\/2025\/","name":"Puebla En Linea","description":"noticias de puebla, periodismo serio y comprometido.","potentialAction":[{"@type":"SearchAction","target":{"@type":"EntryPoint","urlTemplate":"https:\/\/pueblaenlinea.com\/2025\/?s={search_term_string}"},"query-input":{"@type":"PropertyValueSpecification","valueRequired":true,"valueName":"search_term_string"}}],"inLanguage":"es"},{"@type":"Person","@id":"https:\/\/pueblaenlinea.com\/2025\/#\/schema\/person\/2baf91de3092c7d50fb754a48f084d7f","name":"lupita Puebla en linea","image":{"@type":"ImageObject","inLanguage":"es","@id":"https:\/\/pueblaenlinea.com\/2025\/wp-content\/litespeed\/avatar\/c3bdb4b8e42693060df9dbf8c3f9c41d.jpg?ver=1787686057","url":"https:\/\/pueblaenlinea.com\/2025\/wp-content\/litespeed\/avatar\/c3bdb4b8e42693060df9dbf8c3f9c41d.jpg?ver=1787686057","contentUrl":"https:\/\/pueblaenlinea.com\/2025\/wp-content\/litespeed\/avatar\/c3bdb4b8e42693060df9dbf8c3f9c41d.jpg?ver=1787686057","caption":"lupita Puebla en linea"},"url":"https:\/\/pueblaenlinea.com\/2025\/author\/lupita\/"}]}},"_links":{"self":[{"href":"https:\/\/pueblaenlinea.com\/2025\/wp-json\/wp\/v2\/posts\/134690","targetHints":{"allow":["GET"]}}],"collection":[{"href":"https:\/\/pueblaenlinea.com\/2025\/wp-json\/wp\/v2\/posts"}],"about":[{"href":"https:\/\/pueblaenlinea.com\/2025\/wp-json\/wp\/v2\/types\/post"}],"author":[{"embeddable":true,"href":"https:\/\/pueblaenlinea.com\/2025\/wp-json\/wp\/v2\/users\/9"}],"replies":[{"embeddable":true,"href":"https:\/\/pueblaenlinea.com\/2025\/wp-json\/wp\/v2\/comments?post=134690"}],"version-history":[{"count":0,"href":"https:\/\/pueblaenlinea.com\/2025\/wp-json\/wp\/v2\/posts\/134690\/revisions"}],"wp:featuredmedia":[{"embeddable":true,"href":"https:\/\/pueblaenlinea.com\/2025\/wp-json\/wp\/v2\/media\/134691"}],"wp:attachment":[{"href":"https:\/\/pueblaenlinea.com\/2025\/wp-json\/wp\/v2\/media?parent=134690"}],"wp:term":[{"taxonomy":"category","embeddable":true,"href":"https:\/\/pueblaenlinea.com\/2025\/wp-json\/wp\/v2\/categories?post=134690"},{"taxonomy":"post_tag","embeddable":true,"href":"https:\/\/pueblaenlinea.com\/2025\/wp-json\/wp\/v2\/tags?post=134690"}],"curies":[{"name":"wp","href":"https:\/\/api.w.org\/{rel}","templated":true}]}}