{"id":134687,"date":"2026-08-31T11:25:40","date_gmt":"2026-08-31T17:25:40","guid":{"rendered":"https:\/\/pueblaenlinea.com\/2025\/?p=134687"},"modified":"2026-08-31T11:25:41","modified_gmt":"2026-08-31T17:25:41","slug":"empresario-escapa-de-presunto-secuestro-en-huejotzingo-forcejeo-con-hombres-armados-y-logro-huir","status":"publish","type":"post","link":"https:\/\/pueblaenlinea.com\/2025\/nota-roja\/empresario-escapa-de-presunto-secuestro-en-huejotzingo-forcejeo-con-hombres-armados-y-logro-huir\/","title":{"rendered":"Empresario escapa de presunto secuestro en Huejotzingo; forceje\u00f3 con hombres armados y logr\u00f3 huir"},"content":{"rendered":"\n<p class=\"wp-block-paragraph\">Lo que parec\u00eda una salida cotidiana termin\u00f3 en segundos convertida en un intento de privaci\u00f3n de la libertad. Un empresario fue interceptado por sujetos armados en calles del <strong>Primer Barrio de Huejotzingo<\/strong>, pero logr\u00f3 resistirse y escapar.<\/p>\n\n\n\n<p class=\"wp-block-paragraph\">El momento qued\u00f3 grabado por una c\u00e1mara de videovigilancia, cuyas im\u00e1genes muestran el forcejeo y la forma en que la v\u00edctima consigui\u00f3 evitar ser subida a un veh\u00edculo.<\/p>\n\n\n\n<p class=\"wp-block-paragraph\"><strong>\u2022 Fecha:<\/strong> 28 de agosto de 2026.<br><strong>\u2022 Lugar:<\/strong> Primer Barrio de Huejotzingo.<br><strong>\u2022 V\u00edctima:<\/strong> empresario.<br><strong>\u2022 Agresores:<\/strong> varios sujetos armados.<br><strong>\u2022 Veh\u00edculo:<\/strong> SUV negra.<br><strong>\u2022 Consecuencia:<\/strong> la v\u00edctima logr\u00f3 escapar y present\u00f3 golpes leves.<\/p>\n\n\n\n<h3 class=\"wp-block-heading\">Lo interceptaron al salir de un domicilio<\/h3>\n\n\n\n<p class=\"wp-block-paragraph\">De acuerdo con las im\u00e1genes difundidas, el empresario acababa de salir de un domicilio particular cuando una <strong>SUV de color negro<\/strong> se detuvo cerca de \u00e9l.<\/p>\n\n\n\n<p class=\"wp-block-paragraph\">Del veh\u00edculo descendieron varios individuos. Uno de ellos vest\u00eda una sudadera roja y se acerc\u00f3 directamente a la v\u00edctima, quien fue confrontada junto a una reja.<\/p>\n\n\n\n<p class=\"wp-block-paragraph\">En cuesti\u00f3n de segundos comenz\u00f3 un forcejeo. Los sujetos aparentemente intentaron someter al hombre y llevarlo hacia el veh\u00edculo, pero la v\u00edctima opuso resistencia.<\/p>\n\n\n\n<p class=\"wp-block-paragraph\">El empresario consigui\u00f3 zafarse y <strong>corri\u00f3 para ponerse a salvo<\/strong>, mientras los presuntos agresores regresaron a la SUV y abandonaron r\u00e1pidamente el lugar.<\/p>\n\n\n\n<h3 class=\"wp-block-heading\">La c\u00e1mara capt\u00f3 los 81 segundos de tensi\u00f3n<\/h3>\n\n\n\n<p class=\"wp-block-paragraph\">La grabaci\u00f3n, de aproximadamente <strong>81 segundos<\/strong>, permite observar pr\u00e1cticamente toda la secuencia del intento de privaci\u00f3n de la libertad.<\/p>\n\n\n\n<p class=\"wp-block-paragraph\">Aunque el empresario sufri\u00f3 algunos golpes, logr\u00f3 evitar que fuera llevado por los sujetos.<\/p>\n\n\n\n<p class=\"wp-block-paragraph\">Hasta el momento, no se ha informado p\u00fablicamente sobre la identidad de la v\u00edctima, la detenci\u00f3n de los presuntos responsables o alg\u00fan avance oficial de las investigaciones.<\/p>\n\n\n\n<p class=\"wp-block-paragraph\">Tampoco se han precisado las causas por las que el empresario habr\u00eda sido interceptado ni si exist\u00eda alg\u00fan tipo de amenaza o antecedente previo.<\/p>\n\n\n\n<p class=\"wp-block-paragraph\">Si quieres seguir esta y otras notas de inter\u00e9s en tiempo real, \u00fanete a nuestro canal de WhatsApp: <a href=\"https:\/\/whatsapp.com\/channel\/0029Va5CSyuEQIalZaJWpX1h?utm_source=chatgpt.com\">WhatsApp Puebla En L\u00ednea<\/a>.<\/p>\n\n\n\n<p class=\"wp-block-paragraph\">El video deja una pregunta inevitable: \u00bfcu\u00e1ntos casos similares quedan \u00fanicamente registrados por una c\u00e1mara y nunca llegan a conocerse? En Huejotzingo, ahora corresponde a las autoridades reconstruir lo ocurrido e identificar a quienes aparecen en las im\u00e1genes.<\/p>\n\n\n\n<p class=\"wp-block-paragraph\"><strong>Escrito por Redacci\u00f3n Puebla En L\u00ednea<\/strong><\/p>\n\n\n\n<ol class=\"wp-block-list\">\n<li><strong>Empresario se resiste y escapa de presunto secuestro en Huejotzingo; c\u00e1maras captan el forcejeo<\/strong><\/li>\n\n\n\n<li><strong>As\u00ed intentaron llevarse a un empresario en Huejotzingo; logr\u00f3 escapar de hombres armados<\/strong><\/li>\n\n\n\n<li><strong>C\u00e1maras captan intento de secuestro en Huejotzingo; empresario forcejea y logra huir<\/strong><\/li>\n\n\n\n<li><strong>SUV negra llega y varios hombres intentan someter a un empresario en Huejotzingo<\/strong><\/li>\n\n\n\n<li><strong>81 segundos de tensi\u00f3n: c\u00e1maras captan c\u00f3mo empresario evita ser privado de la libertad en Huejotzingo<\/strong><\/li>\n<\/ol>\n","protected":false},"excerpt":{"rendered":"<p>Lo que parec\u00eda una salida cotidiana termin\u00f3 en segundos convertida en un intento de privaci\u00f3n de la libertad. Un empresario fue interceptado por sujetos armados en calles del Primer Barrio de Huejotzingo, pero logr\u00f3 resistirse y escapar. El momento qued\u00f3 grabado por una c\u00e1mara de videovigilancia, cuyas im\u00e1genes muestran el forcejeo y la forma en&#8230;<\/p>\n","protected":false},"author":10,"featured_media":134688,"comment_status":"closed","ping_status":"closed","sticky":false,"template":"","format":"standard","meta":{"footnotes":""},"categories":[24],"tags":[1396],"class_list":["post-134687","post","type-post","status-publish","format-standard","has-post-thumbnail","hentry","category-nota-roja","tag-virales"],"yoast_head":"<!-- This site is optimized with the Yoast SEO plugin v28.0 - https:\/\/yoast.com\/product\/yoast-seo-wordpress\/ -->\n<title>Empresario escapa de presunto secuestro en Huejotzingo; forceje\u00f3 con hombres armados y logr\u00f3 huir - Puebla En Linea<\/title>\n<meta name=\"description\" content=\"Empresario escapa de presunto secuestro en Huejotzingo; forceje\u00f3 con hombres armados y logr\u00f3 huir Nota Roja\" \/>\n<meta name=\"robots\" content=\"index, follow, max-snippet:-1, max-image-preview:large, max-video-preview:-1\" \/>\n<link rel=\"canonical\" href=\"https:\/\/pueblaenlinea.com\/2025\/nota-roja\/empresario-escapa-de-presunto-secuestro-en-huejotzingo-forcejeo-con-hombres-armados-y-logro-huir\/\" \/>\n<meta property=\"og:locale\" content=\"es_MX\" \/>\n<meta property=\"og:type\" content=\"article\" \/>\n<meta property=\"og:title\" content=\"Empresario escapa de presunto secuestro en Huejotzingo; forceje\u00f3 con hombres armados y logr\u00f3 huir - Puebla En Linea\" \/>\n<meta property=\"og:description\" content=\"Empresario escapa de presunto secuestro en Huejotzingo; forceje\u00f3 con hombres armados y logr\u00f3 huir Nota Roja\" \/>\n<meta property=\"og:url\" content=\"https:\/\/pueblaenlinea.com\/2025\/nota-roja\/empresario-escapa-de-presunto-secuestro-en-huejotzingo-forcejeo-con-hombres-armados-y-logro-huir\/\" \/>\n<meta property=\"og:site_name\" content=\"Puebla En Linea\" \/>\n<meta property=\"article:publisher\" content=\"https:\/\/www.facebook.com\/pueblaenlineacom\" \/>\n<meta property=\"article:published_time\" content=\"2026-08-31T17:25:40+00:00\" \/>\n<meta property=\"article:modified_time\" content=\"2026-08-31T17:25:41+00:00\" \/>\n<meta property=\"og:image\" content=\"https:\/\/pueblaenlinea.com\/2025\/wp-content\/uploads\/2026\/08\/secuestro.jpg\" \/>\n\t<meta property=\"og:image:width\" content=\"1200\" \/>\n\t<meta property=\"og:image:height\" content=\"674\" \/>\n\t<meta property=\"og:image:type\" content=\"image\/jpeg\" \/>\n<meta name=\"author\" content=\"Jazmin Cardenas\" \/>\n<meta name=\"twitter:card\" content=\"summary_large_image\" \/>\n<meta name=\"twitter:label1\" content=\"Escrito por\" \/>\n\t<meta name=\"twitter:data1\" content=\"Jazmin Cardenas\" \/>\n\t<meta name=\"twitter:label2\" content=\"Tiempo de lectura\" \/>\n\t<meta name=\"twitter:data2\" content=\"3 minutos\" \/>\n<script type=\"application\/ld+json\" class=\"yoast-schema-graph\">{\"@context\":\"https:\\\/\\\/schema.org\",\"@graph\":[{\"@type\":\"Article\",\"@id\":\"https:\\\/\\\/pueblaenlinea.com\\\/2025\\\/nota-roja\\\/empresario-escapa-de-presunto-secuestro-en-huejotzingo-forcejeo-con-hombres-armados-y-logro-huir\\\/#article\",\"isPartOf\":{\"@id\":\"https:\\\/\\\/pueblaenlinea.com\\\/2025\\\/nota-roja\\\/empresario-escapa-de-presunto-secuestro-en-huejotzingo-forcejeo-con-hombres-armados-y-logro-huir\\\/\"},\"author\":{\"name\":\"Jazmin Cardenas\",\"@id\":\"https:\\\/\\\/pueblaenlinea.com\\\/2025\\\/#\\\/schema\\\/person\\\/21ecc830e083be84dbddd9a05208834f\"},\"headline\":\"Empresario escapa de presunto secuestro en Huejotzingo; forceje\u00f3 con hombres armados y logr\u00f3 huir\",\"datePublished\":\"2026-08-31T17:25:40+00:00\",\"dateModified\":\"2026-08-31T17:25:41+00:00\",\"mainEntityOfPage\":{\"@id\":\"https:\\\/\\\/pueblaenlinea.com\\\/2025\\\/nota-roja\\\/empresario-escapa-de-presunto-secuestro-en-huejotzingo-forcejeo-con-hombres-armados-y-logro-huir\\\/\"},\"wordCount\":476,\"image\":{\"@id\":\"https:\\\/\\\/pueblaenlinea.com\\\/2025\\\/nota-roja\\\/empresario-escapa-de-presunto-secuestro-en-huejotzingo-forcejeo-con-hombres-armados-y-logro-huir\\\/#primaryimage\"},\"thumbnailUrl\":\"https:\\\/\\\/pueblaenlinea.com\\\/2025\\\/wp-content\\\/uploads\\\/2026\\\/08\\\/secuestro.jpg\",\"keywords\":[\"virales\"],\"articleSection\":[\"Nota Roja\"],\"inLanguage\":\"es\"},{\"@type\":\"WebPage\",\"@id\":\"https:\\\/\\\/pueblaenlinea.com\\\/2025\\\/nota-roja\\\/empresario-escapa-de-presunto-secuestro-en-huejotzingo-forcejeo-con-hombres-armados-y-logro-huir\\\/\",\"url\":\"https:\\\/\\\/pueblaenlinea.com\\\/2025\\\/nota-roja\\\/empresario-escapa-de-presunto-secuestro-en-huejotzingo-forcejeo-con-hombres-armados-y-logro-huir\\\/\",\"name\":\"Empresario escapa de presunto secuestro en Huejotzingo; forceje\u00f3 con hombres armados y logr\u00f3 huir - Puebla En Linea\",\"isPartOf\":{\"@id\":\"https:\\\/\\\/pueblaenlinea.com\\\/2025\\\/#website\"},\"primaryImageOfPage\":{\"@id\":\"https:\\\/\\\/pueblaenlinea.com\\\/2025\\\/nota-roja\\\/empresario-escapa-de-presunto-secuestro-en-huejotzingo-forcejeo-con-hombres-armados-y-logro-huir\\\/#primaryimage\"},\"image\":{\"@id\":\"https:\\\/\\\/pueblaenlinea.com\\\/2025\\\/nota-roja\\\/empresario-escapa-de-presunto-secuestro-en-huejotzingo-forcejeo-con-hombres-armados-y-logro-huir\\\/#primaryimage\"},\"thumbnailUrl\":\"https:\\\/\\\/pueblaenlinea.com\\\/2025\\\/wp-content\\\/uploads\\\/2026\\\/08\\\/secuestro.jpg\",\"datePublished\":\"2026-08-31T17:25:40+00:00\",\"dateModified\":\"2026-08-31T17:25:41+00:00\",\"author\":{\"@id\":\"https:\\\/\\\/pueblaenlinea.com\\\/2025\\\/#\\\/schema\\\/person\\\/21ecc830e083be84dbddd9a05208834f\"},\"description\":\"Empresario escapa de presunto secuestro en Huejotzingo; forceje\u00f3 con hombres armados y logr\u00f3 huir Nota Roja\",\"breadcrumb\":{\"@id\":\"https:\\\/\\\/pueblaenlinea.com\\\/2025\\\/nota-roja\\\/empresario-escapa-de-presunto-secuestro-en-huejotzingo-forcejeo-con-hombres-armados-y-logro-huir\\\/#breadcrumb\"},\"inLanguage\":\"es\",\"potentialAction\":[{\"@type\":\"ReadAction\",\"target\":[\"https:\\\/\\\/pueblaenlinea.com\\\/2025\\\/nota-roja\\\/empresario-escapa-de-presunto-secuestro-en-huejotzingo-forcejeo-con-hombres-armados-y-logro-huir\\\/\"]}]},{\"@type\":\"ImageObject\",\"inLanguage\":\"es\",\"@id\":\"https:\\\/\\\/pueblaenlinea.com\\\/2025\\\/nota-roja\\\/empresario-escapa-de-presunto-secuestro-en-huejotzingo-forcejeo-con-hombres-armados-y-logro-huir\\\/#primaryimage\",\"url\":\"https:\\\/\\\/pueblaenlinea.com\\\/2025\\\/wp-content\\\/uploads\\\/2026\\\/08\\\/secuestro.jpg\",\"contentUrl\":\"https:\\\/\\\/pueblaenlinea.com\\\/2025\\\/wp-content\\\/uploads\\\/2026\\\/08\\\/secuestro.jpg\",\"width\":1200,\"height\":674},{\"@type\":\"BreadcrumbList\",\"@id\":\"https:\\\/\\\/pueblaenlinea.com\\\/2025\\\/nota-roja\\\/empresario-escapa-de-presunto-secuestro-en-huejotzingo-forcejeo-con-hombres-armados-y-logro-huir\\\/#breadcrumb\",\"itemListElement\":[{\"@type\":\"ListItem\",\"position\":1,\"name\":\"Inicio\",\"item\":\"https:\\\/\\\/pueblaenlinea.com\\\/2025\\\/\"},{\"@type\":\"ListItem\",\"position\":2,\"name\":\"Empresario escapa de presunto secuestro en Huejotzingo; forceje\u00f3 con hombres armados y logr\u00f3 huir\"}]},{\"@type\":\"WebSite\",\"@id\":\"https:\\\/\\\/pueblaenlinea.com\\\/2025\\\/#website\",\"url\":\"https:\\\/\\\/pueblaenlinea.com\\\/2025\\\/\",\"name\":\"Puebla En Linea\",\"description\":\"noticias de puebla, periodismo serio y comprometido.\",\"potentialAction\":[{\"@type\":\"SearchAction\",\"target\":{\"@type\":\"EntryPoint\",\"urlTemplate\":\"https:\\\/\\\/pueblaenlinea.com\\\/2025\\\/?s={search_term_string}\"},\"query-input\":{\"@type\":\"PropertyValueSpecification\",\"valueRequired\":true,\"valueName\":\"search_term_string\"}}],\"inLanguage\":\"es\"},{\"@type\":\"Person\",\"@id\":\"https:\\\/\\\/pueblaenlinea.com\\\/2025\\\/#\\\/schema\\\/person\\\/21ecc830e083be84dbddd9a05208834f\",\"name\":\"Jazmin Cardenas\",\"image\":{\"@type\":\"ImageObject\",\"inLanguage\":\"es\",\"@id\":\"https:\\\/\\\/pueblaenlinea.com\\\/2025\\\/wp-content\\\/litespeed\\\/avatar\\\/9d7ab062f41a13d0af53522b39daf76f.jpg?ver=1788194722\",\"url\":\"https:\\\/\\\/pueblaenlinea.com\\\/2025\\\/wp-content\\\/litespeed\\\/avatar\\\/9d7ab062f41a13d0af53522b39daf76f.jpg?ver=1788194722\",\"contentUrl\":\"https:\\\/\\\/pueblaenlinea.com\\\/2025\\\/wp-content\\\/litespeed\\\/avatar\\\/9d7ab062f41a13d0af53522b39daf76f.jpg?ver=1788194722\",\"caption\":\"Jazmin Cardenas\"},\"url\":\"https:\\\/\\\/pueblaenlinea.com\\\/2025\\\/author\\\/jaz-pel\\\/\"}]}<\/script>\n<!-- \/ Yoast SEO plugin. -->","yoast_head_json":{"title":"Empresario escapa de presunto secuestro en Huejotzingo; forceje\u00f3 con hombres armados y logr\u00f3 huir - Puebla En Linea","description":"Empresario escapa de presunto secuestro en Huejotzingo; forceje\u00f3 con hombres armados y logr\u00f3 huir Nota Roja","robots":{"index":"index","follow":"follow","max-snippet":"max-snippet:-1","max-image-preview":"max-image-preview:large","max-video-preview":"max-video-preview:-1"},"canonical":"https:\/\/pueblaenlinea.com\/2025\/nota-roja\/empresario-escapa-de-presunto-secuestro-en-huejotzingo-forcejeo-con-hombres-armados-y-logro-huir\/","og_locale":"es_MX","og_type":"article","og_title":"Empresario escapa de presunto secuestro en Huejotzingo; forceje\u00f3 con hombres armados y logr\u00f3 huir - Puebla En Linea","og_description":"Empresario escapa de presunto secuestro en Huejotzingo; forceje\u00f3 con hombres armados y logr\u00f3 huir Nota Roja","og_url":"https:\/\/pueblaenlinea.com\/2025\/nota-roja\/empresario-escapa-de-presunto-secuestro-en-huejotzingo-forcejeo-con-hombres-armados-y-logro-huir\/","og_site_name":"Puebla En Linea","article_publisher":"https:\/\/www.facebook.com\/pueblaenlineacom","article_published_time":"2026-08-31T17:25:40+00:00","article_modified_time":"2026-08-31T17:25:41+00:00","og_image":[{"width":1200,"height":674,"url":"https:\/\/pueblaenlinea.com\/2025\/wp-content\/uploads\/2026\/08\/secuestro.jpg","type":"image\/jpeg"}],"author":"Jazmin Cardenas","twitter_card":"summary_large_image","twitter_misc":{"Escrito por":"Jazmin Cardenas","Tiempo de lectura":"3 minutos"},"schema":{"@context":"https:\/\/schema.org","@graph":[{"@type":"Article","@id":"https:\/\/pueblaenlinea.com\/2025\/nota-roja\/empresario-escapa-de-presunto-secuestro-en-huejotzingo-forcejeo-con-hombres-armados-y-logro-huir\/#article","isPartOf":{"@id":"https:\/\/pueblaenlinea.com\/2025\/nota-roja\/empresario-escapa-de-presunto-secuestro-en-huejotzingo-forcejeo-con-hombres-armados-y-logro-huir\/"},"author":{"name":"Jazmin Cardenas","@id":"https:\/\/pueblaenlinea.com\/2025\/#\/schema\/person\/21ecc830e083be84dbddd9a05208834f"},"headline":"Empresario escapa de presunto secuestro en Huejotzingo; forceje\u00f3 con hombres armados y logr\u00f3 huir","datePublished":"2026-08-31T17:25:40+00:00","dateModified":"2026-08-31T17:25:41+00:00","mainEntityOfPage":{"@id":"https:\/\/pueblaenlinea.com\/2025\/nota-roja\/empresario-escapa-de-presunto-secuestro-en-huejotzingo-forcejeo-con-hombres-armados-y-logro-huir\/"},"wordCount":476,"image":{"@id":"https:\/\/pueblaenlinea.com\/2025\/nota-roja\/empresario-escapa-de-presunto-secuestro-en-huejotzingo-forcejeo-con-hombres-armados-y-logro-huir\/#primaryimage"},"thumbnailUrl":"https:\/\/pueblaenlinea.com\/2025\/wp-content\/uploads\/2026\/08\/secuestro.jpg","keywords":["virales"],"articleSection":["Nota Roja"],"inLanguage":"es"},{"@type":"WebPage","@id":"https:\/\/pueblaenlinea.com\/2025\/nota-roja\/empresario-escapa-de-presunto-secuestro-en-huejotzingo-forcejeo-con-hombres-armados-y-logro-huir\/","url":"https:\/\/pueblaenlinea.com\/2025\/nota-roja\/empresario-escapa-de-presunto-secuestro-en-huejotzingo-forcejeo-con-hombres-armados-y-logro-huir\/","name":"Empresario escapa de presunto secuestro en Huejotzingo; forceje\u00f3 con hombres armados y logr\u00f3 huir - Puebla En Linea","isPartOf":{"@id":"https:\/\/pueblaenlinea.com\/2025\/#website"},"primaryImageOfPage":{"@id":"https:\/\/pueblaenlinea.com\/2025\/nota-roja\/empresario-escapa-de-presunto-secuestro-en-huejotzingo-forcejeo-con-hombres-armados-y-logro-huir\/#primaryimage"},"image":{"@id":"https:\/\/pueblaenlinea.com\/2025\/nota-roja\/empresario-escapa-de-presunto-secuestro-en-huejotzingo-forcejeo-con-hombres-armados-y-logro-huir\/#primaryimage"},"thumbnailUrl":"https:\/\/pueblaenlinea.com\/2025\/wp-content\/uploads\/2026\/08\/secuestro.jpg","datePublished":"2026-08-31T17:25:40+00:00","dateModified":"2026-08-31T17:25:41+00:00","author":{"@id":"https:\/\/pueblaenlinea.com\/2025\/#\/schema\/person\/21ecc830e083be84dbddd9a05208834f"},"description":"Empresario escapa de presunto secuestro en Huejotzingo; forceje\u00f3 con hombres armados y logr\u00f3 huir Nota Roja","breadcrumb":{"@id":"https:\/\/pueblaenlinea.com\/2025\/nota-roja\/empresario-escapa-de-presunto-secuestro-en-huejotzingo-forcejeo-con-hombres-armados-y-logro-huir\/#breadcrumb"},"inLanguage":"es","potentialAction":[{"@type":"ReadAction","target":["https:\/\/pueblaenlinea.com\/2025\/nota-roja\/empresario-escapa-de-presunto-secuestro-en-huejotzingo-forcejeo-con-hombres-armados-y-logro-huir\/"]}]},{"@type":"ImageObject","inLanguage":"es","@id":"https:\/\/pueblaenlinea.com\/2025\/nota-roja\/empresario-escapa-de-presunto-secuestro-en-huejotzingo-forcejeo-con-hombres-armados-y-logro-huir\/#primaryimage","url":"https:\/\/pueblaenlinea.com\/2025\/wp-content\/uploads\/2026\/08\/secuestro.jpg","contentUrl":"https:\/\/pueblaenlinea.com\/2025\/wp-content\/uploads\/2026\/08\/secuestro.jpg","width":1200,"height":674},{"@type":"BreadcrumbList","@id":"https:\/\/pueblaenlinea.com\/2025\/nota-roja\/empresario-escapa-de-presunto-secuestro-en-huejotzingo-forcejeo-con-hombres-armados-y-logro-huir\/#breadcrumb","itemListElement":[{"@type":"ListItem","position":1,"name":"Inicio","item":"https:\/\/pueblaenlinea.com\/2025\/"},{"@type":"ListItem","position":2,"name":"Empresario escapa de presunto secuestro en Huejotzingo; forceje\u00f3 con hombres armados y logr\u00f3 huir"}]},{"@type":"WebSite","@id":"https:\/\/pueblaenlinea.com\/2025\/#website","url":"https:\/\/pueblaenlinea.com\/2025\/","name":"Puebla En Linea","description":"noticias de puebla, periodismo serio y comprometido.","potentialAction":[{"@type":"SearchAction","target":{"@type":"EntryPoint","urlTemplate":"https:\/\/pueblaenlinea.com\/2025\/?s={search_term_string}"},"query-input":{"@type":"PropertyValueSpecification","valueRequired":true,"valueName":"search_term_string"}}],"inLanguage":"es"},{"@type":"Person","@id":"https:\/\/pueblaenlinea.com\/2025\/#\/schema\/person\/21ecc830e083be84dbddd9a05208834f","name":"Jazmin Cardenas","image":{"@type":"ImageObject","inLanguage":"es","@id":"https:\/\/pueblaenlinea.com\/2025\/wp-content\/litespeed\/avatar\/9d7ab062f41a13d0af53522b39daf76f.jpg?ver=1788194722","url":"https:\/\/pueblaenlinea.com\/2025\/wp-content\/litespeed\/avatar\/9d7ab062f41a13d0af53522b39daf76f.jpg?ver=1788194722","contentUrl":"https:\/\/pueblaenlinea.com\/2025\/wp-content\/litespeed\/avatar\/9d7ab062f41a13d0af53522b39daf76f.jpg?ver=1788194722","caption":"Jazmin Cardenas"},"url":"https:\/\/pueblaenlinea.com\/2025\/author\/jaz-pel\/"}]}},"_links":{"self":[{"href":"https:\/\/pueblaenlinea.com\/2025\/wp-json\/wp\/v2\/posts\/134687","targetHints":{"allow":["GET"]}}],"collection":[{"href":"https:\/\/pueblaenlinea.com\/2025\/wp-json\/wp\/v2\/posts"}],"about":[{"href":"https:\/\/pueblaenlinea.com\/2025\/wp-json\/wp\/v2\/types\/post"}],"author":[{"embeddable":true,"href":"https:\/\/pueblaenlinea.com\/2025\/wp-json\/wp\/v2\/users\/10"}],"replies":[{"embeddable":true,"href":"https:\/\/pueblaenlinea.com\/2025\/wp-json\/wp\/v2\/comments?post=134687"}],"version-history":[{"count":0,"href":"https:\/\/pueblaenlinea.com\/2025\/wp-json\/wp\/v2\/posts\/134687\/revisions"}],"wp:featuredmedia":[{"embeddable":true,"href":"https:\/\/pueblaenlinea.com\/2025\/wp-json\/wp\/v2\/media\/134688"}],"wp:attachment":[{"href":"https:\/\/pueblaenlinea.com\/2025\/wp-json\/wp\/v2\/media?parent=134687"}],"wp:term":[{"taxonomy":"category","embeddable":true,"href":"https:\/\/pueblaenlinea.com\/2025\/wp-json\/wp\/v2\/categories?post=134687"},{"taxonomy":"post_tag","embeddable":true,"href":"https:\/\/pueblaenlinea.com\/2025\/wp-json\/wp\/v2\/tags?post=134687"}],"curies":[{"name":"wp","href":"https:\/\/api.w.org\/{rel}","templated":true}]}}