{"id":134685,"date":"2026-08-31T10:23:40","date_gmt":"2026-08-31T16:23:40","guid":{"rendered":"https:\/\/pueblaenlinea.com\/2025\/?p=134685"},"modified":"2026-08-31T10:23:40","modified_gmt":"2026-08-31T16:23:40","slug":"caos-en-la-central-de-abasto-camioneta-fuera-de-control-choca-contra-al-menos-cuatro-vehiculos","status":"publish","type":"post","link":"https:\/\/pueblaenlinea.com\/2025\/nota-roja\/caos-en-la-central-de-abasto-camioneta-fuera-de-control-choca-contra-al-menos-cuatro-vehiculos\/","title":{"rendered":"Caos en la Central de Abasto: camioneta fuera de control choca contra al menos cuatro veh\u00edculos"},"content":{"rendered":"\n<p class=\"wp-block-paragraph\">Una camioneta sali\u00f3 disparada y sin control en una de las zonas de mayor movimiento de la <strong>Central de Abasto de Puebla<\/strong>, provocando una carambola que dej\u00f3 da\u00f1os materiales en al menos cuatro veh\u00edculos.<\/p>\n\n\n\n<p class=\"wp-block-paragraph\">El accidente ocurri\u00f3 el pasado <strong>27 de agosto en la Nave D-Norte<\/strong> y qued\u00f3 registrado por c\u00e1maras de seguridad que captaron la peligrosa maniobra y la cadena de impactos.<\/p>\n\n\n\n<p class=\"wp-block-paragraph\"><strong>\u2022 Fecha:<\/strong> 27 de agosto de 2026.<br><strong>\u2022 Lugar:<\/strong> Central de Abasto de Puebla, Nave D-Norte.<br><strong>\u2022 Veh\u00edculo involucrado:<\/strong> camioneta.<br><strong>\u2022 Da\u00f1os:<\/strong> al menos cuatro veh\u00edculos afectados.<br><strong>\u2022 Evidencia:<\/strong> c\u00e1maras de seguridad.<\/p>\n\n\n\n<h3 class=\"wp-block-heading\">La camioneta esquiv\u00f3 varios veh\u00edculos, pero termin\u00f3 impact\u00e1ndolos<\/h3>\n\n\n\n<p class=\"wp-block-paragraph\">En las im\u00e1genes se observa c\u00f3mo la camioneta sale de una zona de estacionamiento a una velocidad considerable y aparentemente <strong>sin control<\/strong>.<\/p>\n\n\n\n<p class=\"wp-block-paragraph\">Durante los primeros segundos, el conductor logra esquivar algunos veh\u00edculos que se encontraban en su trayectoria, pero la maniobra termina por ser insuficiente.<\/p>\n\n\n\n<p class=\"wp-block-paragraph\">La unidad contin\u00faa avanzando hasta impactar contra varios autom\u00f3viles, provocando una carambola y da\u00f1os materiales en al menos cuatro unidades.<\/p>\n\n\n\n<p class=\"wp-block-paragraph\">Hasta el momento no se ha informado si alguna persona result\u00f3 lesionada como consecuencia de este accidente ni las causas exactas por las que el conductor perdi\u00f3 el control.<\/p>\n\n\n\n<blockquote class=\"twitter-tweet\" data-media-max-width=\"560\"><p lang=\"es\" dir=\"ltr\">Caos total: auto a exceso de velocidad y fuera de control causa carambola y choca contra varios veh\u00edculos en la Central de Abastos. <a href=\"https:\/\/x.com\/hashtag\/Puebla?src=hash&amp;ref_src=twsrc%5Etfw\">#Puebla<\/a> <a href=\"https:\/\/t.co\/IiaaQm2VX3\">pic.twitter.com\/IiaaQm2VX3<\/a><\/p>&mdash; Puebla (@PueblaenLinea) <a href=\"https:\/\/x.com\/PueblaenLinea\/status\/2094446522192564571?ref_src=twsrc%5Etfw\">August 31, 2026<\/a><\/blockquote> <script async src=\"https:\/\/platform.x.com\/widgets.js\" charset=\"utf-8\"><\/script>\n\n\n\n<p class=\"wp-block-paragraph\">Si quieres seguir esta y otras notas de inter\u00e9s en tiempo real, \u00fanete a nuestro canal de WhatsApp: <a href=\"https:\/\/whatsapp.com\/channel\/0029Va5CSyuEQIalZaJWpX1h?utm_source=chatgpt.com\">WhatsApp Puebla En L\u00ednea<\/a>.<\/p>\n\n\n\n<p class=\"wp-block-paragraph\">El video vuelve a mostrar lo poco que hace falta para que un instante de descuido se convierta en un problema para varios. En una zona donde diariamente circulan comerciantes, compradores y veh\u00edculos, una maniobra fuera de control puede terminar en segundos con algo m\u00e1s que da\u00f1os materiales.<\/p>\n\n\n\n<p class=\"wp-block-paragraph\"><strong>Escrito por Redacci\u00f3n Puebla En L\u00ednea<\/strong><\/p>\n\n\n\n<ol class=\"wp-block-list\">\n<li><strong>Caos en la Central de Abasto: camioneta fuera de control provoca carambola y da\u00f1a 4 veh\u00edculos<\/strong><\/li>\n\n\n\n<li><strong>As\u00ed fue el choque: camioneta sale sin control y termina impactando varios veh\u00edculos en Puebla<\/strong><\/li>\n\n\n\n<li><strong>Camioneta esquiva varios autos y termina provocando fuerte carambola en la Central de Abasto<\/strong><\/li>\n\n\n\n<li><strong>C\u00e1maras captan fuerte choque en la Central de Abasto; al menos 4 veh\u00edculos resultaron da\u00f1ados<\/strong><\/li>\n\n\n\n<li><strong>Segundos de caos: camioneta fuera de control provoca carambola en la Central de Abasto de Puebla<\/strong><\/li>\n<\/ol>\n\n\n\n<p class=\"wp-block-paragraph\"><\/p>\n","protected":false},"excerpt":{"rendered":"<p>Una camioneta sali\u00f3 disparada y sin control en una de las zonas de mayor movimiento de la Central de Abasto de Puebla, provocando una carambola que dej\u00f3 da\u00f1os materiales en al menos cuatro veh\u00edculos. El accidente ocurri\u00f3 el pasado 27 de agosto en la Nave D-Norte y qued\u00f3 registrado por c\u00e1maras de seguridad que captaron&#8230;<\/p>\n","protected":false},"author":10,"featured_media":134686,"comment_status":"closed","ping_status":"closed","sticky":false,"template":"","format":"standard","meta":{"footnotes":""},"categories":[24],"tags":[1399],"class_list":["post-134685","post","type-post","status-publish","format-standard","has-post-thumbnail","hentry","category-nota-roja","tag-accidente-puebla"],"yoast_head":"<!-- This site is optimized with the Yoast SEO plugin v28.0 - https:\/\/yoast.com\/product\/yoast-seo-wordpress\/ -->\n<title>Caos en la Central de Abasto: camioneta fuera de control choca contra al menos cuatro veh\u00edculos - Puebla En Linea<\/title>\n<meta name=\"description\" content=\"Caos en la Central de Abasto: camioneta fuera de control choca contra al menos cuatro veh\u00edculos Nota Roja\" \/>\n<meta name=\"robots\" content=\"index, follow, max-snippet:-1, max-image-preview:large, max-video-preview:-1\" \/>\n<link rel=\"canonical\" href=\"https:\/\/pueblaenlinea.com\/2025\/nota-roja\/caos-en-la-central-de-abasto-camioneta-fuera-de-control-choca-contra-al-menos-cuatro-vehiculos\/\" \/>\n<meta property=\"og:locale\" content=\"es_MX\" \/>\n<meta property=\"og:type\" content=\"article\" \/>\n<meta property=\"og:title\" content=\"Caos en la Central de Abasto: camioneta fuera de control choca contra al menos cuatro veh\u00edculos - Puebla En Linea\" \/>\n<meta property=\"og:description\" content=\"Caos en la Central de Abasto: camioneta fuera de control choca contra al menos cuatro veh\u00edculos Nota Roja\" \/>\n<meta property=\"og:url\" content=\"https:\/\/pueblaenlinea.com\/2025\/nota-roja\/caos-en-la-central-de-abasto-camioneta-fuera-de-control-choca-contra-al-menos-cuatro-vehiculos\/\" \/>\n<meta property=\"og:site_name\" content=\"Puebla En Linea\" \/>\n<meta property=\"article:publisher\" content=\"https:\/\/www.facebook.com\/pueblaenlineacom\" \/>\n<meta property=\"article:published_time\" content=\"2026-08-31T16:23:40+00:00\" \/>\n<meta property=\"og:image\" content=\"https:\/\/pueblaenlinea.com\/2025\/wp-content\/uploads\/2026\/08\/caostotal.jpg\" \/>\n\t<meta property=\"og:image:width\" content=\"1200\" \/>\n\t<meta property=\"og:image:height\" content=\"674\" \/>\n\t<meta property=\"og:image:type\" content=\"image\/jpeg\" \/>\n<meta name=\"author\" content=\"Jazmin Cardenas\" \/>\n<meta name=\"twitter:card\" content=\"summary_large_image\" \/>\n<meta name=\"twitter:label1\" content=\"Escrito por\" \/>\n\t<meta name=\"twitter:data1\" content=\"Jazmin Cardenas\" \/>\n\t<meta name=\"twitter:label2\" content=\"Tiempo de lectura\" \/>\n\t<meta name=\"twitter:data2\" content=\"2 minutos\" \/>\n<script type=\"application\/ld+json\" class=\"yoast-schema-graph\">{\"@context\":\"https:\\\/\\\/schema.org\",\"@graph\":[{\"@type\":\"Article\",\"@id\":\"https:\\\/\\\/pueblaenlinea.com\\\/2025\\\/nota-roja\\\/caos-en-la-central-de-abasto-camioneta-fuera-de-control-choca-contra-al-menos-cuatro-vehiculos\\\/#article\",\"isPartOf\":{\"@id\":\"https:\\\/\\\/pueblaenlinea.com\\\/2025\\\/nota-roja\\\/caos-en-la-central-de-abasto-camioneta-fuera-de-control-choca-contra-al-menos-cuatro-vehiculos\\\/\"},\"author\":{\"name\":\"Jazmin Cardenas\",\"@id\":\"https:\\\/\\\/pueblaenlinea.com\\\/2025\\\/#\\\/schema\\\/person\\\/21ecc830e083be84dbddd9a05208834f\"},\"headline\":\"Caos en la Central de Abasto: camioneta fuera de control choca contra al menos cuatro veh\u00edculos\",\"datePublished\":\"2026-08-31T16:23:40+00:00\",\"mainEntityOfPage\":{\"@id\":\"https:\\\/\\\/pueblaenlinea.com\\\/2025\\\/nota-roja\\\/caos-en-la-central-de-abasto-camioneta-fuera-de-control-choca-contra-al-menos-cuatro-vehiculos\\\/\"},\"wordCount\":418,\"image\":{\"@id\":\"https:\\\/\\\/pueblaenlinea.com\\\/2025\\\/nota-roja\\\/caos-en-la-central-de-abasto-camioneta-fuera-de-control-choca-contra-al-menos-cuatro-vehiculos\\\/#primaryimage\"},\"thumbnailUrl\":\"https:\\\/\\\/pueblaenlinea.com\\\/2025\\\/wp-content\\\/uploads\\\/2026\\\/08\\\/caostotal.jpg\",\"keywords\":[\"accidente puebla\"],\"articleSection\":[\"Nota Roja\"],\"inLanguage\":\"es\"},{\"@type\":\"WebPage\",\"@id\":\"https:\\\/\\\/pueblaenlinea.com\\\/2025\\\/nota-roja\\\/caos-en-la-central-de-abasto-camioneta-fuera-de-control-choca-contra-al-menos-cuatro-vehiculos\\\/\",\"url\":\"https:\\\/\\\/pueblaenlinea.com\\\/2025\\\/nota-roja\\\/caos-en-la-central-de-abasto-camioneta-fuera-de-control-choca-contra-al-menos-cuatro-vehiculos\\\/\",\"name\":\"Caos en la Central de Abasto: camioneta fuera de control choca contra al menos cuatro veh\u00edculos - Puebla En Linea\",\"isPartOf\":{\"@id\":\"https:\\\/\\\/pueblaenlinea.com\\\/2025\\\/#website\"},\"primaryImageOfPage\":{\"@id\":\"https:\\\/\\\/pueblaenlinea.com\\\/2025\\\/nota-roja\\\/caos-en-la-central-de-abasto-camioneta-fuera-de-control-choca-contra-al-menos-cuatro-vehiculos\\\/#primaryimage\"},\"image\":{\"@id\":\"https:\\\/\\\/pueblaenlinea.com\\\/2025\\\/nota-roja\\\/caos-en-la-central-de-abasto-camioneta-fuera-de-control-choca-contra-al-menos-cuatro-vehiculos\\\/#primaryimage\"},\"thumbnailUrl\":\"https:\\\/\\\/pueblaenlinea.com\\\/2025\\\/wp-content\\\/uploads\\\/2026\\\/08\\\/caostotal.jpg\",\"datePublished\":\"2026-08-31T16:23:40+00:00\",\"author\":{\"@id\":\"https:\\\/\\\/pueblaenlinea.com\\\/2025\\\/#\\\/schema\\\/person\\\/21ecc830e083be84dbddd9a05208834f\"},\"description\":\"Caos en la Central de Abasto: camioneta fuera de control choca contra al menos cuatro veh\u00edculos Nota Roja\",\"breadcrumb\":{\"@id\":\"https:\\\/\\\/pueblaenlinea.com\\\/2025\\\/nota-roja\\\/caos-en-la-central-de-abasto-camioneta-fuera-de-control-choca-contra-al-menos-cuatro-vehiculos\\\/#breadcrumb\"},\"inLanguage\":\"es\",\"potentialAction\":[{\"@type\":\"ReadAction\",\"target\":[\"https:\\\/\\\/pueblaenlinea.com\\\/2025\\\/nota-roja\\\/caos-en-la-central-de-abasto-camioneta-fuera-de-control-choca-contra-al-menos-cuatro-vehiculos\\\/\"]}]},{\"@type\":\"ImageObject\",\"inLanguage\":\"es\",\"@id\":\"https:\\\/\\\/pueblaenlinea.com\\\/2025\\\/nota-roja\\\/caos-en-la-central-de-abasto-camioneta-fuera-de-control-choca-contra-al-menos-cuatro-vehiculos\\\/#primaryimage\",\"url\":\"https:\\\/\\\/pueblaenlinea.com\\\/2025\\\/wp-content\\\/uploads\\\/2026\\\/08\\\/caostotal.jpg\",\"contentUrl\":\"https:\\\/\\\/pueblaenlinea.com\\\/2025\\\/wp-content\\\/uploads\\\/2026\\\/08\\\/caostotal.jpg\",\"width\":1200,\"height\":674},{\"@type\":\"BreadcrumbList\",\"@id\":\"https:\\\/\\\/pueblaenlinea.com\\\/2025\\\/nota-roja\\\/caos-en-la-central-de-abasto-camioneta-fuera-de-control-choca-contra-al-menos-cuatro-vehiculos\\\/#breadcrumb\",\"itemListElement\":[{\"@type\":\"ListItem\",\"position\":1,\"name\":\"Inicio\",\"item\":\"https:\\\/\\\/pueblaenlinea.com\\\/2025\\\/\"},{\"@type\":\"ListItem\",\"position\":2,\"name\":\"Caos en la Central de Abasto: camioneta fuera de control choca contra al menos cuatro veh\u00edculos\"}]},{\"@type\":\"WebSite\",\"@id\":\"https:\\\/\\\/pueblaenlinea.com\\\/2025\\\/#website\",\"url\":\"https:\\\/\\\/pueblaenlinea.com\\\/2025\\\/\",\"name\":\"Puebla En Linea\",\"description\":\"noticias de puebla, periodismo serio y comprometido.\",\"potentialAction\":[{\"@type\":\"SearchAction\",\"target\":{\"@type\":\"EntryPoint\",\"urlTemplate\":\"https:\\\/\\\/pueblaenlinea.com\\\/2025\\\/?s={search_term_string}\"},\"query-input\":{\"@type\":\"PropertyValueSpecification\",\"valueRequired\":true,\"valueName\":\"search_term_string\"}}],\"inLanguage\":\"es\"},{\"@type\":\"Person\",\"@id\":\"https:\\\/\\\/pueblaenlinea.com\\\/2025\\\/#\\\/schema\\\/person\\\/21ecc830e083be84dbddd9a05208834f\",\"name\":\"Jazmin Cardenas\",\"image\":{\"@type\":\"ImageObject\",\"inLanguage\":\"es\",\"@id\":\"https:\\\/\\\/pueblaenlinea.com\\\/2025\\\/wp-content\\\/litespeed\\\/avatar\\\/9d7ab062f41a13d0af53522b39daf76f.jpg?ver=1788194722\",\"url\":\"https:\\\/\\\/pueblaenlinea.com\\\/2025\\\/wp-content\\\/litespeed\\\/avatar\\\/9d7ab062f41a13d0af53522b39daf76f.jpg?ver=1788194722\",\"contentUrl\":\"https:\\\/\\\/pueblaenlinea.com\\\/2025\\\/wp-content\\\/litespeed\\\/avatar\\\/9d7ab062f41a13d0af53522b39daf76f.jpg?ver=1788194722\",\"caption\":\"Jazmin Cardenas\"},\"url\":\"https:\\\/\\\/pueblaenlinea.com\\\/2025\\\/author\\\/jaz-pel\\\/\"}]}<\/script>\n<!-- \/ Yoast SEO plugin. -->","yoast_head_json":{"title":"Caos en la Central de Abasto: camioneta fuera de control choca contra al menos cuatro veh\u00edculos - Puebla En Linea","description":"Caos en la Central de Abasto: camioneta fuera de control choca contra al menos cuatro veh\u00edculos Nota Roja","robots":{"index":"index","follow":"follow","max-snippet":"max-snippet:-1","max-image-preview":"max-image-preview:large","max-video-preview":"max-video-preview:-1"},"canonical":"https:\/\/pueblaenlinea.com\/2025\/nota-roja\/caos-en-la-central-de-abasto-camioneta-fuera-de-control-choca-contra-al-menos-cuatro-vehiculos\/","og_locale":"es_MX","og_type":"article","og_title":"Caos en la Central de Abasto: camioneta fuera de control choca contra al menos cuatro veh\u00edculos - Puebla En Linea","og_description":"Caos en la Central de Abasto: camioneta fuera de control choca contra al menos cuatro veh\u00edculos Nota Roja","og_url":"https:\/\/pueblaenlinea.com\/2025\/nota-roja\/caos-en-la-central-de-abasto-camioneta-fuera-de-control-choca-contra-al-menos-cuatro-vehiculos\/","og_site_name":"Puebla En Linea","article_publisher":"https:\/\/www.facebook.com\/pueblaenlineacom","article_published_time":"2026-08-31T16:23:40+00:00","og_image":[{"width":1200,"height":674,"url":"https:\/\/pueblaenlinea.com\/2025\/wp-content\/uploads\/2026\/08\/caostotal.jpg","type":"image\/jpeg"}],"author":"Jazmin Cardenas","twitter_card":"summary_large_image","twitter_misc":{"Escrito por":"Jazmin Cardenas","Tiempo de lectura":"2 minutos"},"schema":{"@context":"https:\/\/schema.org","@graph":[{"@type":"Article","@id":"https:\/\/pueblaenlinea.com\/2025\/nota-roja\/caos-en-la-central-de-abasto-camioneta-fuera-de-control-choca-contra-al-menos-cuatro-vehiculos\/#article","isPartOf":{"@id":"https:\/\/pueblaenlinea.com\/2025\/nota-roja\/caos-en-la-central-de-abasto-camioneta-fuera-de-control-choca-contra-al-menos-cuatro-vehiculos\/"},"author":{"name":"Jazmin Cardenas","@id":"https:\/\/pueblaenlinea.com\/2025\/#\/schema\/person\/21ecc830e083be84dbddd9a05208834f"},"headline":"Caos en la Central de Abasto: camioneta fuera de control choca contra al menos cuatro veh\u00edculos","datePublished":"2026-08-31T16:23:40+00:00","mainEntityOfPage":{"@id":"https:\/\/pueblaenlinea.com\/2025\/nota-roja\/caos-en-la-central-de-abasto-camioneta-fuera-de-control-choca-contra-al-menos-cuatro-vehiculos\/"},"wordCount":418,"image":{"@id":"https:\/\/pueblaenlinea.com\/2025\/nota-roja\/caos-en-la-central-de-abasto-camioneta-fuera-de-control-choca-contra-al-menos-cuatro-vehiculos\/#primaryimage"},"thumbnailUrl":"https:\/\/pueblaenlinea.com\/2025\/wp-content\/uploads\/2026\/08\/caostotal.jpg","keywords":["accidente puebla"],"articleSection":["Nota Roja"],"inLanguage":"es"},{"@type":"WebPage","@id":"https:\/\/pueblaenlinea.com\/2025\/nota-roja\/caos-en-la-central-de-abasto-camioneta-fuera-de-control-choca-contra-al-menos-cuatro-vehiculos\/","url":"https:\/\/pueblaenlinea.com\/2025\/nota-roja\/caos-en-la-central-de-abasto-camioneta-fuera-de-control-choca-contra-al-menos-cuatro-vehiculos\/","name":"Caos en la Central de Abasto: camioneta fuera de control choca contra al menos cuatro veh\u00edculos - Puebla En Linea","isPartOf":{"@id":"https:\/\/pueblaenlinea.com\/2025\/#website"},"primaryImageOfPage":{"@id":"https:\/\/pueblaenlinea.com\/2025\/nota-roja\/caos-en-la-central-de-abasto-camioneta-fuera-de-control-choca-contra-al-menos-cuatro-vehiculos\/#primaryimage"},"image":{"@id":"https:\/\/pueblaenlinea.com\/2025\/nota-roja\/caos-en-la-central-de-abasto-camioneta-fuera-de-control-choca-contra-al-menos-cuatro-vehiculos\/#primaryimage"},"thumbnailUrl":"https:\/\/pueblaenlinea.com\/2025\/wp-content\/uploads\/2026\/08\/caostotal.jpg","datePublished":"2026-08-31T16:23:40+00:00","author":{"@id":"https:\/\/pueblaenlinea.com\/2025\/#\/schema\/person\/21ecc830e083be84dbddd9a05208834f"},"description":"Caos en la Central de Abasto: camioneta fuera de control choca contra al menos cuatro veh\u00edculos Nota Roja","breadcrumb":{"@id":"https:\/\/pueblaenlinea.com\/2025\/nota-roja\/caos-en-la-central-de-abasto-camioneta-fuera-de-control-choca-contra-al-menos-cuatro-vehiculos\/#breadcrumb"},"inLanguage":"es","potentialAction":[{"@type":"ReadAction","target":["https:\/\/pueblaenlinea.com\/2025\/nota-roja\/caos-en-la-central-de-abasto-camioneta-fuera-de-control-choca-contra-al-menos-cuatro-vehiculos\/"]}]},{"@type":"ImageObject","inLanguage":"es","@id":"https:\/\/pueblaenlinea.com\/2025\/nota-roja\/caos-en-la-central-de-abasto-camioneta-fuera-de-control-choca-contra-al-menos-cuatro-vehiculos\/#primaryimage","url":"https:\/\/pueblaenlinea.com\/2025\/wp-content\/uploads\/2026\/08\/caostotal.jpg","contentUrl":"https:\/\/pueblaenlinea.com\/2025\/wp-content\/uploads\/2026\/08\/caostotal.jpg","width":1200,"height":674},{"@type":"BreadcrumbList","@id":"https:\/\/pueblaenlinea.com\/2025\/nota-roja\/caos-en-la-central-de-abasto-camioneta-fuera-de-control-choca-contra-al-menos-cuatro-vehiculos\/#breadcrumb","itemListElement":[{"@type":"ListItem","position":1,"name":"Inicio","item":"https:\/\/pueblaenlinea.com\/2025\/"},{"@type":"ListItem","position":2,"name":"Caos en la Central de Abasto: camioneta fuera de control choca contra al menos cuatro veh\u00edculos"}]},{"@type":"WebSite","@id":"https:\/\/pueblaenlinea.com\/2025\/#website","url":"https:\/\/pueblaenlinea.com\/2025\/","name":"Puebla En Linea","description":"noticias de puebla, periodismo serio y comprometido.","potentialAction":[{"@type":"SearchAction","target":{"@type":"EntryPoint","urlTemplate":"https:\/\/pueblaenlinea.com\/2025\/?s={search_term_string}"},"query-input":{"@type":"PropertyValueSpecification","valueRequired":true,"valueName":"search_term_string"}}],"inLanguage":"es"},{"@type":"Person","@id":"https:\/\/pueblaenlinea.com\/2025\/#\/schema\/person\/21ecc830e083be84dbddd9a05208834f","name":"Jazmin Cardenas","image":{"@type":"ImageObject","inLanguage":"es","@id":"https:\/\/pueblaenlinea.com\/2025\/wp-content\/litespeed\/avatar\/9d7ab062f41a13d0af53522b39daf76f.jpg?ver=1788194722","url":"https:\/\/pueblaenlinea.com\/2025\/wp-content\/litespeed\/avatar\/9d7ab062f41a13d0af53522b39daf76f.jpg?ver=1788194722","contentUrl":"https:\/\/pueblaenlinea.com\/2025\/wp-content\/litespeed\/avatar\/9d7ab062f41a13d0af53522b39daf76f.jpg?ver=1788194722","caption":"Jazmin Cardenas"},"url":"https:\/\/pueblaenlinea.com\/2025\/author\/jaz-pel\/"}]}},"_links":{"self":[{"href":"https:\/\/pueblaenlinea.com\/2025\/wp-json\/wp\/v2\/posts\/134685","targetHints":{"allow":["GET"]}}],"collection":[{"href":"https:\/\/pueblaenlinea.com\/2025\/wp-json\/wp\/v2\/posts"}],"about":[{"href":"https:\/\/pueblaenlinea.com\/2025\/wp-json\/wp\/v2\/types\/post"}],"author":[{"embeddable":true,"href":"https:\/\/pueblaenlinea.com\/2025\/wp-json\/wp\/v2\/users\/10"}],"replies":[{"embeddable":true,"href":"https:\/\/pueblaenlinea.com\/2025\/wp-json\/wp\/v2\/comments?post=134685"}],"version-history":[{"count":0,"href":"https:\/\/pueblaenlinea.com\/2025\/wp-json\/wp\/v2\/posts\/134685\/revisions"}],"wp:featuredmedia":[{"embeddable":true,"href":"https:\/\/pueblaenlinea.com\/2025\/wp-json\/wp\/v2\/media\/134686"}],"wp:attachment":[{"href":"https:\/\/pueblaenlinea.com\/2025\/wp-json\/wp\/v2\/media?parent=134685"}],"wp:term":[{"taxonomy":"category","embeddable":true,"href":"https:\/\/pueblaenlinea.com\/2025\/wp-json\/wp\/v2\/categories?post=134685"},{"taxonomy":"post_tag","embeddable":true,"href":"https:\/\/pueblaenlinea.com\/2025\/wp-json\/wp\/v2\/tags?post=134685"}],"curies":[{"name":"wp","href":"https:\/\/api.w.org\/{rel}","templated":true}]}}