{"id":134683,"date":"2026-08-31T09:58:52","date_gmt":"2026-08-31T15:58:52","guid":{"rendered":"https:\/\/pueblaenlinea.com\/2025\/?p=134683"},"modified":"2026-08-31T10:02:04","modified_gmt":"2026-08-31T16:02:04","slug":"menor-de-17-anos-atropella-a-tres-personas-y-un-bebe-en-la-central-de-abasto-de-puebla","status":"publish","type":"post","link":"https:\/\/pueblaenlinea.com\/2025\/nota-roja\/menor-de-17-anos-atropella-a-tres-personas-y-un-bebe-en-la-central-de-abasto-de-puebla\/","title":{"rendered":"Menor de 17 a\u00f1os atropella a tres personas y un beb\u00e9 en la Central de Abasto de Puebla"},"content":{"rendered":"\n<p class=\"wp-block-paragraph\">Una maniobra que termin\u00f3 fuera de control dej\u00f3 una escena de angustia en la <strong>Central de Abasto de Puebla<\/strong>: una camioneta embisti\u00f3 a tres personas \u2014dos hombres y una mujer que llevaba a un beb\u00e9 en brazos\u2014 mientras caminaban por el estacionamiento del centro de distribuci\u00f3n.<\/p>\n\n\n\n<p class=\"wp-block-paragraph\">El accidente ocurri\u00f3 el pasado <strong>9 de agosto<\/strong>, pero las im\u00e1genes de las c\u00e1maras de vigilancia apenas salieron a la luz y muestran el momento en que el veh\u00edculo impacta contra varios autom\u00f3viles y posteriormente arrolla a los peatones.<\/p>\n\n\n\n<p class=\"wp-block-paragraph\"><strong>\u2022 Fecha:<\/strong> 9 de agosto de 2026.<br><strong>\u2022 Lugar:<\/strong> Central de Abasto de Puebla, entre las naves C y D.<br><strong>\u2022 Conductor:<\/strong> joven de 17 a\u00f1os.<br><strong>\u2022 Afectados:<\/strong> tres personas y un beb\u00e9.<br><strong>\u2022 Consecuencia:<\/strong> varios veh\u00edculos tambi\u00e9n resultaron da\u00f1ados.<\/p>\n\n\n\n<h3 class=\"wp-block-heading\">Confundi\u00f3 el freno con el acelerador<\/h3>\n\n\n\n<p class=\"wp-block-paragraph\">De acuerdo con los primeros reportes, el joven se encontraba al volante de una camioneta blanca cuando aparentemente perdi\u00f3 el control al salir de un \u00e1rea de estacionamiento.<\/p>\n\n\n\n<p class=\"wp-block-paragraph\">Una de las versiones que circulan sobre el accidente se\u00f1ala que <strong>habr\u00eda confundido el freno con el acelerador<\/strong>, provocando que la unidad avanzara de manera repentina y se impactara contra tres veh\u00edculos estacionados.<\/p>\n\n\n\n<p class=\"wp-block-paragraph\">Pero la maniobra no termin\u00f3 ah\u00ed.<\/p>\n\n\n\n<p class=\"wp-block-paragraph\">La camioneta continu\u00f3 su recorrido y alcanz\u00f3 a un grupo de personas que caminaba por la zona. Entre ellas se encontraba una mujer que llevaba a su beb\u00e9 en brazos.<\/p>\n\n\n\n<h3 class=\"wp-block-heading\">Mujer y beb\u00e9 resultaron lesionados<\/h3>\n\n\n\n<p class=\"wp-block-paragraph\">La fuerza del impacto provoc\u00f3 que tres personas resultaran lesionadas. Entre los afectados estaba la mujer que llevaba al menor, quien tambi\u00e9n habr\u00eda sufrido lesiones durante el atropellamiento.<\/p>\n\n\n\n<p class=\"wp-block-paragraph\">De acuerdo con versiones conocidas tras el accidente, la mujer incluso habr\u00eda quedado prensada, por lo que fue necesaria la intervenci\u00f3n de elementos de <strong>Protecci\u00f3n Civil y cuerpos de rescate<\/strong> para liberarla.<\/p>\n\n\n\n<p class=\"wp-block-paragraph\">Los lesionados fueron trasladados a un hospital para recibir atenci\u00f3n m\u00e9dica. Hasta ahora no se ha actualizado p\u00fablicamente su estado de salud.<\/p>\n\n\n\n<p class=\"wp-block-paragraph\">Las im\u00e1genes difundidas casi tres semanas despu\u00e9s permiten observar la secuencia del accidente y muestran la rapidez con la que una maniobra aparentemente involuntaria termin\u00f3 involucrando a veh\u00edculos y peatones.<\/p>\n\n\n\n<h3 class=\"wp-block-heading\">El conductor fue detenido<\/h3>\n\n\n\n<p class=\"wp-block-paragraph\">Tras el accidente, el joven de 17 a\u00f1os fue detenido y qued\u00f3 a disposici\u00f3n de la autoridad correspondiente.<\/p>\n\n\n\n<p class=\"wp-block-paragraph\">De acuerdo con la informaci\u00f3n disponible, se inici\u00f3 el procedimiento por los delitos relacionados con <strong>lesiones y da\u00f1os en propiedad ajena<\/strong>, debido tanto a las personas afectadas como a los veh\u00edculos que resultaron impactados.<\/p>\n\n\n\n<p class=\"wp-block-paragraph\">Si quieres seguir esta y otras notas de inter\u00e9s en tiempo real, \u00fanete a nuestro canal de WhatsApp: <a href=\"https:\/\/whatsapp.com\/channel\/0029Va5CSyuEQIalZaJWpX1h?utm_source=chatgpt.com\">WhatsApp Puebla En L\u00ednea<\/a>.<\/p>\n\n\n\n<p class=\"wp-block-paragraph\">El video recuerda una verdad inc\u00f3moda de las calles: unos cuantos segundos pueden separar una maniobra cotidiana de una emergencia que cambia varias vidas. Ahora ser\u00e1n las autoridades las que determinen exactamente c\u00f3mo ocurri\u00f3 el accidente y las responsabilidades que correspondan.<\/p>\n\n\n\n<p class=\"wp-block-paragraph\"><strong>Escrito por Redacci\u00f3n Puebla En L\u00ednea<\/strong><\/p>\n\n\n\n<ol class=\"wp-block-list\">\n<li><strong>Menor de 17 a\u00f1os pierde el control de camioneta y atropella a tres personas y un beb\u00e9 en Puebla<\/strong><\/li>\n\n\n\n<li><strong>As\u00ed ocurri\u00f3: camioneta atropella a tres personas y un beb\u00e9 en la Central de Abasto de Puebla<\/strong><\/li>\n\n\n\n<li><strong>C\u00e1maras captan momento en que camioneta arrolla a tres personas y un beb\u00e9 en la Central de Abasto<\/strong><\/li>\n\n\n\n<li><strong>Confundi\u00f3 el freno con el acelerador y termin\u00f3 atropellando a tres personas y un beb\u00e9<\/strong><\/li>\n\n\n\n<li><strong>Sale a la luz video del accidente que dej\u00f3 a tres personas y un beb\u00e9 atropellados en Puebla<\/strong><\/li>\n<\/ol>\n","protected":false},"excerpt":{"rendered":"<p>Una maniobra que termin\u00f3 fuera de control dej\u00f3 una escena de angustia en la Central de Abasto de Puebla: una camioneta embisti\u00f3 a tres personas \u2014dos hombres y una mujer que llevaba a un beb\u00e9 en brazos\u2014 mientras caminaban por el estacionamiento del centro de distribuci\u00f3n. El accidente ocurri\u00f3 el pasado 9 de agosto, pero&#8230;<\/p>\n","protected":false},"author":10,"featured_media":134684,"comment_status":"closed","ping_status":"closed","sticky":false,"template":"","format":"standard","meta":{"footnotes":""},"categories":[24],"tags":[1399],"class_list":["post-134683","post","type-post","status-publish","format-standard","has-post-thumbnail","hentry","category-nota-roja","tag-accidente-puebla"],"yoast_head":"<!-- This site is optimized with the Yoast SEO plugin v28.0 - https:\/\/yoast.com\/product\/yoast-seo-wordpress\/ -->\n<title>Menor de 17 a\u00f1os atropella a tres personas y un beb\u00e9 en la Central de Abasto de Puebla - Puebla En Linea<\/title>\n<meta name=\"description\" content=\"Menor de 17 a\u00f1os atropella a tres personas y un beb\u00e9 en la Central de Abasto de Puebla Nota Roja\" \/>\n<meta name=\"robots\" content=\"index, follow, max-snippet:-1, max-image-preview:large, max-video-preview:-1\" \/>\n<link rel=\"canonical\" href=\"https:\/\/pueblaenlinea.com\/2025\/nota-roja\/menor-de-17-anos-atropella-a-tres-personas-y-un-bebe-en-la-central-de-abasto-de-puebla\/\" \/>\n<meta property=\"og:locale\" content=\"es_MX\" \/>\n<meta property=\"og:type\" content=\"article\" \/>\n<meta property=\"og:title\" content=\"Menor de 17 a\u00f1os atropella a tres personas y un beb\u00e9 en la Central de Abasto de Puebla - Puebla En Linea\" \/>\n<meta property=\"og:description\" content=\"Menor de 17 a\u00f1os atropella a tres personas y un beb\u00e9 en la Central de Abasto de Puebla Nota Roja\" \/>\n<meta property=\"og:url\" content=\"https:\/\/pueblaenlinea.com\/2025\/nota-roja\/menor-de-17-anos-atropella-a-tres-personas-y-un-bebe-en-la-central-de-abasto-de-puebla\/\" \/>\n<meta property=\"og:site_name\" content=\"Puebla En Linea\" \/>\n<meta property=\"article:publisher\" content=\"https:\/\/www.facebook.com\/pueblaenlineacom\" \/>\n<meta property=\"article:published_time\" content=\"2026-08-31T15:58:52+00:00\" \/>\n<meta property=\"article:modified_time\" content=\"2026-08-31T16:02:04+00:00\" \/>\n<meta property=\"og:image\" content=\"https:\/\/pueblaenlinea.com\/2025\/wp-content\/uploads\/2026\/08\/ninoatropella.jpg\" \/>\n\t<meta property=\"og:image:width\" content=\"1200\" \/>\n\t<meta property=\"og:image:height\" content=\"674\" \/>\n\t<meta property=\"og:image:type\" content=\"image\/jpeg\" \/>\n<meta name=\"author\" content=\"Jazmin Cardenas\" \/>\n<meta name=\"twitter:card\" content=\"summary_large_image\" \/>\n<meta name=\"twitter:label1\" content=\"Escrito por\" \/>\n\t<meta name=\"twitter:data1\" content=\"Jazmin Cardenas\" \/>\n\t<meta name=\"twitter:label2\" content=\"Tiempo de lectura\" \/>\n\t<meta name=\"twitter:data2\" content=\"3 minutos\" \/>\n<script type=\"application\/ld+json\" class=\"yoast-schema-graph\">{\"@context\":\"https:\\\/\\\/schema.org\",\"@graph\":[{\"@type\":\"Article\",\"@id\":\"https:\\\/\\\/pueblaenlinea.com\\\/2025\\\/nota-roja\\\/menor-de-17-anos-atropella-a-tres-personas-y-un-bebe-en-la-central-de-abasto-de-puebla\\\/#article\",\"isPartOf\":{\"@id\":\"https:\\\/\\\/pueblaenlinea.com\\\/2025\\\/nota-roja\\\/menor-de-17-anos-atropella-a-tres-personas-y-un-bebe-en-la-central-de-abasto-de-puebla\\\/\"},\"author\":{\"name\":\"Jazmin Cardenas\",\"@id\":\"https:\\\/\\\/pueblaenlinea.com\\\/2025\\\/#\\\/schema\\\/person\\\/21ecc830e083be84dbddd9a05208834f\"},\"headline\":\"Menor de 17 a\u00f1os atropella a tres personas y un beb\u00e9 en la Central de Abasto de Puebla\",\"datePublished\":\"2026-08-31T15:58:52+00:00\",\"dateModified\":\"2026-08-31T16:02:04+00:00\",\"mainEntityOfPage\":{\"@id\":\"https:\\\/\\\/pueblaenlinea.com\\\/2025\\\/nota-roja\\\/menor-de-17-anos-atropella-a-tres-personas-y-un-bebe-en-la-central-de-abasto-de-puebla\\\/\"},\"wordCount\":601,\"image\":{\"@id\":\"https:\\\/\\\/pueblaenlinea.com\\\/2025\\\/nota-roja\\\/menor-de-17-anos-atropella-a-tres-personas-y-un-bebe-en-la-central-de-abasto-de-puebla\\\/#primaryimage\"},\"thumbnailUrl\":\"https:\\\/\\\/pueblaenlinea.com\\\/2025\\\/wp-content\\\/uploads\\\/2026\\\/08\\\/ninoatropella.jpg\",\"keywords\":[\"accidente puebla\"],\"articleSection\":[\"Nota Roja\"],\"inLanguage\":\"es\"},{\"@type\":\"WebPage\",\"@id\":\"https:\\\/\\\/pueblaenlinea.com\\\/2025\\\/nota-roja\\\/menor-de-17-anos-atropella-a-tres-personas-y-un-bebe-en-la-central-de-abasto-de-puebla\\\/\",\"url\":\"https:\\\/\\\/pueblaenlinea.com\\\/2025\\\/nota-roja\\\/menor-de-17-anos-atropella-a-tres-personas-y-un-bebe-en-la-central-de-abasto-de-puebla\\\/\",\"name\":\"Menor de 17 a\u00f1os atropella a tres personas y un beb\u00e9 en la Central de Abasto de Puebla - Puebla En Linea\",\"isPartOf\":{\"@id\":\"https:\\\/\\\/pueblaenlinea.com\\\/2025\\\/#website\"},\"primaryImageOfPage\":{\"@id\":\"https:\\\/\\\/pueblaenlinea.com\\\/2025\\\/nota-roja\\\/menor-de-17-anos-atropella-a-tres-personas-y-un-bebe-en-la-central-de-abasto-de-puebla\\\/#primaryimage\"},\"image\":{\"@id\":\"https:\\\/\\\/pueblaenlinea.com\\\/2025\\\/nota-roja\\\/menor-de-17-anos-atropella-a-tres-personas-y-un-bebe-en-la-central-de-abasto-de-puebla\\\/#primaryimage\"},\"thumbnailUrl\":\"https:\\\/\\\/pueblaenlinea.com\\\/2025\\\/wp-content\\\/uploads\\\/2026\\\/08\\\/ninoatropella.jpg\",\"datePublished\":\"2026-08-31T15:58:52+00:00\",\"dateModified\":\"2026-08-31T16:02:04+00:00\",\"author\":{\"@id\":\"https:\\\/\\\/pueblaenlinea.com\\\/2025\\\/#\\\/schema\\\/person\\\/21ecc830e083be84dbddd9a05208834f\"},\"description\":\"Menor de 17 a\u00f1os atropella a tres personas y un beb\u00e9 en la Central de Abasto de Puebla Nota Roja\",\"breadcrumb\":{\"@id\":\"https:\\\/\\\/pueblaenlinea.com\\\/2025\\\/nota-roja\\\/menor-de-17-anos-atropella-a-tres-personas-y-un-bebe-en-la-central-de-abasto-de-puebla\\\/#breadcrumb\"},\"inLanguage\":\"es\",\"potentialAction\":[{\"@type\":\"ReadAction\",\"target\":[\"https:\\\/\\\/pueblaenlinea.com\\\/2025\\\/nota-roja\\\/menor-de-17-anos-atropella-a-tres-personas-y-un-bebe-en-la-central-de-abasto-de-puebla\\\/\"]}]},{\"@type\":\"ImageObject\",\"inLanguage\":\"es\",\"@id\":\"https:\\\/\\\/pueblaenlinea.com\\\/2025\\\/nota-roja\\\/menor-de-17-anos-atropella-a-tres-personas-y-un-bebe-en-la-central-de-abasto-de-puebla\\\/#primaryimage\",\"url\":\"https:\\\/\\\/pueblaenlinea.com\\\/2025\\\/wp-content\\\/uploads\\\/2026\\\/08\\\/ninoatropella.jpg\",\"contentUrl\":\"https:\\\/\\\/pueblaenlinea.com\\\/2025\\\/wp-content\\\/uploads\\\/2026\\\/08\\\/ninoatropella.jpg\",\"width\":1200,\"height\":674},{\"@type\":\"BreadcrumbList\",\"@id\":\"https:\\\/\\\/pueblaenlinea.com\\\/2025\\\/nota-roja\\\/menor-de-17-anos-atropella-a-tres-personas-y-un-bebe-en-la-central-de-abasto-de-puebla\\\/#breadcrumb\",\"itemListElement\":[{\"@type\":\"ListItem\",\"position\":1,\"name\":\"Inicio\",\"item\":\"https:\\\/\\\/pueblaenlinea.com\\\/2025\\\/\"},{\"@type\":\"ListItem\",\"position\":2,\"name\":\"Menor de 17 a\u00f1os atropella a tres personas y un beb\u00e9 en la Central de Abasto de Puebla\"}]},{\"@type\":\"WebSite\",\"@id\":\"https:\\\/\\\/pueblaenlinea.com\\\/2025\\\/#website\",\"url\":\"https:\\\/\\\/pueblaenlinea.com\\\/2025\\\/\",\"name\":\"Puebla En Linea\",\"description\":\"noticias de puebla, periodismo serio y comprometido.\",\"potentialAction\":[{\"@type\":\"SearchAction\",\"target\":{\"@type\":\"EntryPoint\",\"urlTemplate\":\"https:\\\/\\\/pueblaenlinea.com\\\/2025\\\/?s={search_term_string}\"},\"query-input\":{\"@type\":\"PropertyValueSpecification\",\"valueRequired\":true,\"valueName\":\"search_term_string\"}}],\"inLanguage\":\"es\"},{\"@type\":\"Person\",\"@id\":\"https:\\\/\\\/pueblaenlinea.com\\\/2025\\\/#\\\/schema\\\/person\\\/21ecc830e083be84dbddd9a05208834f\",\"name\":\"Jazmin Cardenas\",\"image\":{\"@type\":\"ImageObject\",\"inLanguage\":\"es\",\"@id\":\"https:\\\/\\\/pueblaenlinea.com\\\/2025\\\/wp-content\\\/litespeed\\\/avatar\\\/9d7ab062f41a13d0af53522b39daf76f.jpg?ver=1788194722\",\"url\":\"https:\\\/\\\/pueblaenlinea.com\\\/2025\\\/wp-content\\\/litespeed\\\/avatar\\\/9d7ab062f41a13d0af53522b39daf76f.jpg?ver=1788194722\",\"contentUrl\":\"https:\\\/\\\/pueblaenlinea.com\\\/2025\\\/wp-content\\\/litespeed\\\/avatar\\\/9d7ab062f41a13d0af53522b39daf76f.jpg?ver=1788194722\",\"caption\":\"Jazmin Cardenas\"},\"url\":\"https:\\\/\\\/pueblaenlinea.com\\\/2025\\\/author\\\/jaz-pel\\\/\"}]}<\/script>\n<!-- \/ Yoast SEO plugin. -->","yoast_head_json":{"title":"Menor de 17 a\u00f1os atropella a tres personas y un beb\u00e9 en la Central de Abasto de Puebla - Puebla En Linea","description":"Menor de 17 a\u00f1os atropella a tres personas y un beb\u00e9 en la Central de Abasto de Puebla Nota Roja","robots":{"index":"index","follow":"follow","max-snippet":"max-snippet:-1","max-image-preview":"max-image-preview:large","max-video-preview":"max-video-preview:-1"},"canonical":"https:\/\/pueblaenlinea.com\/2025\/nota-roja\/menor-de-17-anos-atropella-a-tres-personas-y-un-bebe-en-la-central-de-abasto-de-puebla\/","og_locale":"es_MX","og_type":"article","og_title":"Menor de 17 a\u00f1os atropella a tres personas y un beb\u00e9 en la Central de Abasto de Puebla - Puebla En Linea","og_description":"Menor de 17 a\u00f1os atropella a tres personas y un beb\u00e9 en la Central de Abasto de Puebla Nota Roja","og_url":"https:\/\/pueblaenlinea.com\/2025\/nota-roja\/menor-de-17-anos-atropella-a-tres-personas-y-un-bebe-en-la-central-de-abasto-de-puebla\/","og_site_name":"Puebla En Linea","article_publisher":"https:\/\/www.facebook.com\/pueblaenlineacom","article_published_time":"2026-08-31T15:58:52+00:00","article_modified_time":"2026-08-31T16:02:04+00:00","og_image":[{"width":1200,"height":674,"url":"https:\/\/pueblaenlinea.com\/2025\/wp-content\/uploads\/2026\/08\/ninoatropella.jpg","type":"image\/jpeg"}],"author":"Jazmin Cardenas","twitter_card":"summary_large_image","twitter_misc":{"Escrito por":"Jazmin Cardenas","Tiempo de lectura":"3 minutos"},"schema":{"@context":"https:\/\/schema.org","@graph":[{"@type":"Article","@id":"https:\/\/pueblaenlinea.com\/2025\/nota-roja\/menor-de-17-anos-atropella-a-tres-personas-y-un-bebe-en-la-central-de-abasto-de-puebla\/#article","isPartOf":{"@id":"https:\/\/pueblaenlinea.com\/2025\/nota-roja\/menor-de-17-anos-atropella-a-tres-personas-y-un-bebe-en-la-central-de-abasto-de-puebla\/"},"author":{"name":"Jazmin Cardenas","@id":"https:\/\/pueblaenlinea.com\/2025\/#\/schema\/person\/21ecc830e083be84dbddd9a05208834f"},"headline":"Menor de 17 a\u00f1os atropella a tres personas y un beb\u00e9 en la Central de Abasto de Puebla","datePublished":"2026-08-31T15:58:52+00:00","dateModified":"2026-08-31T16:02:04+00:00","mainEntityOfPage":{"@id":"https:\/\/pueblaenlinea.com\/2025\/nota-roja\/menor-de-17-anos-atropella-a-tres-personas-y-un-bebe-en-la-central-de-abasto-de-puebla\/"},"wordCount":601,"image":{"@id":"https:\/\/pueblaenlinea.com\/2025\/nota-roja\/menor-de-17-anos-atropella-a-tres-personas-y-un-bebe-en-la-central-de-abasto-de-puebla\/#primaryimage"},"thumbnailUrl":"https:\/\/pueblaenlinea.com\/2025\/wp-content\/uploads\/2026\/08\/ninoatropella.jpg","keywords":["accidente puebla"],"articleSection":["Nota Roja"],"inLanguage":"es"},{"@type":"WebPage","@id":"https:\/\/pueblaenlinea.com\/2025\/nota-roja\/menor-de-17-anos-atropella-a-tres-personas-y-un-bebe-en-la-central-de-abasto-de-puebla\/","url":"https:\/\/pueblaenlinea.com\/2025\/nota-roja\/menor-de-17-anos-atropella-a-tres-personas-y-un-bebe-en-la-central-de-abasto-de-puebla\/","name":"Menor de 17 a\u00f1os atropella a tres personas y un beb\u00e9 en la Central de Abasto de Puebla - Puebla En Linea","isPartOf":{"@id":"https:\/\/pueblaenlinea.com\/2025\/#website"},"primaryImageOfPage":{"@id":"https:\/\/pueblaenlinea.com\/2025\/nota-roja\/menor-de-17-anos-atropella-a-tres-personas-y-un-bebe-en-la-central-de-abasto-de-puebla\/#primaryimage"},"image":{"@id":"https:\/\/pueblaenlinea.com\/2025\/nota-roja\/menor-de-17-anos-atropella-a-tres-personas-y-un-bebe-en-la-central-de-abasto-de-puebla\/#primaryimage"},"thumbnailUrl":"https:\/\/pueblaenlinea.com\/2025\/wp-content\/uploads\/2026\/08\/ninoatropella.jpg","datePublished":"2026-08-31T15:58:52+00:00","dateModified":"2026-08-31T16:02:04+00:00","author":{"@id":"https:\/\/pueblaenlinea.com\/2025\/#\/schema\/person\/21ecc830e083be84dbddd9a05208834f"},"description":"Menor de 17 a\u00f1os atropella a tres personas y un beb\u00e9 en la Central de Abasto de Puebla Nota Roja","breadcrumb":{"@id":"https:\/\/pueblaenlinea.com\/2025\/nota-roja\/menor-de-17-anos-atropella-a-tres-personas-y-un-bebe-en-la-central-de-abasto-de-puebla\/#breadcrumb"},"inLanguage":"es","potentialAction":[{"@type":"ReadAction","target":["https:\/\/pueblaenlinea.com\/2025\/nota-roja\/menor-de-17-anos-atropella-a-tres-personas-y-un-bebe-en-la-central-de-abasto-de-puebla\/"]}]},{"@type":"ImageObject","inLanguage":"es","@id":"https:\/\/pueblaenlinea.com\/2025\/nota-roja\/menor-de-17-anos-atropella-a-tres-personas-y-un-bebe-en-la-central-de-abasto-de-puebla\/#primaryimage","url":"https:\/\/pueblaenlinea.com\/2025\/wp-content\/uploads\/2026\/08\/ninoatropella.jpg","contentUrl":"https:\/\/pueblaenlinea.com\/2025\/wp-content\/uploads\/2026\/08\/ninoatropella.jpg","width":1200,"height":674},{"@type":"BreadcrumbList","@id":"https:\/\/pueblaenlinea.com\/2025\/nota-roja\/menor-de-17-anos-atropella-a-tres-personas-y-un-bebe-en-la-central-de-abasto-de-puebla\/#breadcrumb","itemListElement":[{"@type":"ListItem","position":1,"name":"Inicio","item":"https:\/\/pueblaenlinea.com\/2025\/"},{"@type":"ListItem","position":2,"name":"Menor de 17 a\u00f1os atropella a tres personas y un beb\u00e9 en la Central de Abasto de Puebla"}]},{"@type":"WebSite","@id":"https:\/\/pueblaenlinea.com\/2025\/#website","url":"https:\/\/pueblaenlinea.com\/2025\/","name":"Puebla En Linea","description":"noticias de puebla, periodismo serio y comprometido.","potentialAction":[{"@type":"SearchAction","target":{"@type":"EntryPoint","urlTemplate":"https:\/\/pueblaenlinea.com\/2025\/?s={search_term_string}"},"query-input":{"@type":"PropertyValueSpecification","valueRequired":true,"valueName":"search_term_string"}}],"inLanguage":"es"},{"@type":"Person","@id":"https:\/\/pueblaenlinea.com\/2025\/#\/schema\/person\/21ecc830e083be84dbddd9a05208834f","name":"Jazmin Cardenas","image":{"@type":"ImageObject","inLanguage":"es","@id":"https:\/\/pueblaenlinea.com\/2025\/wp-content\/litespeed\/avatar\/9d7ab062f41a13d0af53522b39daf76f.jpg?ver=1788194722","url":"https:\/\/pueblaenlinea.com\/2025\/wp-content\/litespeed\/avatar\/9d7ab062f41a13d0af53522b39daf76f.jpg?ver=1788194722","contentUrl":"https:\/\/pueblaenlinea.com\/2025\/wp-content\/litespeed\/avatar\/9d7ab062f41a13d0af53522b39daf76f.jpg?ver=1788194722","caption":"Jazmin Cardenas"},"url":"https:\/\/pueblaenlinea.com\/2025\/author\/jaz-pel\/"}]}},"_links":{"self":[{"href":"https:\/\/pueblaenlinea.com\/2025\/wp-json\/wp\/v2\/posts\/134683","targetHints":{"allow":["GET"]}}],"collection":[{"href":"https:\/\/pueblaenlinea.com\/2025\/wp-json\/wp\/v2\/posts"}],"about":[{"href":"https:\/\/pueblaenlinea.com\/2025\/wp-json\/wp\/v2\/types\/post"}],"author":[{"embeddable":true,"href":"https:\/\/pueblaenlinea.com\/2025\/wp-json\/wp\/v2\/users\/10"}],"replies":[{"embeddable":true,"href":"https:\/\/pueblaenlinea.com\/2025\/wp-json\/wp\/v2\/comments?post=134683"}],"version-history":[{"count":0,"href":"https:\/\/pueblaenlinea.com\/2025\/wp-json\/wp\/v2\/posts\/134683\/revisions"}],"wp:featuredmedia":[{"embeddable":true,"href":"https:\/\/pueblaenlinea.com\/2025\/wp-json\/wp\/v2\/media\/134684"}],"wp:attachment":[{"href":"https:\/\/pueblaenlinea.com\/2025\/wp-json\/wp\/v2\/media?parent=134683"}],"wp:term":[{"taxonomy":"category","embeddable":true,"href":"https:\/\/pueblaenlinea.com\/2025\/wp-json\/wp\/v2\/categories?post=134683"},{"taxonomy":"post_tag","embeddable":true,"href":"https:\/\/pueblaenlinea.com\/2025\/wp-json\/wp\/v2\/tags?post=134683"}],"curies":[{"name":"wp","href":"https:\/\/api.w.org\/{rel}","templated":true}]}}