{"id":134681,"date":"2026-08-31T09:38:43","date_gmt":"2026-08-31T15:38:43","guid":{"rendered":"https:\/\/pueblaenlinea.com\/2025\/?p=134681"},"modified":"2026-08-31T09:38:44","modified_gmt":"2026-08-31T15:38:44","slug":"pepe-chedraui-recibe-reconocimiento-nacional-por-transparencia-puebla-destaca-por-su-gobierno-abierto","status":"publish","type":"post","link":"https:\/\/pueblaenlinea.com\/2025\/capital\/pepe-chedraui-recibe-reconocimiento-nacional-por-transparencia-puebla-destaca-por-su-gobierno-abierto\/","title":{"rendered":"Pepe Chedraui recibe reconocimiento nacional por transparencia; Puebla destaca por su Gobierno Abierto"},"content":{"rendered":"\n<p class=\"wp-block-paragraph\">El Gobierno de la Ciudad recibi\u00f3 un reconocimiento nacional por sus pr\u00e1cticas de <strong>Transparencia Proactiva<\/strong>, una distinci\u00f3n que coloca nuevamente sobre la mesa la forma en que el Ayuntamiento de Puebla pone la informaci\u00f3n p\u00fablica al alcance de los ciudadanos.<\/p>\n\n\n\n<p class=\"wp-block-paragraph\">El premio fue entregado al presidente municipal <strong>Pepe Chedraui<\/strong> durante la XVI Entrega del Premio a las Mejores Pr\u00e1cticas de Gobiernos Locales 2026, donde se reconocieron proyectos de gobiernos municipales y estatales considerados relevantes por su innovaci\u00f3n y resultados.<\/p>\n\n\n\n<p class=\"wp-block-paragraph\"><strong>\u2022 Reconocimiento:<\/strong> Premio a las Mejores Pr\u00e1cticas de Gobiernos Locales 2026.<br><strong>\u2022 Categor\u00eda:<\/strong> Transparencia Proactiva.<br><strong>\u2022 Gobierno reconocido:<\/strong> Ayuntamiento de Puebla.<br><strong>\u2022 Herramienta destacada:<\/strong> Portal de Gobierno Abierto.<br><strong>\u2022 Beneficiarios:<\/strong> ciudadanos de las 17 juntas auxiliares de Puebla.<\/p>\n\n\n\n<h3 class=\"wp-block-heading\">El reto: que la informaci\u00f3n p\u00fablica realmente sea p\u00fablica<\/h3>\n\n\n\n<p class=\"wp-block-paragraph\">El reconocimiento est\u00e1 relacionado con el trabajo realizado por distintas dependencias municipales para facilitar la consulta de informaci\u00f3n mediante el <strong>Portal de Gobierno Abierto<\/strong>. Donde la ciudadan\u00eda puede encontrar datos relacionados con obras, servicios y aplicaci\u00f3n de recursos p\u00fablicos.<\/p>\n\n\n\n<p class=\"wp-block-paragraph\">La diferencia, est\u00e1 en pasar de simplemente cumplir con la obligaci\u00f3n de publicar informaci\u00f3n a presentarla de manera que pueda ser consultada por los ciudadanos.<\/p>\n\n\n\n<p class=\"wp-block-paragraph\">En t\u00e9rminos sencillos: no basta con que los datos existan; tambi\u00e9n importa que puedan encontrarse, entenderse y servir para conocer qu\u00e9 hace el gobierno con los recursos p\u00fablicos.<\/p>\n\n\n\n<h3 class=\"wp-block-heading\">Chedraui destaca una administraci\u00f3n m\u00e1s abierta<\/h3>\n\n\n\n<p class=\"wp-block-paragraph\">Durante la ceremonia, Pepe Chedraui refrend\u00f3 el compromiso de su administraci\u00f3n con una gesti\u00f3n <strong>transparente, cercana y participativa<\/strong>, adem\u00e1s de destacar la importancia de utilizar herramientas digitales para fortalecer la relaci\u00f3n entre gobierno y ciudadan\u00eda.<\/p>\n\n\n\n<p class=\"wp-block-paragraph\">El Gobierno de la Ciudad sostiene que el Portal de Gobierno Abierto permite acercar informaci\u00f3n de inter\u00e9s a los poblanos y facilitar la participaci\u00f3n ciudadana en temas relacionados con las necesidades de las diferentes juntas auxiliares.<\/p>\n\n\n\n<p class=\"wp-block-paragraph\">El reconocimiento nacional llega en un momento en el que la transparencia dej\u00f3 de ser un concepto reservado para los informes oficiales. Para los ciudadanos, tambi\u00e9n significa saber <strong>en qu\u00e9 se gasta el dinero p\u00fablico, qu\u00e9 obras se realizan y qu\u00e9 resultados obtiene la administraci\u00f3n<\/strong>.<\/p>\n\n\n\n<p class=\"wp-block-paragraph\">Si quieres seguir esta y otras notas de inter\u00e9s en tiempo real, \u00fanete a nuestro canal de WhatsApp: <a href=\"https:\/\/whatsapp.com\/channel\/0029Va5CSyuEQIalZaJWpX1h?utm_source=chatgpt.com\">WhatsApp Puebla En L\u00ednea<\/a>.<\/p>\n\n\n\n<p class=\"wp-block-paragraph\">Un premio reconoce una pr\u00e1ctica, pero tambi\u00e9n abre una obligaci\u00f3n: mantener la informaci\u00f3n disponible y convertir la transparencia en una herramienta cotidiana para la ciudadan\u00eda.<\/p>\n\n\n\n<p class=\"wp-block-paragraph\"><strong>Escrito por Redacci\u00f3n Puebla En L\u00ednea<\/strong><\/p>\n\n\n\n<ol class=\"wp-block-list\">\n<li><strong>Pepe Chedraui recibe reconocimiento nacional por transparencia; Puebla destaca con su Gobierno Abierto<\/strong><\/li>\n\n\n\n<li><strong>Puebla recibe premio nacional por Transparencia Proactiva; as\u00ed reconocieron al gobierno de Chedraui<\/strong><\/li>\n\n\n\n<li><strong>\u00bfEn qu\u00e9 destaca Puebla? Gobierno de Chedraui recibe premio nacional por transparencia<\/strong><\/li>\n\n\n\n<li><strong>Reconocen a Puebla a nivel nacional por facilitar el acceso ciudadano a informaci\u00f3n p\u00fablica<\/strong><\/li>\n\n\n\n<li><strong>Pepe Chedraui recibe premio nacional: reconocen estrategia de transparencia del Gobierno de Puebla<\/strong><\/li>\n<\/ol>\n","protected":false},"excerpt":{"rendered":"<p>El Gobierno de la Ciudad recibi\u00f3 un reconocimiento nacional por sus pr\u00e1cticas de Transparencia Proactiva, una distinci\u00f3n que coloca nuevamente sobre la mesa la forma en que el Ayuntamiento de Puebla pone la informaci\u00f3n p\u00fablica al alcance de los ciudadanos. El premio fue entregado al presidente municipal Pepe Chedraui durante la XVI Entrega del Premio&#8230;<\/p>\n","protected":false},"author":10,"featured_media":134682,"comment_status":"closed","ping_status":"closed","sticky":false,"template":"","format":"standard","meta":{"footnotes":""},"categories":[3],"tags":[1386],"class_list":["post-134681","post","type-post","status-publish","format-standard","has-post-thumbnail","hentry","category-capital","tag-puebla"],"yoast_head":"<!-- This site is optimized with the Yoast SEO plugin v28.0 - https:\/\/yoast.com\/product\/yoast-seo-wordpress\/ -->\n<title>Pepe Chedraui recibe reconocimiento nacional por transparencia; Puebla destaca por su Gobierno Abierto - Puebla En Linea<\/title>\n<meta name=\"description\" content=\"Pepe Chedraui recibe reconocimiento nacional por transparencia; Puebla destaca por su Gobierno Abierto Capital\" \/>\n<meta name=\"robots\" content=\"index, follow, max-snippet:-1, max-image-preview:large, max-video-preview:-1\" \/>\n<link rel=\"canonical\" href=\"https:\/\/pueblaenlinea.com\/2025\/capital\/pepe-chedraui-recibe-reconocimiento-nacional-por-transparencia-puebla-destaca-por-su-gobierno-abierto\/\" \/>\n<meta property=\"og:locale\" content=\"es_MX\" \/>\n<meta property=\"og:type\" content=\"article\" \/>\n<meta property=\"og:title\" content=\"Pepe Chedraui recibe reconocimiento nacional por transparencia; Puebla destaca por su Gobierno Abierto - Puebla En Linea\" \/>\n<meta property=\"og:description\" content=\"Pepe Chedraui recibe reconocimiento nacional por transparencia; Puebla destaca por su Gobierno Abierto Capital\" \/>\n<meta property=\"og:url\" content=\"https:\/\/pueblaenlinea.com\/2025\/capital\/pepe-chedraui-recibe-reconocimiento-nacional-por-transparencia-puebla-destaca-por-su-gobierno-abierto\/\" \/>\n<meta property=\"og:site_name\" content=\"Puebla En Linea\" \/>\n<meta property=\"article:publisher\" content=\"https:\/\/www.facebook.com\/pueblaenlineacom\" \/>\n<meta property=\"article:published_time\" content=\"2026-08-31T15:38:43+00:00\" \/>\n<meta property=\"article:modified_time\" content=\"2026-08-31T15:38:44+00:00\" \/>\n<meta property=\"og:image\" content=\"https:\/\/pueblaenlinea.com\/2025\/wp-content\/uploads\/2026\/08\/ENTREGAPREMIOS.jpg\" \/>\n\t<meta property=\"og:image:width\" content=\"1200\" \/>\n\t<meta property=\"og:image:height\" content=\"674\" \/>\n\t<meta property=\"og:image:type\" content=\"image\/jpeg\" \/>\n<meta name=\"author\" content=\"Jazmin Cardenas\" \/>\n<meta name=\"twitter:card\" content=\"summary_large_image\" \/>\n<meta name=\"twitter:label1\" content=\"Escrito por\" \/>\n\t<meta name=\"twitter:data1\" content=\"Jazmin Cardenas\" \/>\n\t<meta name=\"twitter:label2\" content=\"Tiempo de lectura\" \/>\n\t<meta name=\"twitter:data2\" content=\"3 minutos\" \/>\n<script type=\"application\/ld+json\" class=\"yoast-schema-graph\">{\"@context\":\"https:\\\/\\\/schema.org\",\"@graph\":[{\"@type\":\"Article\",\"@id\":\"https:\\\/\\\/pueblaenlinea.com\\\/2025\\\/capital\\\/pepe-chedraui-recibe-reconocimiento-nacional-por-transparencia-puebla-destaca-por-su-gobierno-abierto\\\/#article\",\"isPartOf\":{\"@id\":\"https:\\\/\\\/pueblaenlinea.com\\\/2025\\\/capital\\\/pepe-chedraui-recibe-reconocimiento-nacional-por-transparencia-puebla-destaca-por-su-gobierno-abierto\\\/\"},\"author\":{\"name\":\"Jazmin Cardenas\",\"@id\":\"https:\\\/\\\/pueblaenlinea.com\\\/2025\\\/#\\\/schema\\\/person\\\/21ecc830e083be84dbddd9a05208834f\"},\"headline\":\"Pepe Chedraui recibe reconocimiento nacional por transparencia; Puebla destaca por su Gobierno Abierto\",\"datePublished\":\"2026-08-31T15:38:43+00:00\",\"dateModified\":\"2026-08-31T15:38:44+00:00\",\"mainEntityOfPage\":{\"@id\":\"https:\\\/\\\/pueblaenlinea.com\\\/2025\\\/capital\\\/pepe-chedraui-recibe-reconocimiento-nacional-por-transparencia-puebla-destaca-por-su-gobierno-abierto\\\/\"},\"wordCount\":507,\"image\":{\"@id\":\"https:\\\/\\\/pueblaenlinea.com\\\/2025\\\/capital\\\/pepe-chedraui-recibe-reconocimiento-nacional-por-transparencia-puebla-destaca-por-su-gobierno-abierto\\\/#primaryimage\"},\"thumbnailUrl\":\"https:\\\/\\\/pueblaenlinea.com\\\/2025\\\/wp-content\\\/uploads\\\/2026\\\/08\\\/ENTREGAPREMIOS.jpg\",\"keywords\":[\"Puebla\"],\"articleSection\":[\"Capital\"],\"inLanguage\":\"es\"},{\"@type\":\"WebPage\",\"@id\":\"https:\\\/\\\/pueblaenlinea.com\\\/2025\\\/capital\\\/pepe-chedraui-recibe-reconocimiento-nacional-por-transparencia-puebla-destaca-por-su-gobierno-abierto\\\/\",\"url\":\"https:\\\/\\\/pueblaenlinea.com\\\/2025\\\/capital\\\/pepe-chedraui-recibe-reconocimiento-nacional-por-transparencia-puebla-destaca-por-su-gobierno-abierto\\\/\",\"name\":\"Pepe Chedraui recibe reconocimiento nacional por transparencia; Puebla destaca por su Gobierno Abierto - Puebla En Linea\",\"isPartOf\":{\"@id\":\"https:\\\/\\\/pueblaenlinea.com\\\/2025\\\/#website\"},\"primaryImageOfPage\":{\"@id\":\"https:\\\/\\\/pueblaenlinea.com\\\/2025\\\/capital\\\/pepe-chedraui-recibe-reconocimiento-nacional-por-transparencia-puebla-destaca-por-su-gobierno-abierto\\\/#primaryimage\"},\"image\":{\"@id\":\"https:\\\/\\\/pueblaenlinea.com\\\/2025\\\/capital\\\/pepe-chedraui-recibe-reconocimiento-nacional-por-transparencia-puebla-destaca-por-su-gobierno-abierto\\\/#primaryimage\"},\"thumbnailUrl\":\"https:\\\/\\\/pueblaenlinea.com\\\/2025\\\/wp-content\\\/uploads\\\/2026\\\/08\\\/ENTREGAPREMIOS.jpg\",\"datePublished\":\"2026-08-31T15:38:43+00:00\",\"dateModified\":\"2026-08-31T15:38:44+00:00\",\"author\":{\"@id\":\"https:\\\/\\\/pueblaenlinea.com\\\/2025\\\/#\\\/schema\\\/person\\\/21ecc830e083be84dbddd9a05208834f\"},\"description\":\"Pepe Chedraui recibe reconocimiento nacional por transparencia; Puebla destaca por su Gobierno Abierto Capital\",\"breadcrumb\":{\"@id\":\"https:\\\/\\\/pueblaenlinea.com\\\/2025\\\/capital\\\/pepe-chedraui-recibe-reconocimiento-nacional-por-transparencia-puebla-destaca-por-su-gobierno-abierto\\\/#breadcrumb\"},\"inLanguage\":\"es\",\"potentialAction\":[{\"@type\":\"ReadAction\",\"target\":[\"https:\\\/\\\/pueblaenlinea.com\\\/2025\\\/capital\\\/pepe-chedraui-recibe-reconocimiento-nacional-por-transparencia-puebla-destaca-por-su-gobierno-abierto\\\/\"]}]},{\"@type\":\"ImageObject\",\"inLanguage\":\"es\",\"@id\":\"https:\\\/\\\/pueblaenlinea.com\\\/2025\\\/capital\\\/pepe-chedraui-recibe-reconocimiento-nacional-por-transparencia-puebla-destaca-por-su-gobierno-abierto\\\/#primaryimage\",\"url\":\"https:\\\/\\\/pueblaenlinea.com\\\/2025\\\/wp-content\\\/uploads\\\/2026\\\/08\\\/ENTREGAPREMIOS.jpg\",\"contentUrl\":\"https:\\\/\\\/pueblaenlinea.com\\\/2025\\\/wp-content\\\/uploads\\\/2026\\\/08\\\/ENTREGAPREMIOS.jpg\",\"width\":1200,\"height\":674},{\"@type\":\"BreadcrumbList\",\"@id\":\"https:\\\/\\\/pueblaenlinea.com\\\/2025\\\/capital\\\/pepe-chedraui-recibe-reconocimiento-nacional-por-transparencia-puebla-destaca-por-su-gobierno-abierto\\\/#breadcrumb\",\"itemListElement\":[{\"@type\":\"ListItem\",\"position\":1,\"name\":\"Inicio\",\"item\":\"https:\\\/\\\/pueblaenlinea.com\\\/2025\\\/\"},{\"@type\":\"ListItem\",\"position\":2,\"name\":\"Pepe Chedraui recibe reconocimiento nacional por transparencia; Puebla destaca por su Gobierno Abierto\"}]},{\"@type\":\"WebSite\",\"@id\":\"https:\\\/\\\/pueblaenlinea.com\\\/2025\\\/#website\",\"url\":\"https:\\\/\\\/pueblaenlinea.com\\\/2025\\\/\",\"name\":\"Puebla En Linea\",\"description\":\"noticias de puebla, periodismo serio y comprometido.\",\"potentialAction\":[{\"@type\":\"SearchAction\",\"target\":{\"@type\":\"EntryPoint\",\"urlTemplate\":\"https:\\\/\\\/pueblaenlinea.com\\\/2025\\\/?s={search_term_string}\"},\"query-input\":{\"@type\":\"PropertyValueSpecification\",\"valueRequired\":true,\"valueName\":\"search_term_string\"}}],\"inLanguage\":\"es\"},{\"@type\":\"Person\",\"@id\":\"https:\\\/\\\/pueblaenlinea.com\\\/2025\\\/#\\\/schema\\\/person\\\/21ecc830e083be84dbddd9a05208834f\",\"name\":\"Jazmin Cardenas\",\"image\":{\"@type\":\"ImageObject\",\"inLanguage\":\"es\",\"@id\":\"https:\\\/\\\/pueblaenlinea.com\\\/2025\\\/wp-content\\\/litespeed\\\/avatar\\\/9d7ab062f41a13d0af53522b39daf76f.jpg?ver=1788194722\",\"url\":\"https:\\\/\\\/pueblaenlinea.com\\\/2025\\\/wp-content\\\/litespeed\\\/avatar\\\/9d7ab062f41a13d0af53522b39daf76f.jpg?ver=1788194722\",\"contentUrl\":\"https:\\\/\\\/pueblaenlinea.com\\\/2025\\\/wp-content\\\/litespeed\\\/avatar\\\/9d7ab062f41a13d0af53522b39daf76f.jpg?ver=1788194722\",\"caption\":\"Jazmin Cardenas\"},\"url\":\"https:\\\/\\\/pueblaenlinea.com\\\/2025\\\/author\\\/jaz-pel\\\/\"}]}<\/script>\n<!-- \/ Yoast SEO plugin. -->","yoast_head_json":{"title":"Pepe Chedraui recibe reconocimiento nacional por transparencia; Puebla destaca por su Gobierno Abierto - Puebla En Linea","description":"Pepe Chedraui recibe reconocimiento nacional por transparencia; Puebla destaca por su Gobierno Abierto Capital","robots":{"index":"index","follow":"follow","max-snippet":"max-snippet:-1","max-image-preview":"max-image-preview:large","max-video-preview":"max-video-preview:-1"},"canonical":"https:\/\/pueblaenlinea.com\/2025\/capital\/pepe-chedraui-recibe-reconocimiento-nacional-por-transparencia-puebla-destaca-por-su-gobierno-abierto\/","og_locale":"es_MX","og_type":"article","og_title":"Pepe Chedraui recibe reconocimiento nacional por transparencia; Puebla destaca por su Gobierno Abierto - Puebla En Linea","og_description":"Pepe Chedraui recibe reconocimiento nacional por transparencia; Puebla destaca por su Gobierno Abierto Capital","og_url":"https:\/\/pueblaenlinea.com\/2025\/capital\/pepe-chedraui-recibe-reconocimiento-nacional-por-transparencia-puebla-destaca-por-su-gobierno-abierto\/","og_site_name":"Puebla En Linea","article_publisher":"https:\/\/www.facebook.com\/pueblaenlineacom","article_published_time":"2026-08-31T15:38:43+00:00","article_modified_time":"2026-08-31T15:38:44+00:00","og_image":[{"width":1200,"height":674,"url":"https:\/\/pueblaenlinea.com\/2025\/wp-content\/uploads\/2026\/08\/ENTREGAPREMIOS.jpg","type":"image\/jpeg"}],"author":"Jazmin Cardenas","twitter_card":"summary_large_image","twitter_misc":{"Escrito por":"Jazmin Cardenas","Tiempo de lectura":"3 minutos"},"schema":{"@context":"https:\/\/schema.org","@graph":[{"@type":"Article","@id":"https:\/\/pueblaenlinea.com\/2025\/capital\/pepe-chedraui-recibe-reconocimiento-nacional-por-transparencia-puebla-destaca-por-su-gobierno-abierto\/#article","isPartOf":{"@id":"https:\/\/pueblaenlinea.com\/2025\/capital\/pepe-chedraui-recibe-reconocimiento-nacional-por-transparencia-puebla-destaca-por-su-gobierno-abierto\/"},"author":{"name":"Jazmin Cardenas","@id":"https:\/\/pueblaenlinea.com\/2025\/#\/schema\/person\/21ecc830e083be84dbddd9a05208834f"},"headline":"Pepe Chedraui recibe reconocimiento nacional por transparencia; Puebla destaca por su Gobierno Abierto","datePublished":"2026-08-31T15:38:43+00:00","dateModified":"2026-08-31T15:38:44+00:00","mainEntityOfPage":{"@id":"https:\/\/pueblaenlinea.com\/2025\/capital\/pepe-chedraui-recibe-reconocimiento-nacional-por-transparencia-puebla-destaca-por-su-gobierno-abierto\/"},"wordCount":507,"image":{"@id":"https:\/\/pueblaenlinea.com\/2025\/capital\/pepe-chedraui-recibe-reconocimiento-nacional-por-transparencia-puebla-destaca-por-su-gobierno-abierto\/#primaryimage"},"thumbnailUrl":"https:\/\/pueblaenlinea.com\/2025\/wp-content\/uploads\/2026\/08\/ENTREGAPREMIOS.jpg","keywords":["Puebla"],"articleSection":["Capital"],"inLanguage":"es"},{"@type":"WebPage","@id":"https:\/\/pueblaenlinea.com\/2025\/capital\/pepe-chedraui-recibe-reconocimiento-nacional-por-transparencia-puebla-destaca-por-su-gobierno-abierto\/","url":"https:\/\/pueblaenlinea.com\/2025\/capital\/pepe-chedraui-recibe-reconocimiento-nacional-por-transparencia-puebla-destaca-por-su-gobierno-abierto\/","name":"Pepe Chedraui recibe reconocimiento nacional por transparencia; Puebla destaca por su Gobierno Abierto - Puebla En Linea","isPartOf":{"@id":"https:\/\/pueblaenlinea.com\/2025\/#website"},"primaryImageOfPage":{"@id":"https:\/\/pueblaenlinea.com\/2025\/capital\/pepe-chedraui-recibe-reconocimiento-nacional-por-transparencia-puebla-destaca-por-su-gobierno-abierto\/#primaryimage"},"image":{"@id":"https:\/\/pueblaenlinea.com\/2025\/capital\/pepe-chedraui-recibe-reconocimiento-nacional-por-transparencia-puebla-destaca-por-su-gobierno-abierto\/#primaryimage"},"thumbnailUrl":"https:\/\/pueblaenlinea.com\/2025\/wp-content\/uploads\/2026\/08\/ENTREGAPREMIOS.jpg","datePublished":"2026-08-31T15:38:43+00:00","dateModified":"2026-08-31T15:38:44+00:00","author":{"@id":"https:\/\/pueblaenlinea.com\/2025\/#\/schema\/person\/21ecc830e083be84dbddd9a05208834f"},"description":"Pepe Chedraui recibe reconocimiento nacional por transparencia; Puebla destaca por su Gobierno Abierto Capital","breadcrumb":{"@id":"https:\/\/pueblaenlinea.com\/2025\/capital\/pepe-chedraui-recibe-reconocimiento-nacional-por-transparencia-puebla-destaca-por-su-gobierno-abierto\/#breadcrumb"},"inLanguage":"es","potentialAction":[{"@type":"ReadAction","target":["https:\/\/pueblaenlinea.com\/2025\/capital\/pepe-chedraui-recibe-reconocimiento-nacional-por-transparencia-puebla-destaca-por-su-gobierno-abierto\/"]}]},{"@type":"ImageObject","inLanguage":"es","@id":"https:\/\/pueblaenlinea.com\/2025\/capital\/pepe-chedraui-recibe-reconocimiento-nacional-por-transparencia-puebla-destaca-por-su-gobierno-abierto\/#primaryimage","url":"https:\/\/pueblaenlinea.com\/2025\/wp-content\/uploads\/2026\/08\/ENTREGAPREMIOS.jpg","contentUrl":"https:\/\/pueblaenlinea.com\/2025\/wp-content\/uploads\/2026\/08\/ENTREGAPREMIOS.jpg","width":1200,"height":674},{"@type":"BreadcrumbList","@id":"https:\/\/pueblaenlinea.com\/2025\/capital\/pepe-chedraui-recibe-reconocimiento-nacional-por-transparencia-puebla-destaca-por-su-gobierno-abierto\/#breadcrumb","itemListElement":[{"@type":"ListItem","position":1,"name":"Inicio","item":"https:\/\/pueblaenlinea.com\/2025\/"},{"@type":"ListItem","position":2,"name":"Pepe Chedraui recibe reconocimiento nacional por transparencia; Puebla destaca por su Gobierno Abierto"}]},{"@type":"WebSite","@id":"https:\/\/pueblaenlinea.com\/2025\/#website","url":"https:\/\/pueblaenlinea.com\/2025\/","name":"Puebla En Linea","description":"noticias de puebla, periodismo serio y comprometido.","potentialAction":[{"@type":"SearchAction","target":{"@type":"EntryPoint","urlTemplate":"https:\/\/pueblaenlinea.com\/2025\/?s={search_term_string}"},"query-input":{"@type":"PropertyValueSpecification","valueRequired":true,"valueName":"search_term_string"}}],"inLanguage":"es"},{"@type":"Person","@id":"https:\/\/pueblaenlinea.com\/2025\/#\/schema\/person\/21ecc830e083be84dbddd9a05208834f","name":"Jazmin Cardenas","image":{"@type":"ImageObject","inLanguage":"es","@id":"https:\/\/pueblaenlinea.com\/2025\/wp-content\/litespeed\/avatar\/9d7ab062f41a13d0af53522b39daf76f.jpg?ver=1788194722","url":"https:\/\/pueblaenlinea.com\/2025\/wp-content\/litespeed\/avatar\/9d7ab062f41a13d0af53522b39daf76f.jpg?ver=1788194722","contentUrl":"https:\/\/pueblaenlinea.com\/2025\/wp-content\/litespeed\/avatar\/9d7ab062f41a13d0af53522b39daf76f.jpg?ver=1788194722","caption":"Jazmin Cardenas"},"url":"https:\/\/pueblaenlinea.com\/2025\/author\/jaz-pel\/"}]}},"_links":{"self":[{"href":"https:\/\/pueblaenlinea.com\/2025\/wp-json\/wp\/v2\/posts\/134681","targetHints":{"allow":["GET"]}}],"collection":[{"href":"https:\/\/pueblaenlinea.com\/2025\/wp-json\/wp\/v2\/posts"}],"about":[{"href":"https:\/\/pueblaenlinea.com\/2025\/wp-json\/wp\/v2\/types\/post"}],"author":[{"embeddable":true,"href":"https:\/\/pueblaenlinea.com\/2025\/wp-json\/wp\/v2\/users\/10"}],"replies":[{"embeddable":true,"href":"https:\/\/pueblaenlinea.com\/2025\/wp-json\/wp\/v2\/comments?post=134681"}],"version-history":[{"count":0,"href":"https:\/\/pueblaenlinea.com\/2025\/wp-json\/wp\/v2\/posts\/134681\/revisions"}],"wp:featuredmedia":[{"embeddable":true,"href":"https:\/\/pueblaenlinea.com\/2025\/wp-json\/wp\/v2\/media\/134682"}],"wp:attachment":[{"href":"https:\/\/pueblaenlinea.com\/2025\/wp-json\/wp\/v2\/media?parent=134681"}],"wp:term":[{"taxonomy":"category","embeddable":true,"href":"https:\/\/pueblaenlinea.com\/2025\/wp-json\/wp\/v2\/categories?post=134681"},{"taxonomy":"post_tag","embeddable":true,"href":"https:\/\/pueblaenlinea.com\/2025\/wp-json\/wp\/v2\/tags?post=134681"}],"curies":[{"name":"wp","href":"https:\/\/api.w.org\/{rel}","templated":true}]}}