{"id":134678,"date":"2026-08-31T08:47:36","date_gmt":"2026-08-31T14:47:36","guid":{"rendered":"https:\/\/pueblaenlinea.com\/2025\/?p=134678"},"modified":"2026-08-31T08:47:37","modified_gmt":"2026-08-31T14:47:37","slug":"hallan-cadaver-parcialmente-emplayado-sobre-la-carretera-amozoc-acajete","status":"publish","type":"post","link":"https:\/\/pueblaenlinea.com\/2025\/nota-roja\/hallan-cadaver-parcialmente-emplayado-sobre-la-carretera-amozoc-acajete\/","title":{"rendered":"Hallan cad\u00e1ver parcialmente emplayado sobre la carretera Amozoc-Acajete"},"content":{"rendered":"\n<p class=\"wp-block-paragraph\">El cuerpo sin vida de un hombre fue localizado este lunes a un costado de la <strong>carretera Amozoc-Nautla<\/strong>, en el tramo que comunica Amozoc con Acajete, donde las autoridades mantienen acordonada la zona para realizar las primeras diligencias.<\/p>\n\n\n\n<p class=\"wp-block-paragraph\">El hallazgo ocurri\u00f3 a la altura de <strong>San Agust\u00edn Tlaxco<\/strong>, frente a un encierro de veh\u00edculos, en inmediaciones del corral\u00f3n. La v\u00edctima presenta aparentes huellas de violencia y fue localizada parcialmente envuelta en pl\u00e1stico.<\/p>\n\n\n\n<p class=\"wp-block-paragraph\"><strong>\u2022 Lugar:<\/strong> carretera Amozoc-Nautla, tramo Amozoc-Acajete.<br><strong>\u2022 Referencia:<\/strong> San Agust\u00edn Tlaxco, frente al encierro de veh\u00edculos.<br><strong>\u2022 V\u00edctima:<\/strong> hombre, hasta ahora sin identificar.<br><strong>\u2022 Condiciones:<\/strong> parcialmente envuelto en pl\u00e1stico y con aparentes huellas de violencia.<br><strong>\u2022 Investigaci\u00f3n:<\/strong> Fiscal\u00eda General del Estado realizar\u00e1 las diligencias correspondientes.<\/p>\n\n\n\n<h3 class=\"wp-block-heading\">El cuerpo fue abandonado a un costado de la carretera<\/h3>\n\n\n\n<p class=\"wp-block-paragraph\">De acuerdo con los primeros reportes, automovilistas o personas que transitaban por la zona alertaron sobre la presencia de una persona aparentemente sin vida a un costado de la carretera.<\/p>\n\n\n\n<p class=\"wp-block-paragraph\">Al llegar, elementos de seguridad confirmaron el hallazgo y establecieron un per\u00edmetro para preservar el lugar.<\/p>\n\n\n\n<p class=\"wp-block-paragraph\">El hombre se encontraba <strong>parcialmente envuelto en pl\u00e1stico, desde la zona de los pies hasta aproximadamente la cintura<\/strong>. El resto del cuerpo qued\u00f3 descubierto; vest\u00eda una sudadera negra y ten\u00eda una bolsa de pl\u00e1stico cubriendo la cabeza.<\/p>\n\n\n\n<p class=\"wp-block-paragraph\">Las condiciones en las que fue encontrado hicieron necesaria la intervenci\u00f3n de personal ministerial para determinar las circunstancias en las que muri\u00f3.<\/p>\n\n\n\n<h3 class=\"wp-block-heading\">Fiscal\u00eda inicia las diligencias para identificarlo<\/h3>\n\n\n\n<p class=\"wp-block-paragraph\">Elementos de la Polic\u00eda Estatal y corporaciones municipales permanecen en el sitio como primeros respondientes, mientras se llevan a cabo las diligencias para el levantamiento del cad\u00e1ver.<\/p>\n\n\n\n<p class=\"wp-block-paragraph\">Ser\u00e1 la <strong>Fiscal\u00eda General del Estado de Puebla<\/strong> la encargada de realizar las investigaciones y establecer la identidad de la v\u00edctima, la causa de muerte y c\u00f3mo fue abandonada en este punto carretero.<\/p>\n\n\n\n<p class=\"wp-block-paragraph\">Hasta el momento no se ha informado sobre personas detenidas relacionadas con este caso.<\/p>\n\n\n\n<p class=\"wp-block-paragraph\">Si quieres seguir esta y otras notas de inter\u00e9s en tiempo real, \u00fanete a nuestro canal de WhatsApp: <a href=\"https:\/\/whatsapp.com\/channel\/0029Va5CSyuEQIalZaJWpX1h?utm_source=chatgpt.com\">WhatsApp Puebla En L\u00ednea<\/a>.<\/p>\n\n\n\n<p class=\"wp-block-paragraph\">El hallazgo vuelve a dejar una escena que obliga a mirar m\u00e1s all\u00e1 del per\u00edmetro acordonado: un hombre sin identificar, abandonado junto a una carretera de alta circulaci\u00f3n y con aparentes signos de violencia. Ahora corresponde a las autoridades reconstruir sus \u00faltimas horas y devolverle, al menos, un nombre a esa historia.<\/p>\n\n\n\n<p class=\"wp-block-paragraph\"><strong>Escrito por Redacci\u00f3n Puebla En L\u00ednea<\/strong><\/p>\n\n\n\n<ol class=\"wp-block-list\">\n<li><strong>Hallan hombre sin vida y parcialmente envuelto en pl\u00e1stico sobre la Amozoc-Acajete<\/strong><\/li>\n\n\n\n<li><strong>Encuentran cad\u00e1ver emplayado a un costado de la carretera Amozoc-Nautla; investigan muerte<\/strong><\/li>\n\n\n\n<li><strong>Abandonan cuerpo de un hombre junto a la carretera Amozoc-Acajete; ya investigan<\/strong><\/li>\n\n\n\n<li><strong>Hallazgo macabro en la Amozoc-Acajete: localizan hombre sin vida y con aparentes huellas de violencia<\/strong><\/li>\n\n\n\n<li><strong>\u00bfQui\u00e9n es? Hallan a un hombre sin vida y con una bolsa en la cabeza sobre la Amozoc-Nautla<\/strong><\/li>\n<\/ol>\n","protected":false},"excerpt":{"rendered":"<p>El cuerpo sin vida de un hombre fue localizado este lunes a un costado de la carretera Amozoc-Nautla, en el tramo que comunica Amozoc con Acajete, donde las autoridades mantienen acordonada la zona para realizar las primeras diligencias. El hallazgo ocurri\u00f3 a la altura de San Agust\u00edn Tlaxco, frente a un encierro de veh\u00edculos, en&#8230;<\/p>\n","protected":false},"author":10,"featured_media":134679,"comment_status":"closed","ping_status":"closed","sticky":false,"template":"","format":"standard","meta":{"footnotes":""},"categories":[24],"tags":[1401],"class_list":["post-134678","post","type-post","status-publish","format-standard","has-post-thumbnail","hentry","category-nota-roja","tag-asesinato-puebla"],"yoast_head":"<!-- This site is optimized with the Yoast SEO plugin v28.0 - https:\/\/yoast.com\/product\/yoast-seo-wordpress\/ -->\n<title>Hallan cad\u00e1ver parcialmente emplayado sobre la carretera Amozoc-Acajete - Puebla En Linea<\/title>\n<meta name=\"description\" content=\"Hallan cad\u00e1ver parcialmente emplayado sobre la carretera Amozoc-Acajete Nota Roja\" \/>\n<meta name=\"robots\" content=\"index, follow, max-snippet:-1, max-image-preview:large, max-video-preview:-1\" \/>\n<link rel=\"canonical\" href=\"https:\/\/pueblaenlinea.com\/2025\/nota-roja\/hallan-cadaver-parcialmente-emplayado-sobre-la-carretera-amozoc-acajete\/\" \/>\n<meta property=\"og:locale\" content=\"es_MX\" \/>\n<meta property=\"og:type\" content=\"article\" \/>\n<meta property=\"og:title\" content=\"Hallan cad\u00e1ver parcialmente emplayado sobre la carretera Amozoc-Acajete - Puebla En Linea\" \/>\n<meta property=\"og:description\" content=\"Hallan cad\u00e1ver parcialmente emplayado sobre la carretera Amozoc-Acajete Nota Roja\" \/>\n<meta property=\"og:url\" content=\"https:\/\/pueblaenlinea.com\/2025\/nota-roja\/hallan-cadaver-parcialmente-emplayado-sobre-la-carretera-amozoc-acajete\/\" \/>\n<meta property=\"og:site_name\" content=\"Puebla En Linea\" \/>\n<meta property=\"article:publisher\" content=\"https:\/\/www.facebook.com\/pueblaenlineacom\" \/>\n<meta property=\"article:published_time\" content=\"2026-08-31T14:47:36+00:00\" \/>\n<meta property=\"article:modified_time\" content=\"2026-08-31T14:47:37+00:00\" \/>\n<meta property=\"og:image\" content=\"https:\/\/pueblaenlinea.com\/2025\/wp-content\/uploads\/2026\/08\/cuerpo-1.jpg\" \/>\n\t<meta property=\"og:image:width\" content=\"1200\" \/>\n\t<meta property=\"og:image:height\" content=\"674\" \/>\n\t<meta property=\"og:image:type\" content=\"image\/jpeg\" \/>\n<meta name=\"author\" content=\"Jazmin Cardenas\" \/>\n<meta name=\"twitter:card\" content=\"summary_large_image\" \/>\n<meta name=\"twitter:label1\" content=\"Escrito por\" \/>\n\t<meta name=\"twitter:data1\" content=\"Jazmin Cardenas\" \/>\n\t<meta name=\"twitter:label2\" content=\"Tiempo de lectura\" \/>\n\t<meta name=\"twitter:data2\" content=\"3 minutos\" \/>\n<script type=\"application\/ld+json\" class=\"yoast-schema-graph\">{\"@context\":\"https:\\\/\\\/schema.org\",\"@graph\":[{\"@type\":\"Article\",\"@id\":\"https:\\\/\\\/pueblaenlinea.com\\\/2025\\\/nota-roja\\\/hallan-cadaver-parcialmente-emplayado-sobre-la-carretera-amozoc-acajete\\\/#article\",\"isPartOf\":{\"@id\":\"https:\\\/\\\/pueblaenlinea.com\\\/2025\\\/nota-roja\\\/hallan-cadaver-parcialmente-emplayado-sobre-la-carretera-amozoc-acajete\\\/\"},\"author\":{\"name\":\"Jazmin Cardenas\",\"@id\":\"https:\\\/\\\/pueblaenlinea.com\\\/2025\\\/#\\\/schema\\\/person\\\/21ecc830e083be84dbddd9a05208834f\"},\"headline\":\"Hallan cad\u00e1ver parcialmente emplayado sobre la carretera Amozoc-Acajete\",\"datePublished\":\"2026-08-31T14:47:36+00:00\",\"dateModified\":\"2026-08-31T14:47:37+00:00\",\"mainEntityOfPage\":{\"@id\":\"https:\\\/\\\/pueblaenlinea.com\\\/2025\\\/nota-roja\\\/hallan-cadaver-parcialmente-emplayado-sobre-la-carretera-amozoc-acajete\\\/\"},\"wordCount\":498,\"image\":{\"@id\":\"https:\\\/\\\/pueblaenlinea.com\\\/2025\\\/nota-roja\\\/hallan-cadaver-parcialmente-emplayado-sobre-la-carretera-amozoc-acajete\\\/#primaryimage\"},\"thumbnailUrl\":\"https:\\\/\\\/pueblaenlinea.com\\\/2025\\\/wp-content\\\/uploads\\\/2026\\\/08\\\/cuerpo-1.jpg\",\"keywords\":[\"asesinato puebla\"],\"articleSection\":[\"Nota Roja\"],\"inLanguage\":\"es\"},{\"@type\":\"WebPage\",\"@id\":\"https:\\\/\\\/pueblaenlinea.com\\\/2025\\\/nota-roja\\\/hallan-cadaver-parcialmente-emplayado-sobre-la-carretera-amozoc-acajete\\\/\",\"url\":\"https:\\\/\\\/pueblaenlinea.com\\\/2025\\\/nota-roja\\\/hallan-cadaver-parcialmente-emplayado-sobre-la-carretera-amozoc-acajete\\\/\",\"name\":\"Hallan cad\u00e1ver parcialmente emplayado sobre la carretera Amozoc-Acajete - Puebla En Linea\",\"isPartOf\":{\"@id\":\"https:\\\/\\\/pueblaenlinea.com\\\/2025\\\/#website\"},\"primaryImageOfPage\":{\"@id\":\"https:\\\/\\\/pueblaenlinea.com\\\/2025\\\/nota-roja\\\/hallan-cadaver-parcialmente-emplayado-sobre-la-carretera-amozoc-acajete\\\/#primaryimage\"},\"image\":{\"@id\":\"https:\\\/\\\/pueblaenlinea.com\\\/2025\\\/nota-roja\\\/hallan-cadaver-parcialmente-emplayado-sobre-la-carretera-amozoc-acajete\\\/#primaryimage\"},\"thumbnailUrl\":\"https:\\\/\\\/pueblaenlinea.com\\\/2025\\\/wp-content\\\/uploads\\\/2026\\\/08\\\/cuerpo-1.jpg\",\"datePublished\":\"2026-08-31T14:47:36+00:00\",\"dateModified\":\"2026-08-31T14:47:37+00:00\",\"author\":{\"@id\":\"https:\\\/\\\/pueblaenlinea.com\\\/2025\\\/#\\\/schema\\\/person\\\/21ecc830e083be84dbddd9a05208834f\"},\"description\":\"Hallan cad\u00e1ver parcialmente emplayado sobre la carretera Amozoc-Acajete Nota Roja\",\"breadcrumb\":{\"@id\":\"https:\\\/\\\/pueblaenlinea.com\\\/2025\\\/nota-roja\\\/hallan-cadaver-parcialmente-emplayado-sobre-la-carretera-amozoc-acajete\\\/#breadcrumb\"},\"inLanguage\":\"es\",\"potentialAction\":[{\"@type\":\"ReadAction\",\"target\":[\"https:\\\/\\\/pueblaenlinea.com\\\/2025\\\/nota-roja\\\/hallan-cadaver-parcialmente-emplayado-sobre-la-carretera-amozoc-acajete\\\/\"]}]},{\"@type\":\"ImageObject\",\"inLanguage\":\"es\",\"@id\":\"https:\\\/\\\/pueblaenlinea.com\\\/2025\\\/nota-roja\\\/hallan-cadaver-parcialmente-emplayado-sobre-la-carretera-amozoc-acajete\\\/#primaryimage\",\"url\":\"https:\\\/\\\/pueblaenlinea.com\\\/2025\\\/wp-content\\\/uploads\\\/2026\\\/08\\\/cuerpo-1.jpg\",\"contentUrl\":\"https:\\\/\\\/pueblaenlinea.com\\\/2025\\\/wp-content\\\/uploads\\\/2026\\\/08\\\/cuerpo-1.jpg\",\"width\":1200,\"height\":674},{\"@type\":\"BreadcrumbList\",\"@id\":\"https:\\\/\\\/pueblaenlinea.com\\\/2025\\\/nota-roja\\\/hallan-cadaver-parcialmente-emplayado-sobre-la-carretera-amozoc-acajete\\\/#breadcrumb\",\"itemListElement\":[{\"@type\":\"ListItem\",\"position\":1,\"name\":\"Inicio\",\"item\":\"https:\\\/\\\/pueblaenlinea.com\\\/2025\\\/\"},{\"@type\":\"ListItem\",\"position\":2,\"name\":\"Hallan cad\u00e1ver parcialmente emplayado sobre la carretera Amozoc-Acajete\"}]},{\"@type\":\"WebSite\",\"@id\":\"https:\\\/\\\/pueblaenlinea.com\\\/2025\\\/#website\",\"url\":\"https:\\\/\\\/pueblaenlinea.com\\\/2025\\\/\",\"name\":\"Puebla En Linea\",\"description\":\"noticias de puebla, periodismo serio y comprometido.\",\"potentialAction\":[{\"@type\":\"SearchAction\",\"target\":{\"@type\":\"EntryPoint\",\"urlTemplate\":\"https:\\\/\\\/pueblaenlinea.com\\\/2025\\\/?s={search_term_string}\"},\"query-input\":{\"@type\":\"PropertyValueSpecification\",\"valueRequired\":true,\"valueName\":\"search_term_string\"}}],\"inLanguage\":\"es\"},{\"@type\":\"Person\",\"@id\":\"https:\\\/\\\/pueblaenlinea.com\\\/2025\\\/#\\\/schema\\\/person\\\/21ecc830e083be84dbddd9a05208834f\",\"name\":\"Jazmin Cardenas\",\"image\":{\"@type\":\"ImageObject\",\"inLanguage\":\"es\",\"@id\":\"https:\\\/\\\/pueblaenlinea.com\\\/2025\\\/wp-content\\\/litespeed\\\/avatar\\\/9d7ab062f41a13d0af53522b39daf76f.jpg?ver=1788194722\",\"url\":\"https:\\\/\\\/pueblaenlinea.com\\\/2025\\\/wp-content\\\/litespeed\\\/avatar\\\/9d7ab062f41a13d0af53522b39daf76f.jpg?ver=1788194722\",\"contentUrl\":\"https:\\\/\\\/pueblaenlinea.com\\\/2025\\\/wp-content\\\/litespeed\\\/avatar\\\/9d7ab062f41a13d0af53522b39daf76f.jpg?ver=1788194722\",\"caption\":\"Jazmin Cardenas\"},\"url\":\"https:\\\/\\\/pueblaenlinea.com\\\/2025\\\/author\\\/jaz-pel\\\/\"}]}<\/script>\n<!-- \/ Yoast SEO plugin. -->","yoast_head_json":{"title":"Hallan cad\u00e1ver parcialmente emplayado sobre la carretera Amozoc-Acajete - Puebla En Linea","description":"Hallan cad\u00e1ver parcialmente emplayado sobre la carretera Amozoc-Acajete Nota Roja","robots":{"index":"index","follow":"follow","max-snippet":"max-snippet:-1","max-image-preview":"max-image-preview:large","max-video-preview":"max-video-preview:-1"},"canonical":"https:\/\/pueblaenlinea.com\/2025\/nota-roja\/hallan-cadaver-parcialmente-emplayado-sobre-la-carretera-amozoc-acajete\/","og_locale":"es_MX","og_type":"article","og_title":"Hallan cad\u00e1ver parcialmente emplayado sobre la carretera Amozoc-Acajete - Puebla En Linea","og_description":"Hallan cad\u00e1ver parcialmente emplayado sobre la carretera Amozoc-Acajete Nota Roja","og_url":"https:\/\/pueblaenlinea.com\/2025\/nota-roja\/hallan-cadaver-parcialmente-emplayado-sobre-la-carretera-amozoc-acajete\/","og_site_name":"Puebla En Linea","article_publisher":"https:\/\/www.facebook.com\/pueblaenlineacom","article_published_time":"2026-08-31T14:47:36+00:00","article_modified_time":"2026-08-31T14:47:37+00:00","og_image":[{"width":1200,"height":674,"url":"https:\/\/pueblaenlinea.com\/2025\/wp-content\/uploads\/2026\/08\/cuerpo-1.jpg","type":"image\/jpeg"}],"author":"Jazmin Cardenas","twitter_card":"summary_large_image","twitter_misc":{"Escrito por":"Jazmin Cardenas","Tiempo de lectura":"3 minutos"},"schema":{"@context":"https:\/\/schema.org","@graph":[{"@type":"Article","@id":"https:\/\/pueblaenlinea.com\/2025\/nota-roja\/hallan-cadaver-parcialmente-emplayado-sobre-la-carretera-amozoc-acajete\/#article","isPartOf":{"@id":"https:\/\/pueblaenlinea.com\/2025\/nota-roja\/hallan-cadaver-parcialmente-emplayado-sobre-la-carretera-amozoc-acajete\/"},"author":{"name":"Jazmin Cardenas","@id":"https:\/\/pueblaenlinea.com\/2025\/#\/schema\/person\/21ecc830e083be84dbddd9a05208834f"},"headline":"Hallan cad\u00e1ver parcialmente emplayado sobre la carretera Amozoc-Acajete","datePublished":"2026-08-31T14:47:36+00:00","dateModified":"2026-08-31T14:47:37+00:00","mainEntityOfPage":{"@id":"https:\/\/pueblaenlinea.com\/2025\/nota-roja\/hallan-cadaver-parcialmente-emplayado-sobre-la-carretera-amozoc-acajete\/"},"wordCount":498,"image":{"@id":"https:\/\/pueblaenlinea.com\/2025\/nota-roja\/hallan-cadaver-parcialmente-emplayado-sobre-la-carretera-amozoc-acajete\/#primaryimage"},"thumbnailUrl":"https:\/\/pueblaenlinea.com\/2025\/wp-content\/uploads\/2026\/08\/cuerpo-1.jpg","keywords":["asesinato puebla"],"articleSection":["Nota Roja"],"inLanguage":"es"},{"@type":"WebPage","@id":"https:\/\/pueblaenlinea.com\/2025\/nota-roja\/hallan-cadaver-parcialmente-emplayado-sobre-la-carretera-amozoc-acajete\/","url":"https:\/\/pueblaenlinea.com\/2025\/nota-roja\/hallan-cadaver-parcialmente-emplayado-sobre-la-carretera-amozoc-acajete\/","name":"Hallan cad\u00e1ver parcialmente emplayado sobre la carretera Amozoc-Acajete - Puebla En Linea","isPartOf":{"@id":"https:\/\/pueblaenlinea.com\/2025\/#website"},"primaryImageOfPage":{"@id":"https:\/\/pueblaenlinea.com\/2025\/nota-roja\/hallan-cadaver-parcialmente-emplayado-sobre-la-carretera-amozoc-acajete\/#primaryimage"},"image":{"@id":"https:\/\/pueblaenlinea.com\/2025\/nota-roja\/hallan-cadaver-parcialmente-emplayado-sobre-la-carretera-amozoc-acajete\/#primaryimage"},"thumbnailUrl":"https:\/\/pueblaenlinea.com\/2025\/wp-content\/uploads\/2026\/08\/cuerpo-1.jpg","datePublished":"2026-08-31T14:47:36+00:00","dateModified":"2026-08-31T14:47:37+00:00","author":{"@id":"https:\/\/pueblaenlinea.com\/2025\/#\/schema\/person\/21ecc830e083be84dbddd9a05208834f"},"description":"Hallan cad\u00e1ver parcialmente emplayado sobre la carretera Amozoc-Acajete Nota Roja","breadcrumb":{"@id":"https:\/\/pueblaenlinea.com\/2025\/nota-roja\/hallan-cadaver-parcialmente-emplayado-sobre-la-carretera-amozoc-acajete\/#breadcrumb"},"inLanguage":"es","potentialAction":[{"@type":"ReadAction","target":["https:\/\/pueblaenlinea.com\/2025\/nota-roja\/hallan-cadaver-parcialmente-emplayado-sobre-la-carretera-amozoc-acajete\/"]}]},{"@type":"ImageObject","inLanguage":"es","@id":"https:\/\/pueblaenlinea.com\/2025\/nota-roja\/hallan-cadaver-parcialmente-emplayado-sobre-la-carretera-amozoc-acajete\/#primaryimage","url":"https:\/\/pueblaenlinea.com\/2025\/wp-content\/uploads\/2026\/08\/cuerpo-1.jpg","contentUrl":"https:\/\/pueblaenlinea.com\/2025\/wp-content\/uploads\/2026\/08\/cuerpo-1.jpg","width":1200,"height":674},{"@type":"BreadcrumbList","@id":"https:\/\/pueblaenlinea.com\/2025\/nota-roja\/hallan-cadaver-parcialmente-emplayado-sobre-la-carretera-amozoc-acajete\/#breadcrumb","itemListElement":[{"@type":"ListItem","position":1,"name":"Inicio","item":"https:\/\/pueblaenlinea.com\/2025\/"},{"@type":"ListItem","position":2,"name":"Hallan cad\u00e1ver parcialmente emplayado sobre la carretera Amozoc-Acajete"}]},{"@type":"WebSite","@id":"https:\/\/pueblaenlinea.com\/2025\/#website","url":"https:\/\/pueblaenlinea.com\/2025\/","name":"Puebla En Linea","description":"noticias de puebla, periodismo serio y comprometido.","potentialAction":[{"@type":"SearchAction","target":{"@type":"EntryPoint","urlTemplate":"https:\/\/pueblaenlinea.com\/2025\/?s={search_term_string}"},"query-input":{"@type":"PropertyValueSpecification","valueRequired":true,"valueName":"search_term_string"}}],"inLanguage":"es"},{"@type":"Person","@id":"https:\/\/pueblaenlinea.com\/2025\/#\/schema\/person\/21ecc830e083be84dbddd9a05208834f","name":"Jazmin Cardenas","image":{"@type":"ImageObject","inLanguage":"es","@id":"https:\/\/pueblaenlinea.com\/2025\/wp-content\/litespeed\/avatar\/9d7ab062f41a13d0af53522b39daf76f.jpg?ver=1788194722","url":"https:\/\/pueblaenlinea.com\/2025\/wp-content\/litespeed\/avatar\/9d7ab062f41a13d0af53522b39daf76f.jpg?ver=1788194722","contentUrl":"https:\/\/pueblaenlinea.com\/2025\/wp-content\/litespeed\/avatar\/9d7ab062f41a13d0af53522b39daf76f.jpg?ver=1788194722","caption":"Jazmin Cardenas"},"url":"https:\/\/pueblaenlinea.com\/2025\/author\/jaz-pel\/"}]}},"_links":{"self":[{"href":"https:\/\/pueblaenlinea.com\/2025\/wp-json\/wp\/v2\/posts\/134678","targetHints":{"allow":["GET"]}}],"collection":[{"href":"https:\/\/pueblaenlinea.com\/2025\/wp-json\/wp\/v2\/posts"}],"about":[{"href":"https:\/\/pueblaenlinea.com\/2025\/wp-json\/wp\/v2\/types\/post"}],"author":[{"embeddable":true,"href":"https:\/\/pueblaenlinea.com\/2025\/wp-json\/wp\/v2\/users\/10"}],"replies":[{"embeddable":true,"href":"https:\/\/pueblaenlinea.com\/2025\/wp-json\/wp\/v2\/comments?post=134678"}],"version-history":[{"count":0,"href":"https:\/\/pueblaenlinea.com\/2025\/wp-json\/wp\/v2\/posts\/134678\/revisions"}],"wp:featuredmedia":[{"embeddable":true,"href":"https:\/\/pueblaenlinea.com\/2025\/wp-json\/wp\/v2\/media\/134679"}],"wp:attachment":[{"href":"https:\/\/pueblaenlinea.com\/2025\/wp-json\/wp\/v2\/media?parent=134678"}],"wp:term":[{"taxonomy":"category","embeddable":true,"href":"https:\/\/pueblaenlinea.com\/2025\/wp-json\/wp\/v2\/categories?post=134678"},{"taxonomy":"post_tag","embeddable":true,"href":"https:\/\/pueblaenlinea.com\/2025\/wp-json\/wp\/v2\/tags?post=134678"}],"curies":[{"name":"wp","href":"https:\/\/api.w.org\/{rel}","templated":true}]}}