{"id":134668,"date":"2026-08-30T18:53:07","date_gmt":"2026-08-31T00:53:07","guid":{"rendered":"https:\/\/pueblaenlinea.com\/2025\/?p=134668"},"modified":"2026-08-30T18:53:08","modified_gmt":"2026-08-31T00:53:08","slug":"que-paso-en-la-11-sur-joven-de-19-anos-muere-tras-tragico-derrape-de-moto-al-sur-de-puebla","status":"publish","type":"post","link":"https:\/\/pueblaenlinea.com\/2025\/nota-roja\/que-paso-en-la-11-sur-joven-de-19-anos-muere-tras-tragico-derrape-de-moto-al-sur-de-puebla\/","title":{"rendered":"\u00bfQu\u00e9 pas\u00f3 en la 11 Sur? Joven de 19 a\u00f1os muere tras tr\u00e1gico derrape de moto al sur de Puebla"},"content":{"rendered":"\n<p class=\"wp-block-paragraph\"> <\/p>\n\n\n\n<p class=\"wp-block-paragraph\">El asfalto de la madrugada no perdona los excesos ni los descuidos. Una joven de apenas 19 a\u00f1os vio apagarse su futuro sobre el carril confinado de la RUTA, record\u00e1ndonos que la velocidad nocturna suele cobrar facturas irreversibles.<\/p>\n\n\n\n<p class=\"wp-block-paragraph\">Eran cerca de las 5:30 de la ma\u00f1ana de este s\u00e1bado cuando la cotidianidad de la colonia Flor del Sur se quebr\u00f3 de golpe. A la altura de la 149 Poniente y frente a las instalaciones de la empresa Lala, una motocicleta perdi\u00f3 el control, convirtiendo un trayecto cotidiano en una escena de dolor y desconcierto.<\/p>\n\n\n\n<p class=\"wp-block-paragraph\"><strong>Puntos clave del tr\u00e1gico percance<\/strong><\/p>\n\n\n\n<ul class=\"wp-block-list\">\n<li><strong>La v\u00edctima:<\/strong> Mariana F. \u00c1., de 19 a\u00f1os de edad, quien viajaba como acompa\u00f1ante en la unidad ligera.<\/li>\n\n\n\n<li><strong>El escenario:<\/strong> Avenida 11 Sur, a la altura de la 149 Poniente, carril de la RUTA, colonia Flor del Sur, Puebla.<\/li>\n\n\n\n<li><strong>La fecha y hora:<\/strong> Madrugada del s\u00e1bado, alrededor de las 5:30 horas.<\/li>\n\n\n\n<li><strong>El conductor:<\/strong> Retenido y puesto a disposici\u00f3n del Ministerio P\u00fablico mientras se investigan factores como posible alcoholemia y p\u00e9rdida de control.<\/li>\n\n\n\n<li><strong>Instituciones involucradas:<\/strong> Polic\u00eda Municipal, SSC y la Fiscal\u00eda General del Estado (Unidad Especializada en Materia de Vialidad).<\/li>\n<\/ul>\n\n\n\n<p class=\"wp-block-paragraph\">Testigos del sitio se\u00f1alaron la confusi\u00f3n inicial tras el impacto, donde el conductor, tras el violento derrape que dej\u00f3 a la joven tendida e inm\u00f3vil sobre el asfalto, se alej\u00f3 moment\u00e1neamente del punto antes de recibir atenci\u00f3n m\u00e9dica y quedar bajo custodia policial.<\/p>\n\n\n\n<p class=\"wp-block-paragraph\">Los peritos de la Secretar\u00eda de Seguridad Ciudadana levantaron los indicios necesarios para esclarecer si el olor a alcohol detectado de manera extraoficial, una falla mec\u00e1nica o el exceso de velocidad detonaron el accidente. La carpeta de investigaci\u00f3n ya se encuentra en manos de la Unidad Especializada en Materia de Vialidad de la FGE.<\/p>\n\n\n\n<p class=\"wp-block-paragraph\">Si quieres seguir esta y otras notas de inter\u00e9s en tiempo real, \u00fanete a nuestro canal de WhatsApp: <a target=\"_blank\" rel=\"noopener\" href=\"https:\/\/whatsapp.com\/channel\/0029Va5CSyuEQIalZaJWpX1h\">https:\/\/whatsapp.com\/channel\/0029Va5CSyuEQIalZaJWpX1h<\/a><\/p>\n\n\n\n<p class=\"wp-block-paragraph\">Las horas posteriores al impacto dejan al descubierto la fragilidad con la que se transita por las arterias principales de la capital cuando la precauci\u00f3n se ausenta del volante. Cada tragedia vial en las madrugadas poblanas expone una l\u00ednea delgada entre la fiesta y el luto. La seguridad vial no es solo un asunto de normativas, sino el pacto m\u00e1s fr\u00e1gil que sostenemos al compartir la ciudad.<\/p>\n\n\n\n<p class=\"wp-block-paragraph\">Escrito por Redacci\u00f3n Puebla En L\u00ednea<\/p>\n\n\n\n<p class=\"wp-block-paragraph\"><strong> <\/strong><\/p>\n\n\n\n<ol start=\"1\" class=\"wp-block-list\">\n<li>\u00bfQu\u00e9 se sabe del tr\u00e1gico derrape en la 11 Sur? Joven de 19 a\u00f1os pierde la vida en Puebla<\/li>\n\n\n\n<li>Madrugada fatal en Flor del Sur: Motocicleta derrapa frente a Lala y deja una v\u00edctima mortal<\/li>\n\n\n\n<li>Conductor detenido tras accidente en la RUTA: Lo que se sabe del choque al sur de Puebla<\/li>\n\n\n\n<li>Tragedia vial en Puebla: Investigar\u00e1n posibles causas tras muerte de joven en la 11 Sur<\/li>\n\n\n\n<li>De la madrugada al luto: As\u00ed fue el aparatoso percance que paraliz\u00f3 la vialidad en Puebla<\/li>\n<\/ol>\n\n\n\n<p class=\"wp-block-paragraph\"> accidente 11 Sur Puebla, derrape moto Flor del Sur, RUTA Puebla, FGE Puebla, notas rojas Puebla, noticias Puebla hoy, Mariana F A<\/p>\n","protected":false},"excerpt":{"rendered":"<p>El asfalto de la madrugada no perdona los excesos ni los descuidos. Una joven de apenas 19 a\u00f1os vio apagarse su futuro sobre el carril confinado de la RUTA, record\u00e1ndonos que la velocidad nocturna suele cobrar facturas irreversibles. Eran cerca de las 5:30 de la ma\u00f1ana de este s\u00e1bado cuando la cotidianidad de la colonia&#8230;<\/p>\n","protected":false},"author":2,"featured_media":134669,"comment_status":"closed","ping_status":"closed","sticky":false,"template":"","format":"standard","meta":{"footnotes":""},"categories":[24],"tags":[1399],"class_list":["post-134668","post","type-post","status-publish","format-standard","has-post-thumbnail","hentry","category-nota-roja","tag-accidente-puebla"],"yoast_head":"<!-- This site is optimized with the Yoast SEO plugin v28.0 - https:\/\/yoast.com\/product\/yoast-seo-wordpress\/ -->\n<title>\u00bfQu\u00e9 pas\u00f3 en la 11 Sur? Joven de 19 a\u00f1os muere tras tr\u00e1gico derrape de moto al sur de Puebla - Puebla En Linea<\/title>\n<meta name=\"description\" content=\"\u00bfQu\u00e9 pas\u00f3 en la 11 Sur? Joven de 19 a\u00f1os muere tras tr\u00e1gico derrape de moto al sur de Puebla Nota Roja\" \/>\n<meta name=\"robots\" content=\"index, follow, max-snippet:-1, max-image-preview:large, max-video-preview:-1\" \/>\n<link rel=\"canonical\" href=\"https:\/\/pueblaenlinea.com\/2025\/nota-roja\/que-paso-en-la-11-sur-joven-de-19-anos-muere-tras-tragico-derrape-de-moto-al-sur-de-puebla\/\" \/>\n<meta property=\"og:locale\" content=\"es_MX\" \/>\n<meta property=\"og:type\" content=\"article\" \/>\n<meta property=\"og:title\" content=\"\u00bfQu\u00e9 pas\u00f3 en la 11 Sur? Joven de 19 a\u00f1os muere tras tr\u00e1gico derrape de moto al sur de Puebla - Puebla En Linea\" \/>\n<meta property=\"og:description\" content=\"\u00bfQu\u00e9 pas\u00f3 en la 11 Sur? Joven de 19 a\u00f1os muere tras tr\u00e1gico derrape de moto al sur de Puebla Nota Roja\" \/>\n<meta property=\"og:url\" content=\"https:\/\/pueblaenlinea.com\/2025\/nota-roja\/que-paso-en-la-11-sur-joven-de-19-anos-muere-tras-tragico-derrape-de-moto-al-sur-de-puebla\/\" \/>\n<meta property=\"og:site_name\" content=\"Puebla En Linea\" \/>\n<meta property=\"article:publisher\" content=\"https:\/\/www.facebook.com\/pueblaenlineacom\" \/>\n<meta property=\"article:published_time\" content=\"2026-08-31T00:53:07+00:00\" \/>\n<meta property=\"article:modified_time\" content=\"2026-08-31T00:53:08+00:00\" \/>\n<meta property=\"og:image\" content=\"https:\/\/pueblaenlinea.com\/2025\/wp-content\/uploads\/2026\/08\/pel-211.jpg\" \/>\n\t<meta property=\"og:image:width\" content=\"1200\" \/>\n\t<meta property=\"og:image:height\" content=\"674\" \/>\n\t<meta property=\"og:image:type\" content=\"image\/jpeg\" \/>\n<meta name=\"author\" content=\"Puebla EnLinea\" \/>\n<meta name=\"twitter:card\" content=\"summary_large_image\" \/>\n<meta name=\"twitter:label1\" content=\"Escrito por\" \/>\n\t<meta name=\"twitter:data1\" content=\"Puebla EnLinea\" \/>\n\t<meta name=\"twitter:label2\" content=\"Tiempo de lectura\" \/>\n\t<meta name=\"twitter:data2\" content=\"3 minutos\" \/>\n<script type=\"application\/ld+json\" class=\"yoast-schema-graph\">{\"@context\":\"https:\\\/\\\/schema.org\",\"@graph\":[{\"@type\":\"Article\",\"@id\":\"https:\\\/\\\/pueblaenlinea.com\\\/2025\\\/nota-roja\\\/que-paso-en-la-11-sur-joven-de-19-anos-muere-tras-tragico-derrape-de-moto-al-sur-de-puebla\\\/#article\",\"isPartOf\":{\"@id\":\"https:\\\/\\\/pueblaenlinea.com\\\/2025\\\/nota-roja\\\/que-paso-en-la-11-sur-joven-de-19-anos-muere-tras-tragico-derrape-de-moto-al-sur-de-puebla\\\/\"},\"author\":{\"name\":\"Puebla EnLinea\",\"@id\":\"https:\\\/\\\/pueblaenlinea.com\\\/2025\\\/#\\\/schema\\\/person\\\/6e2e07bc4690564243accbe893d21877\"},\"headline\":\"\u00bfQu\u00e9 pas\u00f3 en la 11 Sur? Joven de 19 a\u00f1os muere tras tr\u00e1gico derrape de moto al sur de Puebla\",\"datePublished\":\"2026-08-31T00:53:07+00:00\",\"dateModified\":\"2026-08-31T00:53:08+00:00\",\"mainEntityOfPage\":{\"@id\":\"https:\\\/\\\/pueblaenlinea.com\\\/2025\\\/nota-roja\\\/que-paso-en-la-11-sur-joven-de-19-anos-muere-tras-tragico-derrape-de-moto-al-sur-de-puebla\\\/\"},\"wordCount\":530,\"image\":{\"@id\":\"https:\\\/\\\/pueblaenlinea.com\\\/2025\\\/nota-roja\\\/que-paso-en-la-11-sur-joven-de-19-anos-muere-tras-tragico-derrape-de-moto-al-sur-de-puebla\\\/#primaryimage\"},\"thumbnailUrl\":\"https:\\\/\\\/pueblaenlinea.com\\\/2025\\\/wp-content\\\/uploads\\\/2026\\\/08\\\/pel-211.jpg\",\"keywords\":[\"accidente puebla\"],\"articleSection\":[\"Nota Roja\"],\"inLanguage\":\"es\"},{\"@type\":\"WebPage\",\"@id\":\"https:\\\/\\\/pueblaenlinea.com\\\/2025\\\/nota-roja\\\/que-paso-en-la-11-sur-joven-de-19-anos-muere-tras-tragico-derrape-de-moto-al-sur-de-puebla\\\/\",\"url\":\"https:\\\/\\\/pueblaenlinea.com\\\/2025\\\/nota-roja\\\/que-paso-en-la-11-sur-joven-de-19-anos-muere-tras-tragico-derrape-de-moto-al-sur-de-puebla\\\/\",\"name\":\"\u00bfQu\u00e9 pas\u00f3 en la 11 Sur? Joven de 19 a\u00f1os muere tras tr\u00e1gico derrape de moto al sur de Puebla - Puebla En Linea\",\"isPartOf\":{\"@id\":\"https:\\\/\\\/pueblaenlinea.com\\\/2025\\\/#website\"},\"primaryImageOfPage\":{\"@id\":\"https:\\\/\\\/pueblaenlinea.com\\\/2025\\\/nota-roja\\\/que-paso-en-la-11-sur-joven-de-19-anos-muere-tras-tragico-derrape-de-moto-al-sur-de-puebla\\\/#primaryimage\"},\"image\":{\"@id\":\"https:\\\/\\\/pueblaenlinea.com\\\/2025\\\/nota-roja\\\/que-paso-en-la-11-sur-joven-de-19-anos-muere-tras-tragico-derrape-de-moto-al-sur-de-puebla\\\/#primaryimage\"},\"thumbnailUrl\":\"https:\\\/\\\/pueblaenlinea.com\\\/2025\\\/wp-content\\\/uploads\\\/2026\\\/08\\\/pel-211.jpg\",\"datePublished\":\"2026-08-31T00:53:07+00:00\",\"dateModified\":\"2026-08-31T00:53:08+00:00\",\"author\":{\"@id\":\"https:\\\/\\\/pueblaenlinea.com\\\/2025\\\/#\\\/schema\\\/person\\\/6e2e07bc4690564243accbe893d21877\"},\"description\":\"\u00bfQu\u00e9 pas\u00f3 en la 11 Sur? Joven de 19 a\u00f1os muere tras tr\u00e1gico derrape de moto al sur de Puebla Nota Roja\",\"breadcrumb\":{\"@id\":\"https:\\\/\\\/pueblaenlinea.com\\\/2025\\\/nota-roja\\\/que-paso-en-la-11-sur-joven-de-19-anos-muere-tras-tragico-derrape-de-moto-al-sur-de-puebla\\\/#breadcrumb\"},\"inLanguage\":\"es\",\"potentialAction\":[{\"@type\":\"ReadAction\",\"target\":[\"https:\\\/\\\/pueblaenlinea.com\\\/2025\\\/nota-roja\\\/que-paso-en-la-11-sur-joven-de-19-anos-muere-tras-tragico-derrape-de-moto-al-sur-de-puebla\\\/\"]}]},{\"@type\":\"ImageObject\",\"inLanguage\":\"es\",\"@id\":\"https:\\\/\\\/pueblaenlinea.com\\\/2025\\\/nota-roja\\\/que-paso-en-la-11-sur-joven-de-19-anos-muere-tras-tragico-derrape-de-moto-al-sur-de-puebla\\\/#primaryimage\",\"url\":\"https:\\\/\\\/pueblaenlinea.com\\\/2025\\\/wp-content\\\/uploads\\\/2026\\\/08\\\/pel-211.jpg\",\"contentUrl\":\"https:\\\/\\\/pueblaenlinea.com\\\/2025\\\/wp-content\\\/uploads\\\/2026\\\/08\\\/pel-211.jpg\",\"width\":1200,\"height\":674,\"caption\":\"motociclista11sur\"},{\"@type\":\"BreadcrumbList\",\"@id\":\"https:\\\/\\\/pueblaenlinea.com\\\/2025\\\/nota-roja\\\/que-paso-en-la-11-sur-joven-de-19-anos-muere-tras-tragico-derrape-de-moto-al-sur-de-puebla\\\/#breadcrumb\",\"itemListElement\":[{\"@type\":\"ListItem\",\"position\":1,\"name\":\"Inicio\",\"item\":\"https:\\\/\\\/pueblaenlinea.com\\\/2025\\\/\"},{\"@type\":\"ListItem\",\"position\":2,\"name\":\"\u00bfQu\u00e9 pas\u00f3 en la 11 Sur? Joven de 19 a\u00f1os muere tras tr\u00e1gico derrape de moto al sur de Puebla\"}]},{\"@type\":\"WebSite\",\"@id\":\"https:\\\/\\\/pueblaenlinea.com\\\/2025\\\/#website\",\"url\":\"https:\\\/\\\/pueblaenlinea.com\\\/2025\\\/\",\"name\":\"Puebla En Linea\",\"description\":\"noticias de puebla, periodismo serio y comprometido.\",\"potentialAction\":[{\"@type\":\"SearchAction\",\"target\":{\"@type\":\"EntryPoint\",\"urlTemplate\":\"https:\\\/\\\/pueblaenlinea.com\\\/2025\\\/?s={search_term_string}\"},\"query-input\":{\"@type\":\"PropertyValueSpecification\",\"valueRequired\":true,\"valueName\":\"search_term_string\"}}],\"inLanguage\":\"es\"},{\"@type\":\"Person\",\"@id\":\"https:\\\/\\\/pueblaenlinea.com\\\/2025\\\/#\\\/schema\\\/person\\\/6e2e07bc4690564243accbe893d21877\",\"name\":\"Puebla EnLinea\",\"image\":{\"@type\":\"ImageObject\",\"inLanguage\":\"es\",\"@id\":\"https:\\\/\\\/pueblaenlinea.com\\\/2025\\\/wp-content\\\/litespeed\\\/avatar\\\/3b8bde7acb3c32a2512cab1d325df9d8.jpg?ver=1787685560\",\"url\":\"https:\\\/\\\/pueblaenlinea.com\\\/2025\\\/wp-content\\\/litespeed\\\/avatar\\\/3b8bde7acb3c32a2512cab1d325df9d8.jpg?ver=1787685560\",\"contentUrl\":\"https:\\\/\\\/pueblaenlinea.com\\\/2025\\\/wp-content\\\/litespeed\\\/avatar\\\/3b8bde7acb3c32a2512cab1d325df9d8.jpg?ver=1787685560\",\"caption\":\"Puebla EnLinea\"},\"url\":\"https:\\\/\\\/pueblaenlinea.com\\\/2025\\\/author\\\/pueblaenlinea\\\/\"}]}<\/script>\n<!-- \/ Yoast SEO plugin. -->","yoast_head_json":{"title":"\u00bfQu\u00e9 pas\u00f3 en la 11 Sur? Joven de 19 a\u00f1os muere tras tr\u00e1gico derrape de moto al sur de Puebla - Puebla En Linea","description":"\u00bfQu\u00e9 pas\u00f3 en la 11 Sur? Joven de 19 a\u00f1os muere tras tr\u00e1gico derrape de moto al sur de Puebla Nota Roja","robots":{"index":"index","follow":"follow","max-snippet":"max-snippet:-1","max-image-preview":"max-image-preview:large","max-video-preview":"max-video-preview:-1"},"canonical":"https:\/\/pueblaenlinea.com\/2025\/nota-roja\/que-paso-en-la-11-sur-joven-de-19-anos-muere-tras-tragico-derrape-de-moto-al-sur-de-puebla\/","og_locale":"es_MX","og_type":"article","og_title":"\u00bfQu\u00e9 pas\u00f3 en la 11 Sur? Joven de 19 a\u00f1os muere tras tr\u00e1gico derrape de moto al sur de Puebla - Puebla En Linea","og_description":"\u00bfQu\u00e9 pas\u00f3 en la 11 Sur? Joven de 19 a\u00f1os muere tras tr\u00e1gico derrape de moto al sur de Puebla Nota Roja","og_url":"https:\/\/pueblaenlinea.com\/2025\/nota-roja\/que-paso-en-la-11-sur-joven-de-19-anos-muere-tras-tragico-derrape-de-moto-al-sur-de-puebla\/","og_site_name":"Puebla En Linea","article_publisher":"https:\/\/www.facebook.com\/pueblaenlineacom","article_published_time":"2026-08-31T00:53:07+00:00","article_modified_time":"2026-08-31T00:53:08+00:00","og_image":[{"width":1200,"height":674,"url":"https:\/\/pueblaenlinea.com\/2025\/wp-content\/uploads\/2026\/08\/pel-211.jpg","type":"image\/jpeg"}],"author":"Puebla EnLinea","twitter_card":"summary_large_image","twitter_misc":{"Escrito por":"Puebla EnLinea","Tiempo de lectura":"3 minutos"},"schema":{"@context":"https:\/\/schema.org","@graph":[{"@type":"Article","@id":"https:\/\/pueblaenlinea.com\/2025\/nota-roja\/que-paso-en-la-11-sur-joven-de-19-anos-muere-tras-tragico-derrape-de-moto-al-sur-de-puebla\/#article","isPartOf":{"@id":"https:\/\/pueblaenlinea.com\/2025\/nota-roja\/que-paso-en-la-11-sur-joven-de-19-anos-muere-tras-tragico-derrape-de-moto-al-sur-de-puebla\/"},"author":{"name":"Puebla EnLinea","@id":"https:\/\/pueblaenlinea.com\/2025\/#\/schema\/person\/6e2e07bc4690564243accbe893d21877"},"headline":"\u00bfQu\u00e9 pas\u00f3 en la 11 Sur? Joven de 19 a\u00f1os muere tras tr\u00e1gico derrape de moto al sur de Puebla","datePublished":"2026-08-31T00:53:07+00:00","dateModified":"2026-08-31T00:53:08+00:00","mainEntityOfPage":{"@id":"https:\/\/pueblaenlinea.com\/2025\/nota-roja\/que-paso-en-la-11-sur-joven-de-19-anos-muere-tras-tragico-derrape-de-moto-al-sur-de-puebla\/"},"wordCount":530,"image":{"@id":"https:\/\/pueblaenlinea.com\/2025\/nota-roja\/que-paso-en-la-11-sur-joven-de-19-anos-muere-tras-tragico-derrape-de-moto-al-sur-de-puebla\/#primaryimage"},"thumbnailUrl":"https:\/\/pueblaenlinea.com\/2025\/wp-content\/uploads\/2026\/08\/pel-211.jpg","keywords":["accidente puebla"],"articleSection":["Nota Roja"],"inLanguage":"es"},{"@type":"WebPage","@id":"https:\/\/pueblaenlinea.com\/2025\/nota-roja\/que-paso-en-la-11-sur-joven-de-19-anos-muere-tras-tragico-derrape-de-moto-al-sur-de-puebla\/","url":"https:\/\/pueblaenlinea.com\/2025\/nota-roja\/que-paso-en-la-11-sur-joven-de-19-anos-muere-tras-tragico-derrape-de-moto-al-sur-de-puebla\/","name":"\u00bfQu\u00e9 pas\u00f3 en la 11 Sur? Joven de 19 a\u00f1os muere tras tr\u00e1gico derrape de moto al sur de Puebla - Puebla En Linea","isPartOf":{"@id":"https:\/\/pueblaenlinea.com\/2025\/#website"},"primaryImageOfPage":{"@id":"https:\/\/pueblaenlinea.com\/2025\/nota-roja\/que-paso-en-la-11-sur-joven-de-19-anos-muere-tras-tragico-derrape-de-moto-al-sur-de-puebla\/#primaryimage"},"image":{"@id":"https:\/\/pueblaenlinea.com\/2025\/nota-roja\/que-paso-en-la-11-sur-joven-de-19-anos-muere-tras-tragico-derrape-de-moto-al-sur-de-puebla\/#primaryimage"},"thumbnailUrl":"https:\/\/pueblaenlinea.com\/2025\/wp-content\/uploads\/2026\/08\/pel-211.jpg","datePublished":"2026-08-31T00:53:07+00:00","dateModified":"2026-08-31T00:53:08+00:00","author":{"@id":"https:\/\/pueblaenlinea.com\/2025\/#\/schema\/person\/6e2e07bc4690564243accbe893d21877"},"description":"\u00bfQu\u00e9 pas\u00f3 en la 11 Sur? Joven de 19 a\u00f1os muere tras tr\u00e1gico derrape de moto al sur de Puebla Nota Roja","breadcrumb":{"@id":"https:\/\/pueblaenlinea.com\/2025\/nota-roja\/que-paso-en-la-11-sur-joven-de-19-anos-muere-tras-tragico-derrape-de-moto-al-sur-de-puebla\/#breadcrumb"},"inLanguage":"es","potentialAction":[{"@type":"ReadAction","target":["https:\/\/pueblaenlinea.com\/2025\/nota-roja\/que-paso-en-la-11-sur-joven-de-19-anos-muere-tras-tragico-derrape-de-moto-al-sur-de-puebla\/"]}]},{"@type":"ImageObject","inLanguage":"es","@id":"https:\/\/pueblaenlinea.com\/2025\/nota-roja\/que-paso-en-la-11-sur-joven-de-19-anos-muere-tras-tragico-derrape-de-moto-al-sur-de-puebla\/#primaryimage","url":"https:\/\/pueblaenlinea.com\/2025\/wp-content\/uploads\/2026\/08\/pel-211.jpg","contentUrl":"https:\/\/pueblaenlinea.com\/2025\/wp-content\/uploads\/2026\/08\/pel-211.jpg","width":1200,"height":674,"caption":"motociclista11sur"},{"@type":"BreadcrumbList","@id":"https:\/\/pueblaenlinea.com\/2025\/nota-roja\/que-paso-en-la-11-sur-joven-de-19-anos-muere-tras-tragico-derrape-de-moto-al-sur-de-puebla\/#breadcrumb","itemListElement":[{"@type":"ListItem","position":1,"name":"Inicio","item":"https:\/\/pueblaenlinea.com\/2025\/"},{"@type":"ListItem","position":2,"name":"\u00bfQu\u00e9 pas\u00f3 en la 11 Sur? Joven de 19 a\u00f1os muere tras tr\u00e1gico derrape de moto al sur de Puebla"}]},{"@type":"WebSite","@id":"https:\/\/pueblaenlinea.com\/2025\/#website","url":"https:\/\/pueblaenlinea.com\/2025\/","name":"Puebla En Linea","description":"noticias de puebla, periodismo serio y comprometido.","potentialAction":[{"@type":"SearchAction","target":{"@type":"EntryPoint","urlTemplate":"https:\/\/pueblaenlinea.com\/2025\/?s={search_term_string}"},"query-input":{"@type":"PropertyValueSpecification","valueRequired":true,"valueName":"search_term_string"}}],"inLanguage":"es"},{"@type":"Person","@id":"https:\/\/pueblaenlinea.com\/2025\/#\/schema\/person\/6e2e07bc4690564243accbe893d21877","name":"Puebla EnLinea","image":{"@type":"ImageObject","inLanguage":"es","@id":"https:\/\/pueblaenlinea.com\/2025\/wp-content\/litespeed\/avatar\/3b8bde7acb3c32a2512cab1d325df9d8.jpg?ver=1787685560","url":"https:\/\/pueblaenlinea.com\/2025\/wp-content\/litespeed\/avatar\/3b8bde7acb3c32a2512cab1d325df9d8.jpg?ver=1787685560","contentUrl":"https:\/\/pueblaenlinea.com\/2025\/wp-content\/litespeed\/avatar\/3b8bde7acb3c32a2512cab1d325df9d8.jpg?ver=1787685560","caption":"Puebla EnLinea"},"url":"https:\/\/pueblaenlinea.com\/2025\/author\/pueblaenlinea\/"}]}},"_links":{"self":[{"href":"https:\/\/pueblaenlinea.com\/2025\/wp-json\/wp\/v2\/posts\/134668","targetHints":{"allow":["GET"]}}],"collection":[{"href":"https:\/\/pueblaenlinea.com\/2025\/wp-json\/wp\/v2\/posts"}],"about":[{"href":"https:\/\/pueblaenlinea.com\/2025\/wp-json\/wp\/v2\/types\/post"}],"author":[{"embeddable":true,"href":"https:\/\/pueblaenlinea.com\/2025\/wp-json\/wp\/v2\/users\/2"}],"replies":[{"embeddable":true,"href":"https:\/\/pueblaenlinea.com\/2025\/wp-json\/wp\/v2\/comments?post=134668"}],"version-history":[{"count":0,"href":"https:\/\/pueblaenlinea.com\/2025\/wp-json\/wp\/v2\/posts\/134668\/revisions"}],"wp:featuredmedia":[{"embeddable":true,"href":"https:\/\/pueblaenlinea.com\/2025\/wp-json\/wp\/v2\/media\/134669"}],"wp:attachment":[{"href":"https:\/\/pueblaenlinea.com\/2025\/wp-json\/wp\/v2\/media?parent=134668"}],"wp:term":[{"taxonomy":"category","embeddable":true,"href":"https:\/\/pueblaenlinea.com\/2025\/wp-json\/wp\/v2\/categories?post=134668"},{"taxonomy":"post_tag","embeddable":true,"href":"https:\/\/pueblaenlinea.com\/2025\/wp-json\/wp\/v2\/tags?post=134668"}],"curies":[{"name":"wp","href":"https:\/\/api.w.org\/{rel}","templated":true}]}}