{"id":134666,"date":"2026-08-30T18:46:22","date_gmt":"2026-08-31T00:46:22","guid":{"rendered":"https:\/\/pueblaenlinea.com\/2025\/?p=134666"},"modified":"2026-08-30T18:46:22","modified_gmt":"2026-08-31T00:46:22","slug":"de-la-advertencia-al-plomo-asesinan-a-balazos-a-albanil-en-caminos-de-huaquechula","status":"publish","type":"post","link":"https:\/\/pueblaenlinea.com\/2025\/nota-roja\/de-la-advertencia-al-plomo-asesinan-a-balazos-a-albanil-en-caminos-de-huaquechula\/","title":{"rendered":"De la advertencia al plomo: Asesinan a balazos a alba\u00f1il en caminos de Huaquechula"},"content":{"rendered":"\n<p class=\"wp-block-paragraph\">El eco de las balas tiene una macabra costumbre de repetir sus citas en el mismo lugar, como si el destino de algunos hombres estuviera escrito con plomo en los polvorientos caminos de terracer\u00eda.<\/p>\n\n\n\n<p class=\"wp-block-paragraph\">Everardo R. C., un alba\u00f1il de 39 a\u00f1os, cre\u00eda haber ganado una pr\u00f3rroga cuando sobrevivi\u00f3 a un atentado anterior perpetrado exactamente en el mismo paraje de El Tronconal, en Huaquechula. Sin embargo, la tarde del s\u00e1bado, la violencia que ya lo hab\u00eda rozado regres\u00f3 con una precisi\u00f3n implacable para cerrarle el paso de forma definitiva.<\/p>\n\n\n\n<p class=\"wp-block-paragraph\">Las detonaciones rompieron la calma rural cerca de la telesecundaria Himno Nacional. Un vecino escuch\u00f3 cinco disparos, pero prefiri\u00f3 el prudente resguardo del miedo antes de asomarse a comprobar el horror que se gestaba entre los terrenos de cultivo. Fueron los elementos de la Polic\u00eda Municipal quienes confirmaron lo inevitable: Everardo yac\u00eda tendido sobre el camino con m\u00faltiples impactos, cuatro de ellos alojados con sa\u00f1a en la regi\u00f3n occipital y la espalda.<\/p>\n\n\n\n<p class=\"wp-block-paragraph\"><strong>Puntos clave del homicidio en Huaquechula<\/strong><\/p>\n\n\n\n<ul class=\"wp-block-list\">\n<li><strong>La v\u00edctima:<\/strong> Everardo R. C., de 39 a\u00f1os de edad, de oficio alba\u00f1il y con domicilio en la misma comunidad.<\/li>\n\n\n\n<li><strong>El escenario:<\/strong> Un camino de terracer\u00eda en la junta auxiliar de El Tronconal, zona rodeada de cultivos y carente de videovigilancia.<\/li>\n\n\n\n<li><strong>El antecedente:<\/strong> La v\u00edctima contaba con antecedentes penales por narcomenudeo desde 2024, hab\u00eda estado en prisi\u00f3n y ya hab\u00eda sufrido un atentado previo en el mismo sitio.<\/li>\n\n\n\n<li><strong>Los indicios:<\/strong> En el lugar fueron asegurados cuatro casquillos percutidos calibre 9 mil\u00edmetros y una ojiva deformada.<\/li>\n\n\n\n<li><strong>Estatus legal:<\/strong> La Fiscal\u00eda General del Estado abri\u00f3 la carpeta de investigaci\u00f3n FGEP\/CDI\/CGEIHD\/IZUCARMAT-I\/000366\/2026 por el delito de homicidio doloso.<\/li>\n<\/ul>\n\n\n\n<p class=\"wp-block-paragraph\">La historia de Everardo estaba marcada por sombras previas que la justicia conoc\u00eda bien. Tras salir recientemente de prisi\u00f3n por delitos contra la salud, su regreso a los mismos parajes se convirti\u00f3 en una cr\u00f3nica de muerte anunciada. Fue su hermana Cipriana quien acudi\u00f3 a reconocer formalmente el cuerpo, poniendo rostro y nombre al dolor de una familia que atestigua el vaciamiento de una vida en la soledad de la Mixteca.<\/p>\n\n\n\n<p class=\"wp-block-paragraph\">Si quieres seguir esta y otras notas de inter\u00e9s en tiempo real, \u00fanete a nuestro canal de WhatsApp: <a target=\"_blank\" rel=\"noopener\" href=\"https:\/\/whatsapp.com\/channel\/0029Va5CSyuEQIalZaJWpX1h\">https:\/\/whatsapp.com\/channel\/0029Va5CSyuEQIalZaJWpX1h<\/a><\/p>\n\n\n\n<p class=\"wp-block-paragraph\">La ausencia de c\u00e1maras de seguridad entre los sembrad\u00edos de El Tronconal complica el rastro de los agresores, quienes huyeron con la misma facilidad con la que aparecieron. Cuando el pasado de un hombre se convierte en su propia sentencia, la violencia rural se reduce a una estad\u00edstica fr\u00eda que vuelve a cumplirse sin tregua en los rincones olvidados del estado.<\/p>\n\n\n\n<p class=\"wp-block-paragraph\">Escrito por Redacci\u00f3n Puebla En L\u00ednea<\/p>\n\n\n\n<p class=\"wp-block-paragraph\"><strong> <\/strong><\/p>\n\n\n\n<ol start=\"1\" class=\"wp-block-list\">\n<li>De la advertencia al plomo: Asesinan a balazos a alba\u00f1il en caminos de Huaquechula<\/li>\n\n\n\n<li>Sobrevivi\u00f3 a un atentado previo, pero lo cazan en El Tronconal: Lo que se sabe del crimen<\/li>\n\n\n\n<li>Identifican a hombre ejecutado en terracer\u00eda de Puebla; contaba con antecedentes penales<\/li>\n\n\n\n<li>Cuatro casquillos y un historial criminal: Investigan homicidio doloso en Huaquechula<\/li>\n\n\n\n<li>La cr\u00f3nica de una muerte anunciada: Matan a balazos a exrecluso en zona rural de Puebla<\/li>\n<\/ol>\n\n\n\n<p class=\"wp-block-paragraph\"> <\/p>\n","protected":false},"excerpt":{"rendered":"<p>El eco de las balas tiene una macabra costumbre de repetir sus citas en el mismo lugar, como si el destino de algunos hombres estuviera escrito con plomo en los polvorientos caminos de terracer\u00eda. Everardo R. C., un alba\u00f1il de 39 a\u00f1os, cre\u00eda haber ganado una pr\u00f3rroga cuando sobrevivi\u00f3 a un atentado anterior perpetrado exactamente&#8230;<\/p>\n","protected":false},"author":2,"featured_media":134667,"comment_status":"closed","ping_status":"closed","sticky":false,"template":"","format":"standard","meta":{"footnotes":""},"categories":[24],"tags":[1401],"class_list":["post-134666","post","type-post","status-publish","format-standard","has-post-thumbnail","hentry","category-nota-roja","tag-asesinato-puebla"],"yoast_head":"<!-- This site is optimized with the Yoast SEO plugin v28.0 - https:\/\/yoast.com\/product\/yoast-seo-wordpress\/ -->\n<title>De la advertencia al plomo: Asesinan a balazos a alba\u00f1il en caminos de Huaquechula - Puebla En Linea<\/title>\n<meta name=\"description\" content=\"De la advertencia al plomo: Asesinan a balazos a alba\u00f1il en caminos de Huaquechula Nota Roja\" \/>\n<meta name=\"robots\" content=\"index, follow, max-snippet:-1, max-image-preview:large, max-video-preview:-1\" \/>\n<link rel=\"canonical\" href=\"https:\/\/pueblaenlinea.com\/2025\/nota-roja\/de-la-advertencia-al-plomo-asesinan-a-balazos-a-albanil-en-caminos-de-huaquechula\/\" \/>\n<meta property=\"og:locale\" content=\"es_MX\" \/>\n<meta property=\"og:type\" content=\"article\" \/>\n<meta property=\"og:title\" content=\"De la advertencia al plomo: Asesinan a balazos a alba\u00f1il en caminos de Huaquechula - Puebla En Linea\" \/>\n<meta property=\"og:description\" content=\"De la advertencia al plomo: Asesinan a balazos a alba\u00f1il en caminos de Huaquechula Nota Roja\" \/>\n<meta property=\"og:url\" content=\"https:\/\/pueblaenlinea.com\/2025\/nota-roja\/de-la-advertencia-al-plomo-asesinan-a-balazos-a-albanil-en-caminos-de-huaquechula\/\" \/>\n<meta property=\"og:site_name\" content=\"Puebla En Linea\" \/>\n<meta property=\"article:publisher\" content=\"https:\/\/www.facebook.com\/pueblaenlineacom\" \/>\n<meta property=\"article:published_time\" content=\"2026-08-31T00:46:22+00:00\" \/>\n<meta property=\"og:image\" content=\"https:\/\/pueblaenlinea.com\/2025\/wp-content\/uploads\/2026\/08\/pel-210.jpg\" \/>\n\t<meta property=\"og:image:width\" content=\"1200\" \/>\n\t<meta property=\"og:image:height\" content=\"674\" \/>\n\t<meta property=\"og:image:type\" content=\"image\/jpeg\" \/>\n<meta name=\"author\" content=\"Puebla EnLinea\" \/>\n<meta name=\"twitter:card\" content=\"summary_large_image\" \/>\n<meta name=\"twitter:label1\" content=\"Escrito por\" \/>\n\t<meta name=\"twitter:data1\" content=\"Puebla EnLinea\" \/>\n\t<meta name=\"twitter:label2\" content=\"Tiempo de lectura\" \/>\n\t<meta name=\"twitter:data2\" content=\"3 minutos\" \/>\n<script type=\"application\/ld+json\" class=\"yoast-schema-graph\">{\"@context\":\"https:\\\/\\\/schema.org\",\"@graph\":[{\"@type\":\"Article\",\"@id\":\"https:\\\/\\\/pueblaenlinea.com\\\/2025\\\/nota-roja\\\/de-la-advertencia-al-plomo-asesinan-a-balazos-a-albanil-en-caminos-de-huaquechula\\\/#article\",\"isPartOf\":{\"@id\":\"https:\\\/\\\/pueblaenlinea.com\\\/2025\\\/nota-roja\\\/de-la-advertencia-al-plomo-asesinan-a-balazos-a-albanil-en-caminos-de-huaquechula\\\/\"},\"author\":{\"name\":\"Puebla EnLinea\",\"@id\":\"https:\\\/\\\/pueblaenlinea.com\\\/2025\\\/#\\\/schema\\\/person\\\/6e2e07bc4690564243accbe893d21877\"},\"headline\":\"De la advertencia al plomo: Asesinan a balazos a alba\u00f1il en caminos de Huaquechula\",\"datePublished\":\"2026-08-31T00:46:22+00:00\",\"mainEntityOfPage\":{\"@id\":\"https:\\\/\\\/pueblaenlinea.com\\\/2025\\\/nota-roja\\\/de-la-advertencia-al-plomo-asesinan-a-balazos-a-albanil-en-caminos-de-huaquechula\\\/\"},\"wordCount\":555,\"image\":{\"@id\":\"https:\\\/\\\/pueblaenlinea.com\\\/2025\\\/nota-roja\\\/de-la-advertencia-al-plomo-asesinan-a-balazos-a-albanil-en-caminos-de-huaquechula\\\/#primaryimage\"},\"thumbnailUrl\":\"https:\\\/\\\/pueblaenlinea.com\\\/2025\\\/wp-content\\\/uploads\\\/2026\\\/08\\\/pel-210.jpg\",\"keywords\":[\"asesinato puebla\"],\"articleSection\":[\"Nota Roja\"],\"inLanguage\":\"es\"},{\"@type\":\"WebPage\",\"@id\":\"https:\\\/\\\/pueblaenlinea.com\\\/2025\\\/nota-roja\\\/de-la-advertencia-al-plomo-asesinan-a-balazos-a-albanil-en-caminos-de-huaquechula\\\/\",\"url\":\"https:\\\/\\\/pueblaenlinea.com\\\/2025\\\/nota-roja\\\/de-la-advertencia-al-plomo-asesinan-a-balazos-a-albanil-en-caminos-de-huaquechula\\\/\",\"name\":\"De la advertencia al plomo: Asesinan a balazos a alba\u00f1il en caminos de Huaquechula - Puebla En Linea\",\"isPartOf\":{\"@id\":\"https:\\\/\\\/pueblaenlinea.com\\\/2025\\\/#website\"},\"primaryImageOfPage\":{\"@id\":\"https:\\\/\\\/pueblaenlinea.com\\\/2025\\\/nota-roja\\\/de-la-advertencia-al-plomo-asesinan-a-balazos-a-albanil-en-caminos-de-huaquechula\\\/#primaryimage\"},\"image\":{\"@id\":\"https:\\\/\\\/pueblaenlinea.com\\\/2025\\\/nota-roja\\\/de-la-advertencia-al-plomo-asesinan-a-balazos-a-albanil-en-caminos-de-huaquechula\\\/#primaryimage\"},\"thumbnailUrl\":\"https:\\\/\\\/pueblaenlinea.com\\\/2025\\\/wp-content\\\/uploads\\\/2026\\\/08\\\/pel-210.jpg\",\"datePublished\":\"2026-08-31T00:46:22+00:00\",\"author\":{\"@id\":\"https:\\\/\\\/pueblaenlinea.com\\\/2025\\\/#\\\/schema\\\/person\\\/6e2e07bc4690564243accbe893d21877\"},\"description\":\"De la advertencia al plomo: Asesinan a balazos a alba\u00f1il en caminos de Huaquechula Nota Roja\",\"breadcrumb\":{\"@id\":\"https:\\\/\\\/pueblaenlinea.com\\\/2025\\\/nota-roja\\\/de-la-advertencia-al-plomo-asesinan-a-balazos-a-albanil-en-caminos-de-huaquechula\\\/#breadcrumb\"},\"inLanguage\":\"es\",\"potentialAction\":[{\"@type\":\"ReadAction\",\"target\":[\"https:\\\/\\\/pueblaenlinea.com\\\/2025\\\/nota-roja\\\/de-la-advertencia-al-plomo-asesinan-a-balazos-a-albanil-en-caminos-de-huaquechula\\\/\"]}]},{\"@type\":\"ImageObject\",\"inLanguage\":\"es\",\"@id\":\"https:\\\/\\\/pueblaenlinea.com\\\/2025\\\/nota-roja\\\/de-la-advertencia-al-plomo-asesinan-a-balazos-a-albanil-en-caminos-de-huaquechula\\\/#primaryimage\",\"url\":\"https:\\\/\\\/pueblaenlinea.com\\\/2025\\\/wp-content\\\/uploads\\\/2026\\\/08\\\/pel-210.jpg\",\"contentUrl\":\"https:\\\/\\\/pueblaenlinea.com\\\/2025\\\/wp-content\\\/uploads\\\/2026\\\/08\\\/pel-210.jpg\",\"width\":1200,\"height\":674,\"caption\":\"Everardo R. C\"},{\"@type\":\"BreadcrumbList\",\"@id\":\"https:\\\/\\\/pueblaenlinea.com\\\/2025\\\/nota-roja\\\/de-la-advertencia-al-plomo-asesinan-a-balazos-a-albanil-en-caminos-de-huaquechula\\\/#breadcrumb\",\"itemListElement\":[{\"@type\":\"ListItem\",\"position\":1,\"name\":\"Inicio\",\"item\":\"https:\\\/\\\/pueblaenlinea.com\\\/2025\\\/\"},{\"@type\":\"ListItem\",\"position\":2,\"name\":\"De la advertencia al plomo: Asesinan a balazos a alba\u00f1il en caminos de Huaquechula\"}]},{\"@type\":\"WebSite\",\"@id\":\"https:\\\/\\\/pueblaenlinea.com\\\/2025\\\/#website\",\"url\":\"https:\\\/\\\/pueblaenlinea.com\\\/2025\\\/\",\"name\":\"Puebla En Linea\",\"description\":\"noticias de puebla, periodismo serio y comprometido.\",\"potentialAction\":[{\"@type\":\"SearchAction\",\"target\":{\"@type\":\"EntryPoint\",\"urlTemplate\":\"https:\\\/\\\/pueblaenlinea.com\\\/2025\\\/?s={search_term_string}\"},\"query-input\":{\"@type\":\"PropertyValueSpecification\",\"valueRequired\":true,\"valueName\":\"search_term_string\"}}],\"inLanguage\":\"es\"},{\"@type\":\"Person\",\"@id\":\"https:\\\/\\\/pueblaenlinea.com\\\/2025\\\/#\\\/schema\\\/person\\\/6e2e07bc4690564243accbe893d21877\",\"name\":\"Puebla EnLinea\",\"image\":{\"@type\":\"ImageObject\",\"inLanguage\":\"es\",\"@id\":\"https:\\\/\\\/pueblaenlinea.com\\\/2025\\\/wp-content\\\/litespeed\\\/avatar\\\/3b8bde7acb3c32a2512cab1d325df9d8.jpg?ver=1787685560\",\"url\":\"https:\\\/\\\/pueblaenlinea.com\\\/2025\\\/wp-content\\\/litespeed\\\/avatar\\\/3b8bde7acb3c32a2512cab1d325df9d8.jpg?ver=1787685560\",\"contentUrl\":\"https:\\\/\\\/pueblaenlinea.com\\\/2025\\\/wp-content\\\/litespeed\\\/avatar\\\/3b8bde7acb3c32a2512cab1d325df9d8.jpg?ver=1787685560\",\"caption\":\"Puebla EnLinea\"},\"url\":\"https:\\\/\\\/pueblaenlinea.com\\\/2025\\\/author\\\/pueblaenlinea\\\/\"}]}<\/script>\n<!-- \/ Yoast SEO plugin. -->","yoast_head_json":{"title":"De la advertencia al plomo: Asesinan a balazos a alba\u00f1il en caminos de Huaquechula - Puebla En Linea","description":"De la advertencia al plomo: Asesinan a balazos a alba\u00f1il en caminos de Huaquechula Nota Roja","robots":{"index":"index","follow":"follow","max-snippet":"max-snippet:-1","max-image-preview":"max-image-preview:large","max-video-preview":"max-video-preview:-1"},"canonical":"https:\/\/pueblaenlinea.com\/2025\/nota-roja\/de-la-advertencia-al-plomo-asesinan-a-balazos-a-albanil-en-caminos-de-huaquechula\/","og_locale":"es_MX","og_type":"article","og_title":"De la advertencia al plomo: Asesinan a balazos a alba\u00f1il en caminos de Huaquechula - Puebla En Linea","og_description":"De la advertencia al plomo: Asesinan a balazos a alba\u00f1il en caminos de Huaquechula Nota Roja","og_url":"https:\/\/pueblaenlinea.com\/2025\/nota-roja\/de-la-advertencia-al-plomo-asesinan-a-balazos-a-albanil-en-caminos-de-huaquechula\/","og_site_name":"Puebla En Linea","article_publisher":"https:\/\/www.facebook.com\/pueblaenlineacom","article_published_time":"2026-08-31T00:46:22+00:00","og_image":[{"width":1200,"height":674,"url":"https:\/\/pueblaenlinea.com\/2025\/wp-content\/uploads\/2026\/08\/pel-210.jpg","type":"image\/jpeg"}],"author":"Puebla EnLinea","twitter_card":"summary_large_image","twitter_misc":{"Escrito por":"Puebla EnLinea","Tiempo de lectura":"3 minutos"},"schema":{"@context":"https:\/\/schema.org","@graph":[{"@type":"Article","@id":"https:\/\/pueblaenlinea.com\/2025\/nota-roja\/de-la-advertencia-al-plomo-asesinan-a-balazos-a-albanil-en-caminos-de-huaquechula\/#article","isPartOf":{"@id":"https:\/\/pueblaenlinea.com\/2025\/nota-roja\/de-la-advertencia-al-plomo-asesinan-a-balazos-a-albanil-en-caminos-de-huaquechula\/"},"author":{"name":"Puebla EnLinea","@id":"https:\/\/pueblaenlinea.com\/2025\/#\/schema\/person\/6e2e07bc4690564243accbe893d21877"},"headline":"De la advertencia al plomo: Asesinan a balazos a alba\u00f1il en caminos de Huaquechula","datePublished":"2026-08-31T00:46:22+00:00","mainEntityOfPage":{"@id":"https:\/\/pueblaenlinea.com\/2025\/nota-roja\/de-la-advertencia-al-plomo-asesinan-a-balazos-a-albanil-en-caminos-de-huaquechula\/"},"wordCount":555,"image":{"@id":"https:\/\/pueblaenlinea.com\/2025\/nota-roja\/de-la-advertencia-al-plomo-asesinan-a-balazos-a-albanil-en-caminos-de-huaquechula\/#primaryimage"},"thumbnailUrl":"https:\/\/pueblaenlinea.com\/2025\/wp-content\/uploads\/2026\/08\/pel-210.jpg","keywords":["asesinato puebla"],"articleSection":["Nota Roja"],"inLanguage":"es"},{"@type":"WebPage","@id":"https:\/\/pueblaenlinea.com\/2025\/nota-roja\/de-la-advertencia-al-plomo-asesinan-a-balazos-a-albanil-en-caminos-de-huaquechula\/","url":"https:\/\/pueblaenlinea.com\/2025\/nota-roja\/de-la-advertencia-al-plomo-asesinan-a-balazos-a-albanil-en-caminos-de-huaquechula\/","name":"De la advertencia al plomo: Asesinan a balazos a alba\u00f1il en caminos de Huaquechula - Puebla En Linea","isPartOf":{"@id":"https:\/\/pueblaenlinea.com\/2025\/#website"},"primaryImageOfPage":{"@id":"https:\/\/pueblaenlinea.com\/2025\/nota-roja\/de-la-advertencia-al-plomo-asesinan-a-balazos-a-albanil-en-caminos-de-huaquechula\/#primaryimage"},"image":{"@id":"https:\/\/pueblaenlinea.com\/2025\/nota-roja\/de-la-advertencia-al-plomo-asesinan-a-balazos-a-albanil-en-caminos-de-huaquechula\/#primaryimage"},"thumbnailUrl":"https:\/\/pueblaenlinea.com\/2025\/wp-content\/uploads\/2026\/08\/pel-210.jpg","datePublished":"2026-08-31T00:46:22+00:00","author":{"@id":"https:\/\/pueblaenlinea.com\/2025\/#\/schema\/person\/6e2e07bc4690564243accbe893d21877"},"description":"De la advertencia al plomo: Asesinan a balazos a alba\u00f1il en caminos de Huaquechula Nota Roja","breadcrumb":{"@id":"https:\/\/pueblaenlinea.com\/2025\/nota-roja\/de-la-advertencia-al-plomo-asesinan-a-balazos-a-albanil-en-caminos-de-huaquechula\/#breadcrumb"},"inLanguage":"es","potentialAction":[{"@type":"ReadAction","target":["https:\/\/pueblaenlinea.com\/2025\/nota-roja\/de-la-advertencia-al-plomo-asesinan-a-balazos-a-albanil-en-caminos-de-huaquechula\/"]}]},{"@type":"ImageObject","inLanguage":"es","@id":"https:\/\/pueblaenlinea.com\/2025\/nota-roja\/de-la-advertencia-al-plomo-asesinan-a-balazos-a-albanil-en-caminos-de-huaquechula\/#primaryimage","url":"https:\/\/pueblaenlinea.com\/2025\/wp-content\/uploads\/2026\/08\/pel-210.jpg","contentUrl":"https:\/\/pueblaenlinea.com\/2025\/wp-content\/uploads\/2026\/08\/pel-210.jpg","width":1200,"height":674,"caption":"Everardo R. C"},{"@type":"BreadcrumbList","@id":"https:\/\/pueblaenlinea.com\/2025\/nota-roja\/de-la-advertencia-al-plomo-asesinan-a-balazos-a-albanil-en-caminos-de-huaquechula\/#breadcrumb","itemListElement":[{"@type":"ListItem","position":1,"name":"Inicio","item":"https:\/\/pueblaenlinea.com\/2025\/"},{"@type":"ListItem","position":2,"name":"De la advertencia al plomo: Asesinan a balazos a alba\u00f1il en caminos de Huaquechula"}]},{"@type":"WebSite","@id":"https:\/\/pueblaenlinea.com\/2025\/#website","url":"https:\/\/pueblaenlinea.com\/2025\/","name":"Puebla En Linea","description":"noticias de puebla, periodismo serio y comprometido.","potentialAction":[{"@type":"SearchAction","target":{"@type":"EntryPoint","urlTemplate":"https:\/\/pueblaenlinea.com\/2025\/?s={search_term_string}"},"query-input":{"@type":"PropertyValueSpecification","valueRequired":true,"valueName":"search_term_string"}}],"inLanguage":"es"},{"@type":"Person","@id":"https:\/\/pueblaenlinea.com\/2025\/#\/schema\/person\/6e2e07bc4690564243accbe893d21877","name":"Puebla EnLinea","image":{"@type":"ImageObject","inLanguage":"es","@id":"https:\/\/pueblaenlinea.com\/2025\/wp-content\/litespeed\/avatar\/3b8bde7acb3c32a2512cab1d325df9d8.jpg?ver=1787685560","url":"https:\/\/pueblaenlinea.com\/2025\/wp-content\/litespeed\/avatar\/3b8bde7acb3c32a2512cab1d325df9d8.jpg?ver=1787685560","contentUrl":"https:\/\/pueblaenlinea.com\/2025\/wp-content\/litespeed\/avatar\/3b8bde7acb3c32a2512cab1d325df9d8.jpg?ver=1787685560","caption":"Puebla EnLinea"},"url":"https:\/\/pueblaenlinea.com\/2025\/author\/pueblaenlinea\/"}]}},"_links":{"self":[{"href":"https:\/\/pueblaenlinea.com\/2025\/wp-json\/wp\/v2\/posts\/134666","targetHints":{"allow":["GET"]}}],"collection":[{"href":"https:\/\/pueblaenlinea.com\/2025\/wp-json\/wp\/v2\/posts"}],"about":[{"href":"https:\/\/pueblaenlinea.com\/2025\/wp-json\/wp\/v2\/types\/post"}],"author":[{"embeddable":true,"href":"https:\/\/pueblaenlinea.com\/2025\/wp-json\/wp\/v2\/users\/2"}],"replies":[{"embeddable":true,"href":"https:\/\/pueblaenlinea.com\/2025\/wp-json\/wp\/v2\/comments?post=134666"}],"version-history":[{"count":0,"href":"https:\/\/pueblaenlinea.com\/2025\/wp-json\/wp\/v2\/posts\/134666\/revisions"}],"wp:featuredmedia":[{"embeddable":true,"href":"https:\/\/pueblaenlinea.com\/2025\/wp-json\/wp\/v2\/media\/134667"}],"wp:attachment":[{"href":"https:\/\/pueblaenlinea.com\/2025\/wp-json\/wp\/v2\/media?parent=134666"}],"wp:term":[{"taxonomy":"category","embeddable":true,"href":"https:\/\/pueblaenlinea.com\/2025\/wp-json\/wp\/v2\/categories?post=134666"},{"taxonomy":"post_tag","embeddable":true,"href":"https:\/\/pueblaenlinea.com\/2025\/wp-json\/wp\/v2\/tags?post=134666"}],"curies":[{"name":"wp","href":"https:\/\/api.w.org\/{rel}","templated":true}]}}