{"id":134664,"date":"2026-08-30T18:42:04","date_gmt":"2026-08-31T00:42:04","guid":{"rendered":"https:\/\/pueblaenlinea.com\/2025\/?p=134664"},"modified":"2026-08-30T18:42:05","modified_gmt":"2026-08-31T00:42:05","slug":"hallan-a-hombre-sin-vida-con-huellas-de-violencia-en-el-patio-de-una-casa-en-villa-alegre-puebla","status":"publish","type":"post","link":"https:\/\/pueblaenlinea.com\/2025\/nota-roja\/hallan-a-hombre-sin-vida-con-huellas-de-violencia-en-el-patio-de-una-casa-en-villa-alegre-puebla\/","title":{"rendered":"Hallan a hombre sin vida con huellas de violencia en el patio de una casa en Villa Alegre, Puebla"},"content":{"rendered":"\n<p class=\"wp-block-paragraph\"> <\/p>\n\n\n\n<p class=\"wp-block-paragraph\">\u00bfQu\u00e9 se esconde detr\u00e1s de las paredes de una unidad habitacional cuando la rutina se quiebra de golpe? La ma\u00f1ana de este domingo, la aparente tranquilidad de Villa Alegre dio paso a la estupefacci\u00f3n y al dolor tras el hallazgo de un cuerpo que revela, una vez m\u00e1s, los rincones oscuros de la violencia urbana.<\/p>\n\n\n\n<p class=\"wp-block-paragraph\">A veces la tragedia no avisa con estruendos en las grandes avenidas, sino que se instala sigilosa en el patio trasero de un domicilio com\u00fan. Lo que comenz\u00f3 como el reporte de una persona inconsciente termin\u00f3 por convertirse en la escena de un crimen bajo investigaci\u00f3n ministerial.<\/p>\n\n\n\n<p class=\"wp-block-paragraph\"><strong>Puntos clave del hallazgo<\/strong><\/p>\n\n\n\n<ul class=\"wp-block-list\">\n<li><strong>Fecha:<\/strong> Domingo 30 de agosto de 2026, por la ma\u00f1ana.<\/li>\n\n\n\n<li><strong>El escenario:<\/strong> Calle General Antonio \u00c1lvarez, Unidad Habitacional Villa Alegre, Puebla capital.<\/li>\n\n\n\n<li><strong>La v\u00edctima:<\/strong> Hombre de aproximadamente 60 a\u00f1os, tez morena, cabello negro con canas, sin identificar oficialmente.<\/li>\n\n\n\n<li><strong>El reporte:<\/strong> Encontrado en el patio de una vivienda con lesiones visibles en rostro, t\u00f3rax y abdomen.<\/li>\n\n\n\n<li><strong>Instituciones:<\/strong> Intervenci\u00f3n de la SSC, param\u00e9dicos, FGE y SEMEFO para el levantamiento de indicios.<\/li>\n<\/ul>\n\n\n\n<p class=\"wp-block-paragraph\">El protocolo cotidiano de auxilio se activ\u00f3 cuando una vecina solicit\u00f3 ayuda al percatarse de que el hombre no respond\u00eda. La conjetura inicial sobre un posible estado de ebriedad se desvaneci\u00f3 con la llegada de los param\u00e9dicos de la Secretar\u00eda de Seguridad Ciudadana, quienes confirmaron el deceso y documentaron las se\u00f1ales inequ\u00edvocas de violencia f\u00edsica.<\/p>\n\n\n\n<p class=\"wp-block-paragraph\">Mientras el per\u00edmetro quedaba bajo el fr\u00edo resguardo de los sellos y las cintas de precauci\u00f3n, los residentes de la zona observaban con la mezcla habitual de miedo y resignaci\u00f3n c\u00f3mo la muerte volv\u00eda a cruzar el umbral de un hogar vecino.<\/p>\n\n\n\n<p class=\"wp-block-paragraph\">Si quieres seguir esta y otras notas de inter\u00e9s en tiempo real, \u00fanete a nuestro canal de WhatsApp: <a target=\"_blank\" rel=\"noopener\" href=\"https:\/\/whatsapp.com\/channel\/0029Va5CSyuEQIalZaJWpX1h\">https:\/\/whatsapp.com\/channel\/0029Va5CSyuEQIalZaJWpX1h<\/a><\/p>\n\n\n\n<p class=\"wp-block-paragraph\">La Fiscal\u00eda General del Estado y el Servicio M\u00e9dico Forense asumieron el control de las diligencias para determinar la identidad de la v\u00edctima y desentra\u00f1ar las circunstancias que condujeron a este desenlace.<\/p>\n\n\n\n<p class=\"wp-block-paragraph\">La vulnerabilidad de la vida cotidiana se desnuda cuando el espacio que consideramos m\u00e1s seguro se convierte en el \u00faltimo refugio de la violencia. La verdadera medida de una comunidad se juega en c\u00f3mo responde ante las muertes silenciosas que ocurren a solo unos pasos de nuestra propia puerta.<\/p>\n\n\n\n<p class=\"wp-block-paragraph\">Escrito por Redacci\u00f3n Puebla En L\u00ednea<\/p>\n\n\n\n<p class=\"wp-block-paragraph\"><strong>T\u00edtulos alternativos para redes sociales<\/strong><\/p>\n\n\n\n<ol start=\"1\" class=\"wp-block-list\">\n<li>\u00bfQu\u00e9 pas\u00f3 en Villa Alegre? Hallan a hombre sin vida con huellas de violencia en Puebla<\/li>\n\n\n\n<li>Tragedia dominical: Localizan a adulto mayor sin vida en el patio de una casa<\/li>\n\n\n\n<li>Muerte enigm\u00e1tica en la capital: Investigan hallazgo de cuerpo con lesiones en Villa Alegre<\/li>\n\n\n\n<li>De la sorpresa al horror: Hallan cad\u00e1ver con signos de violencia en unidad habitacional<\/li>\n\n\n\n<li>Movilizaci\u00f3n policial en Puebla: FGE investiga homicidio de hombre de 60 a\u00f1os<\/li>\n<\/ol>\n\n\n\n<p class=\"wp-block-paragraph\"><strong>Tags SEO<\/strong> Villa Alegre Puebla, hallazgo cuerpo Puebla, FGE Puebla, SSC Puebla, notas rojas Puebla, noticias Puebla hoy, homicidio Puebla, SEMEFO<\/p>\n","protected":false},"excerpt":{"rendered":"<p>\u00bfQu\u00e9 se esconde detr\u00e1s de las paredes de una unidad habitacional cuando la rutina se quiebra de golpe? La ma\u00f1ana de este domingo, la aparente tranquilidad de Villa Alegre dio paso a la estupefacci\u00f3n y al dolor tras el hallazgo de un cuerpo que revela, una vez m\u00e1s, los rincones oscuros de la violencia urbana&#8230;.<\/p>\n","protected":false},"author":2,"featured_media":134665,"comment_status":"closed","ping_status":"closed","sticky":false,"template":"","format":"standard","meta":{"footnotes":""},"categories":[24],"tags":[1407],"class_list":["post-134664","post","type-post","status-publish","format-standard","has-post-thumbnail","hentry","category-nota-roja","tag-asesinato"],"yoast_head":"<!-- This site is optimized with the Yoast SEO plugin v28.0 - https:\/\/yoast.com\/product\/yoast-seo-wordpress\/ -->\n<title>Hallan a hombre sin vida con huellas de violencia en el patio de una casa en Villa Alegre, Puebla - Puebla En Linea<\/title>\n<meta name=\"description\" content=\"Hallan a hombre sin vida con huellas de violencia en el patio de una casa en Villa Alegre, Puebla Nota Roja\" \/>\n<meta name=\"robots\" content=\"index, follow, max-snippet:-1, max-image-preview:large, max-video-preview:-1\" \/>\n<link rel=\"canonical\" href=\"https:\/\/pueblaenlinea.com\/2025\/nota-roja\/hallan-a-hombre-sin-vida-con-huellas-de-violencia-en-el-patio-de-una-casa-en-villa-alegre-puebla\/\" \/>\n<meta property=\"og:locale\" content=\"es_MX\" \/>\n<meta property=\"og:type\" content=\"article\" \/>\n<meta property=\"og:title\" content=\"Hallan a hombre sin vida con huellas de violencia en el patio de una casa en Villa Alegre, Puebla - Puebla En Linea\" \/>\n<meta property=\"og:description\" content=\"Hallan a hombre sin vida con huellas de violencia en el patio de una casa en Villa Alegre, Puebla Nota Roja\" \/>\n<meta property=\"og:url\" content=\"https:\/\/pueblaenlinea.com\/2025\/nota-roja\/hallan-a-hombre-sin-vida-con-huellas-de-violencia-en-el-patio-de-una-casa-en-villa-alegre-puebla\/\" \/>\n<meta property=\"og:site_name\" content=\"Puebla En Linea\" \/>\n<meta property=\"article:publisher\" content=\"https:\/\/www.facebook.com\/pueblaenlineacom\" \/>\n<meta property=\"article:published_time\" content=\"2026-08-31T00:42:04+00:00\" \/>\n<meta property=\"article:modified_time\" content=\"2026-08-31T00:42:05+00:00\" \/>\n<meta property=\"og:image\" content=\"https:\/\/pueblaenlinea.com\/2025\/wp-content\/uploads\/2026\/08\/pel-209.jpg\" \/>\n\t<meta property=\"og:image:width\" content=\"1200\" \/>\n\t<meta property=\"og:image:height\" content=\"674\" \/>\n\t<meta property=\"og:image:type\" content=\"image\/jpeg\" \/>\n<meta name=\"author\" content=\"Puebla EnLinea\" \/>\n<meta name=\"twitter:card\" content=\"summary_large_image\" \/>\n<meta name=\"twitter:label1\" content=\"Escrito por\" \/>\n\t<meta name=\"twitter:data1\" content=\"Puebla EnLinea\" \/>\n\t<meta name=\"twitter:label2\" content=\"Tiempo de lectura\" \/>\n\t<meta name=\"twitter:data2\" content=\"3 minutos\" \/>\n<script type=\"application\/ld+json\" class=\"yoast-schema-graph\">{\"@context\":\"https:\\\/\\\/schema.org\",\"@graph\":[{\"@type\":\"Article\",\"@id\":\"https:\\\/\\\/pueblaenlinea.com\\\/2025\\\/nota-roja\\\/hallan-a-hombre-sin-vida-con-huellas-de-violencia-en-el-patio-de-una-casa-en-villa-alegre-puebla\\\/#article\",\"isPartOf\":{\"@id\":\"https:\\\/\\\/pueblaenlinea.com\\\/2025\\\/nota-roja\\\/hallan-a-hombre-sin-vida-con-huellas-de-violencia-en-el-patio-de-una-casa-en-villa-alegre-puebla\\\/\"},\"author\":{\"name\":\"Puebla EnLinea\",\"@id\":\"https:\\\/\\\/pueblaenlinea.com\\\/2025\\\/#\\\/schema\\\/person\\\/6e2e07bc4690564243accbe893d21877\"},\"headline\":\"Hallan a hombre sin vida con huellas de violencia en el patio de una casa en Villa Alegre, Puebla\",\"datePublished\":\"2026-08-31T00:42:04+00:00\",\"dateModified\":\"2026-08-31T00:42:05+00:00\",\"mainEntityOfPage\":{\"@id\":\"https:\\\/\\\/pueblaenlinea.com\\\/2025\\\/nota-roja\\\/hallan-a-hombre-sin-vida-con-huellas-de-violencia-en-el-patio-de-una-casa-en-villa-alegre-puebla\\\/\"},\"wordCount\":533,\"image\":{\"@id\":\"https:\\\/\\\/pueblaenlinea.com\\\/2025\\\/nota-roja\\\/hallan-a-hombre-sin-vida-con-huellas-de-violencia-en-el-patio-de-una-casa-en-villa-alegre-puebla\\\/#primaryimage\"},\"thumbnailUrl\":\"https:\\\/\\\/pueblaenlinea.com\\\/2025\\\/wp-content\\\/uploads\\\/2026\\\/08\\\/pel-209.jpg\",\"keywords\":[\"asesinato\"],\"articleSection\":[\"Nota Roja\"],\"inLanguage\":\"es\"},{\"@type\":\"WebPage\",\"@id\":\"https:\\\/\\\/pueblaenlinea.com\\\/2025\\\/nota-roja\\\/hallan-a-hombre-sin-vida-con-huellas-de-violencia-en-el-patio-de-una-casa-en-villa-alegre-puebla\\\/\",\"url\":\"https:\\\/\\\/pueblaenlinea.com\\\/2025\\\/nota-roja\\\/hallan-a-hombre-sin-vida-con-huellas-de-violencia-en-el-patio-de-una-casa-en-villa-alegre-puebla\\\/\",\"name\":\"Hallan a hombre sin vida con huellas de violencia en el patio de una casa en Villa Alegre, Puebla - Puebla En Linea\",\"isPartOf\":{\"@id\":\"https:\\\/\\\/pueblaenlinea.com\\\/2025\\\/#website\"},\"primaryImageOfPage\":{\"@id\":\"https:\\\/\\\/pueblaenlinea.com\\\/2025\\\/nota-roja\\\/hallan-a-hombre-sin-vida-con-huellas-de-violencia-en-el-patio-de-una-casa-en-villa-alegre-puebla\\\/#primaryimage\"},\"image\":{\"@id\":\"https:\\\/\\\/pueblaenlinea.com\\\/2025\\\/nota-roja\\\/hallan-a-hombre-sin-vida-con-huellas-de-violencia-en-el-patio-de-una-casa-en-villa-alegre-puebla\\\/#primaryimage\"},\"thumbnailUrl\":\"https:\\\/\\\/pueblaenlinea.com\\\/2025\\\/wp-content\\\/uploads\\\/2026\\\/08\\\/pel-209.jpg\",\"datePublished\":\"2026-08-31T00:42:04+00:00\",\"dateModified\":\"2026-08-31T00:42:05+00:00\",\"author\":{\"@id\":\"https:\\\/\\\/pueblaenlinea.com\\\/2025\\\/#\\\/schema\\\/person\\\/6e2e07bc4690564243accbe893d21877\"},\"description\":\"Hallan a hombre sin vida con huellas de violencia en el patio de una casa en Villa Alegre, Puebla Nota Roja\",\"breadcrumb\":{\"@id\":\"https:\\\/\\\/pueblaenlinea.com\\\/2025\\\/nota-roja\\\/hallan-a-hombre-sin-vida-con-huellas-de-violencia-en-el-patio-de-una-casa-en-villa-alegre-puebla\\\/#breadcrumb\"},\"inLanguage\":\"es\",\"potentialAction\":[{\"@type\":\"ReadAction\",\"target\":[\"https:\\\/\\\/pueblaenlinea.com\\\/2025\\\/nota-roja\\\/hallan-a-hombre-sin-vida-con-huellas-de-violencia-en-el-patio-de-una-casa-en-villa-alegre-puebla\\\/\"]}]},{\"@type\":\"ImageObject\",\"inLanguage\":\"es\",\"@id\":\"https:\\\/\\\/pueblaenlinea.com\\\/2025\\\/nota-roja\\\/hallan-a-hombre-sin-vida-con-huellas-de-violencia-en-el-patio-de-una-casa-en-villa-alegre-puebla\\\/#primaryimage\",\"url\":\"https:\\\/\\\/pueblaenlinea.com\\\/2025\\\/wp-content\\\/uploads\\\/2026\\\/08\\\/pel-209.jpg\",\"contentUrl\":\"https:\\\/\\\/pueblaenlinea.com\\\/2025\\\/wp-content\\\/uploads\\\/2026\\\/08\\\/pel-209.jpg\",\"width\":1200,\"height\":674,\"caption\":\"Villa Alegre\"},{\"@type\":\"BreadcrumbList\",\"@id\":\"https:\\\/\\\/pueblaenlinea.com\\\/2025\\\/nota-roja\\\/hallan-a-hombre-sin-vida-con-huellas-de-violencia-en-el-patio-de-una-casa-en-villa-alegre-puebla\\\/#breadcrumb\",\"itemListElement\":[{\"@type\":\"ListItem\",\"position\":1,\"name\":\"Inicio\",\"item\":\"https:\\\/\\\/pueblaenlinea.com\\\/2025\\\/\"},{\"@type\":\"ListItem\",\"position\":2,\"name\":\"Hallan a hombre sin vida con huellas de violencia en el patio de una casa en Villa Alegre, Puebla\"}]},{\"@type\":\"WebSite\",\"@id\":\"https:\\\/\\\/pueblaenlinea.com\\\/2025\\\/#website\",\"url\":\"https:\\\/\\\/pueblaenlinea.com\\\/2025\\\/\",\"name\":\"Puebla En Linea\",\"description\":\"noticias de puebla, periodismo serio y comprometido.\",\"potentialAction\":[{\"@type\":\"SearchAction\",\"target\":{\"@type\":\"EntryPoint\",\"urlTemplate\":\"https:\\\/\\\/pueblaenlinea.com\\\/2025\\\/?s={search_term_string}\"},\"query-input\":{\"@type\":\"PropertyValueSpecification\",\"valueRequired\":true,\"valueName\":\"search_term_string\"}}],\"inLanguage\":\"es\"},{\"@type\":\"Person\",\"@id\":\"https:\\\/\\\/pueblaenlinea.com\\\/2025\\\/#\\\/schema\\\/person\\\/6e2e07bc4690564243accbe893d21877\",\"name\":\"Puebla EnLinea\",\"image\":{\"@type\":\"ImageObject\",\"inLanguage\":\"es\",\"@id\":\"https:\\\/\\\/pueblaenlinea.com\\\/2025\\\/wp-content\\\/litespeed\\\/avatar\\\/3b8bde7acb3c32a2512cab1d325df9d8.jpg?ver=1787685560\",\"url\":\"https:\\\/\\\/pueblaenlinea.com\\\/2025\\\/wp-content\\\/litespeed\\\/avatar\\\/3b8bde7acb3c32a2512cab1d325df9d8.jpg?ver=1787685560\",\"contentUrl\":\"https:\\\/\\\/pueblaenlinea.com\\\/2025\\\/wp-content\\\/litespeed\\\/avatar\\\/3b8bde7acb3c32a2512cab1d325df9d8.jpg?ver=1787685560\",\"caption\":\"Puebla EnLinea\"},\"url\":\"https:\\\/\\\/pueblaenlinea.com\\\/2025\\\/author\\\/pueblaenlinea\\\/\"}]}<\/script>\n<!-- \/ Yoast SEO plugin. -->","yoast_head_json":{"title":"Hallan a hombre sin vida con huellas de violencia en el patio de una casa en Villa Alegre, Puebla - Puebla En Linea","description":"Hallan a hombre sin vida con huellas de violencia en el patio de una casa en Villa Alegre, Puebla Nota Roja","robots":{"index":"index","follow":"follow","max-snippet":"max-snippet:-1","max-image-preview":"max-image-preview:large","max-video-preview":"max-video-preview:-1"},"canonical":"https:\/\/pueblaenlinea.com\/2025\/nota-roja\/hallan-a-hombre-sin-vida-con-huellas-de-violencia-en-el-patio-de-una-casa-en-villa-alegre-puebla\/","og_locale":"es_MX","og_type":"article","og_title":"Hallan a hombre sin vida con huellas de violencia en el patio de una casa en Villa Alegre, Puebla - Puebla En Linea","og_description":"Hallan a hombre sin vida con huellas de violencia en el patio de una casa en Villa Alegre, Puebla Nota Roja","og_url":"https:\/\/pueblaenlinea.com\/2025\/nota-roja\/hallan-a-hombre-sin-vida-con-huellas-de-violencia-en-el-patio-de-una-casa-en-villa-alegre-puebla\/","og_site_name":"Puebla En Linea","article_publisher":"https:\/\/www.facebook.com\/pueblaenlineacom","article_published_time":"2026-08-31T00:42:04+00:00","article_modified_time":"2026-08-31T00:42:05+00:00","og_image":[{"width":1200,"height":674,"url":"https:\/\/pueblaenlinea.com\/2025\/wp-content\/uploads\/2026\/08\/pel-209.jpg","type":"image\/jpeg"}],"author":"Puebla EnLinea","twitter_card":"summary_large_image","twitter_misc":{"Escrito por":"Puebla EnLinea","Tiempo de lectura":"3 minutos"},"schema":{"@context":"https:\/\/schema.org","@graph":[{"@type":"Article","@id":"https:\/\/pueblaenlinea.com\/2025\/nota-roja\/hallan-a-hombre-sin-vida-con-huellas-de-violencia-en-el-patio-de-una-casa-en-villa-alegre-puebla\/#article","isPartOf":{"@id":"https:\/\/pueblaenlinea.com\/2025\/nota-roja\/hallan-a-hombre-sin-vida-con-huellas-de-violencia-en-el-patio-de-una-casa-en-villa-alegre-puebla\/"},"author":{"name":"Puebla EnLinea","@id":"https:\/\/pueblaenlinea.com\/2025\/#\/schema\/person\/6e2e07bc4690564243accbe893d21877"},"headline":"Hallan a hombre sin vida con huellas de violencia en el patio de una casa en Villa Alegre, Puebla","datePublished":"2026-08-31T00:42:04+00:00","dateModified":"2026-08-31T00:42:05+00:00","mainEntityOfPage":{"@id":"https:\/\/pueblaenlinea.com\/2025\/nota-roja\/hallan-a-hombre-sin-vida-con-huellas-de-violencia-en-el-patio-de-una-casa-en-villa-alegre-puebla\/"},"wordCount":533,"image":{"@id":"https:\/\/pueblaenlinea.com\/2025\/nota-roja\/hallan-a-hombre-sin-vida-con-huellas-de-violencia-en-el-patio-de-una-casa-en-villa-alegre-puebla\/#primaryimage"},"thumbnailUrl":"https:\/\/pueblaenlinea.com\/2025\/wp-content\/uploads\/2026\/08\/pel-209.jpg","keywords":["asesinato"],"articleSection":["Nota Roja"],"inLanguage":"es"},{"@type":"WebPage","@id":"https:\/\/pueblaenlinea.com\/2025\/nota-roja\/hallan-a-hombre-sin-vida-con-huellas-de-violencia-en-el-patio-de-una-casa-en-villa-alegre-puebla\/","url":"https:\/\/pueblaenlinea.com\/2025\/nota-roja\/hallan-a-hombre-sin-vida-con-huellas-de-violencia-en-el-patio-de-una-casa-en-villa-alegre-puebla\/","name":"Hallan a hombre sin vida con huellas de violencia en el patio de una casa en Villa Alegre, Puebla - Puebla En Linea","isPartOf":{"@id":"https:\/\/pueblaenlinea.com\/2025\/#website"},"primaryImageOfPage":{"@id":"https:\/\/pueblaenlinea.com\/2025\/nota-roja\/hallan-a-hombre-sin-vida-con-huellas-de-violencia-en-el-patio-de-una-casa-en-villa-alegre-puebla\/#primaryimage"},"image":{"@id":"https:\/\/pueblaenlinea.com\/2025\/nota-roja\/hallan-a-hombre-sin-vida-con-huellas-de-violencia-en-el-patio-de-una-casa-en-villa-alegre-puebla\/#primaryimage"},"thumbnailUrl":"https:\/\/pueblaenlinea.com\/2025\/wp-content\/uploads\/2026\/08\/pel-209.jpg","datePublished":"2026-08-31T00:42:04+00:00","dateModified":"2026-08-31T00:42:05+00:00","author":{"@id":"https:\/\/pueblaenlinea.com\/2025\/#\/schema\/person\/6e2e07bc4690564243accbe893d21877"},"description":"Hallan a hombre sin vida con huellas de violencia en el patio de una casa en Villa Alegre, Puebla Nota Roja","breadcrumb":{"@id":"https:\/\/pueblaenlinea.com\/2025\/nota-roja\/hallan-a-hombre-sin-vida-con-huellas-de-violencia-en-el-patio-de-una-casa-en-villa-alegre-puebla\/#breadcrumb"},"inLanguage":"es","potentialAction":[{"@type":"ReadAction","target":["https:\/\/pueblaenlinea.com\/2025\/nota-roja\/hallan-a-hombre-sin-vida-con-huellas-de-violencia-en-el-patio-de-una-casa-en-villa-alegre-puebla\/"]}]},{"@type":"ImageObject","inLanguage":"es","@id":"https:\/\/pueblaenlinea.com\/2025\/nota-roja\/hallan-a-hombre-sin-vida-con-huellas-de-violencia-en-el-patio-de-una-casa-en-villa-alegre-puebla\/#primaryimage","url":"https:\/\/pueblaenlinea.com\/2025\/wp-content\/uploads\/2026\/08\/pel-209.jpg","contentUrl":"https:\/\/pueblaenlinea.com\/2025\/wp-content\/uploads\/2026\/08\/pel-209.jpg","width":1200,"height":674,"caption":"Villa Alegre"},{"@type":"BreadcrumbList","@id":"https:\/\/pueblaenlinea.com\/2025\/nota-roja\/hallan-a-hombre-sin-vida-con-huellas-de-violencia-en-el-patio-de-una-casa-en-villa-alegre-puebla\/#breadcrumb","itemListElement":[{"@type":"ListItem","position":1,"name":"Inicio","item":"https:\/\/pueblaenlinea.com\/2025\/"},{"@type":"ListItem","position":2,"name":"Hallan a hombre sin vida con huellas de violencia en el patio de una casa en Villa Alegre, Puebla"}]},{"@type":"WebSite","@id":"https:\/\/pueblaenlinea.com\/2025\/#website","url":"https:\/\/pueblaenlinea.com\/2025\/","name":"Puebla En Linea","description":"noticias de puebla, periodismo serio y comprometido.","potentialAction":[{"@type":"SearchAction","target":{"@type":"EntryPoint","urlTemplate":"https:\/\/pueblaenlinea.com\/2025\/?s={search_term_string}"},"query-input":{"@type":"PropertyValueSpecification","valueRequired":true,"valueName":"search_term_string"}}],"inLanguage":"es"},{"@type":"Person","@id":"https:\/\/pueblaenlinea.com\/2025\/#\/schema\/person\/6e2e07bc4690564243accbe893d21877","name":"Puebla EnLinea","image":{"@type":"ImageObject","inLanguage":"es","@id":"https:\/\/pueblaenlinea.com\/2025\/wp-content\/litespeed\/avatar\/3b8bde7acb3c32a2512cab1d325df9d8.jpg?ver=1787685560","url":"https:\/\/pueblaenlinea.com\/2025\/wp-content\/litespeed\/avatar\/3b8bde7acb3c32a2512cab1d325df9d8.jpg?ver=1787685560","contentUrl":"https:\/\/pueblaenlinea.com\/2025\/wp-content\/litespeed\/avatar\/3b8bde7acb3c32a2512cab1d325df9d8.jpg?ver=1787685560","caption":"Puebla EnLinea"},"url":"https:\/\/pueblaenlinea.com\/2025\/author\/pueblaenlinea\/"}]}},"_links":{"self":[{"href":"https:\/\/pueblaenlinea.com\/2025\/wp-json\/wp\/v2\/posts\/134664","targetHints":{"allow":["GET"]}}],"collection":[{"href":"https:\/\/pueblaenlinea.com\/2025\/wp-json\/wp\/v2\/posts"}],"about":[{"href":"https:\/\/pueblaenlinea.com\/2025\/wp-json\/wp\/v2\/types\/post"}],"author":[{"embeddable":true,"href":"https:\/\/pueblaenlinea.com\/2025\/wp-json\/wp\/v2\/users\/2"}],"replies":[{"embeddable":true,"href":"https:\/\/pueblaenlinea.com\/2025\/wp-json\/wp\/v2\/comments?post=134664"}],"version-history":[{"count":0,"href":"https:\/\/pueblaenlinea.com\/2025\/wp-json\/wp\/v2\/posts\/134664\/revisions"}],"wp:featuredmedia":[{"embeddable":true,"href":"https:\/\/pueblaenlinea.com\/2025\/wp-json\/wp\/v2\/media\/134665"}],"wp:attachment":[{"href":"https:\/\/pueblaenlinea.com\/2025\/wp-json\/wp\/v2\/media?parent=134664"}],"wp:term":[{"taxonomy":"category","embeddable":true,"href":"https:\/\/pueblaenlinea.com\/2025\/wp-json\/wp\/v2\/categories?post=134664"},{"taxonomy":"post_tag","embeddable":true,"href":"https:\/\/pueblaenlinea.com\/2025\/wp-json\/wp\/v2\/tags?post=134664"}],"curies":[{"name":"wp","href":"https:\/\/api.w.org\/{rel}","templated":true}]}}