{"id":134662,"date":"2026-08-30T18:37:36","date_gmt":"2026-08-31T00:37:36","guid":{"rendered":"https:\/\/pueblaenlinea.com\/2025\/?p=134662"},"modified":"2026-08-30T18:37:37","modified_gmt":"2026-08-31T00:37:37","slug":"el-regreso-a-prision-de-el-tato-recapturan-al-presunto-cerebro-del-ataque-al-bar-lacoss-escondido-en-un-anexo","status":"publish","type":"post","link":"https:\/\/pueblaenlinea.com\/2025\/nota-roja\/el-regreso-a-prision-de-el-tato-recapturan-al-presunto-cerebro-del-ataque-al-bar-lacoss-escondido-en-un-anexo\/","title":{"rendered":"El regreso a prisi\u00f3n de &#8216;El Tato&#8217;: Recapturan al presunto cerebro del ataque al Bar Lacoss escondido en un anexo"},"content":{"rendered":"\n<p class=\"wp-block-paragraph\"> <\/p>\n\n\n\n<p class=\"wp-block-paragraph\">La libertad dur\u00f3 lo que un parpadeo burocr\u00e1tico para uno de los hombres m\u00e1s buscados de la capital poblana, cuyo fugaz paso por las rendijas del sistema judicial termin\u00f3 abruptamente entre las paredes silenciosas de un anexo.<\/p>\n\n\n\n<p class=\"wp-block-paragraph\">Gabriel Garc\u00eda Mendoza, alias \u201cEl Tato\u201d, crey\u00f3 haber burlado el tablero penal tras una salida expr\u00e9s del penal de San Miguel; sin embargo, la Coordinaci\u00f3n General Especializada en Investigaci\u00f3n de Homicidios Dolosos ten\u00eda una cuenta pendiente que las fallas de los juzgados no iban a borrar.<\/p>\n\n\n\n<h3 class=\"wp-block-heading\">Puntos clave de la recaptura<\/h3>\n\n\n\n<ul class=\"wp-block-list\">\n<li><strong>El objetivo:<\/strong> Gabriel Garc\u00eda Mendoza, alias \u201cEl Tato\u201d, se\u00f1alado como el presunto autor intelectual de la masacre en el Bar Lacoss.<\/li>\n\n\n\n<li><strong>El error judicial:<\/strong> Obtuvo su libertad temporal gracias a la modificaci\u00f3n de una medida cautelar en un proceso por delitos contra la salud, desligado del expediente de homicidio.<\/li>\n\n\n\n<li><strong>El refugio:<\/strong> Tras abandonar el reclusorio, busc\u00f3 resguardo clandestino en un anexo, donde finalmente fue ubicado por agentes ministeriales.<\/li>\n\n\n\n<li><strong>El antecedente tr\u00e1gico:<\/strong> El ataque al Bar Lacoss, perpetrado la madrugada del 18 de noviembre de 2025 en Popular Coatepec, dej\u00f3 un saldo de siete personas muertas tras un incendio provocado.<\/li>\n<\/ul>\n\n\n\n<p class=\"wp-block-paragraph\">La historia criminal de \u201cEl Tato\u201d se teji\u00f3 entre extorsiones, control de antros y redes de narcomenudeo que asediaban la vida nocturna de Puebla. Su primera detenci\u00f3n, ocurrida apenas ocho d\u00edas despu\u00e9s de la tragedia en Coatepec, parec\u00eda el inicio de la rendici\u00f3n de cuentas. No obstante, las laber\u00ednticas fallas del proceso penal permitieron que un tecnicismo le abriera la puerta de la c\u00e1rcel, obligando a las autoridades a desplegar una nueva cacer\u00eda que culmin\u00f3 en un centro de rehabilitaci\u00f3n.<\/p>\n\n\n\n<p class=\"wp-block-paragraph\">Si quieres seguir esta y otras notas de inter\u00e9s en tiempo real, \u00fanete a nuestro canal de WhatsApp: <a target=\"_blank\" rel=\"noopener\" href=\"https:\/\/whatsapp.com\/channel\/0029Va5CSyuEQIalZaJWpX1h\">https:\/\/whatsapp.com\/channel\/0029Va5CSyuEQIalZaJWpX1h<\/a><\/p>\n\n\n\n<p class=\"wp-block-paragraph\">La puerta giratoria de la justicia es un lujo institucional que una sociedad golpeada por la violencia no puede permitirse. Que un presunto multihomicida deba ser rastreado nuevamente hasta los rincones de un anexo desnuda las fr\u00e1giles costuras de un sistema que, a menudo, litiga a ciegas frente al avance del crimen organizado.<\/p>\n\n\n\n<p class=\"wp-block-paragraph\">Escrito por Redacci\u00f3n Puebla En L\u00ednea<\/p>\n\n\n\n<h3 class=\"wp-block-heading\"> <\/h3>\n\n\n\n<ol start=\"1\" class=\"wp-block-list\">\n<li>\u00bfC\u00f3mo sali\u00f3 y por qu\u00e9 lo recapturaron? La ruta de &#8216;El Tato&#8217; tras el caso Bar Lacoss<\/li>\n\n\n\n<li>De San Miguel a un anexo: Recapturan a &#8216;El Tato&#8217;, cerebro del ataque con 7 muertos en Puebla<\/li>\n\n\n\n<li>Falla judicial y recaptura expr\u00e9s: La historia detr\u00e1s del arresto de Gabriel Garc\u00eda Mendoza<\/li>\n\n\n\n<li>\u00bfQui\u00e9n es &#8216;El Tato&#8217;? Cae de nuevo el presunto implicado en la masacre del Bar Lacoss<\/li>\n\n\n\n<li>Operativo de la FGE: Ubican y recapturan a presunto l\u00edder criminal escondido en un anexo<\/li>\n<\/ol>\n\n\n\n<h3 class=\"wp-block-heading\"> <\/h3>\n\n\n\n<p class=\"wp-block-paragraph\"> <\/p>\n","protected":false},"excerpt":{"rendered":"<p>La libertad dur\u00f3 lo que un parpadeo burocr\u00e1tico para uno de los hombres m\u00e1s buscados de la capital poblana, cuyo fugaz paso por las rendijas del sistema judicial termin\u00f3 abruptamente entre las paredes silenciosas de un anexo. Gabriel Garc\u00eda Mendoza, alias \u201cEl Tato\u201d, crey\u00f3 haber burlado el tablero penal tras una salida expr\u00e9s del penal&#8230;<\/p>\n","protected":false},"author":2,"featured_media":134663,"comment_status":"closed","ping_status":"closed","sticky":false,"template":"","format":"standard","meta":{"footnotes":""},"categories":[24],"tags":[1400],"class_list":["post-134662","post","type-post","status-publish","format-standard","has-post-thumbnail","hentry","category-nota-roja","tag-detenidos"],"yoast_head":"<!-- This site is optimized with the Yoast SEO plugin v28.0 - https:\/\/yoast.com\/product\/yoast-seo-wordpress\/ -->\n<title>El regreso a prisi\u00f3n de &#039;El Tato&#039;: Recapturan al presunto cerebro del ataque al Bar Lacoss escondido en un anexo - Puebla En Linea<\/title>\n<meta name=\"description\" content=\"El regreso a prisi\u00f3n de &#039;El Tato&#039;: Recapturan al presunto cerebro del ataque al Bar Lacoss escondido en un anexo Nota Roja\" \/>\n<meta name=\"robots\" content=\"index, follow, max-snippet:-1, max-image-preview:large, max-video-preview:-1\" \/>\n<link rel=\"canonical\" href=\"https:\/\/pueblaenlinea.com\/2025\/nota-roja\/el-regreso-a-prision-de-el-tato-recapturan-al-presunto-cerebro-del-ataque-al-bar-lacoss-escondido-en-un-anexo\/\" \/>\n<meta property=\"og:locale\" content=\"es_MX\" \/>\n<meta property=\"og:type\" content=\"article\" \/>\n<meta property=\"og:title\" content=\"El regreso a prisi\u00f3n de &#039;El Tato&#039;: Recapturan al presunto cerebro del ataque al Bar Lacoss escondido en un anexo - Puebla En Linea\" \/>\n<meta property=\"og:description\" content=\"El regreso a prisi\u00f3n de &#039;El Tato&#039;: Recapturan al presunto cerebro del ataque al Bar Lacoss escondido en un anexo Nota Roja\" \/>\n<meta property=\"og:url\" content=\"https:\/\/pueblaenlinea.com\/2025\/nota-roja\/el-regreso-a-prision-de-el-tato-recapturan-al-presunto-cerebro-del-ataque-al-bar-lacoss-escondido-en-un-anexo\/\" \/>\n<meta property=\"og:site_name\" content=\"Puebla En Linea\" \/>\n<meta property=\"article:publisher\" content=\"https:\/\/www.facebook.com\/pueblaenlineacom\" \/>\n<meta property=\"article:published_time\" content=\"2026-08-31T00:37:36+00:00\" \/>\n<meta property=\"article:modified_time\" content=\"2026-08-31T00:37:37+00:00\" \/>\n<meta property=\"og:image\" content=\"https:\/\/pueblaenlinea.com\/2025\/wp-content\/uploads\/2026\/08\/pel-208.jpg\" \/>\n\t<meta property=\"og:image:width\" content=\"1200\" \/>\n\t<meta property=\"og:image:height\" content=\"674\" \/>\n\t<meta property=\"og:image:type\" content=\"image\/jpeg\" \/>\n<meta name=\"author\" content=\"Puebla EnLinea\" \/>\n<meta name=\"twitter:card\" content=\"summary_large_image\" \/>\n<meta name=\"twitter:label1\" content=\"Escrito por\" \/>\n\t<meta name=\"twitter:data1\" content=\"Puebla EnLinea\" \/>\n\t<meta name=\"twitter:label2\" content=\"Tiempo de lectura\" \/>\n\t<meta name=\"twitter:data2\" content=\"3 minutos\" \/>\n<script type=\"application\/ld+json\" class=\"yoast-schema-graph\">{\"@context\":\"https:\\\/\\\/schema.org\",\"@graph\":[{\"@type\":\"Article\",\"@id\":\"https:\\\/\\\/pueblaenlinea.com\\\/2025\\\/nota-roja\\\/el-regreso-a-prision-de-el-tato-recapturan-al-presunto-cerebro-del-ataque-al-bar-lacoss-escondido-en-un-anexo\\\/#article\",\"isPartOf\":{\"@id\":\"https:\\\/\\\/pueblaenlinea.com\\\/2025\\\/nota-roja\\\/el-regreso-a-prision-de-el-tato-recapturan-al-presunto-cerebro-del-ataque-al-bar-lacoss-escondido-en-un-anexo\\\/\"},\"author\":{\"name\":\"Puebla EnLinea\",\"@id\":\"https:\\\/\\\/pueblaenlinea.com\\\/2025\\\/#\\\/schema\\\/person\\\/6e2e07bc4690564243accbe893d21877\"},\"headline\":\"El regreso a prisi\u00f3n de &#8216;El Tato&#8217;: Recapturan al presunto cerebro del ataque al Bar Lacoss escondido en un anexo\",\"datePublished\":\"2026-08-31T00:37:36+00:00\",\"dateModified\":\"2026-08-31T00:37:37+00:00\",\"mainEntityOfPage\":{\"@id\":\"https:\\\/\\\/pueblaenlinea.com\\\/2025\\\/nota-roja\\\/el-regreso-a-prision-de-el-tato-recapturan-al-presunto-cerebro-del-ataque-al-bar-lacoss-escondido-en-un-anexo\\\/\"},\"wordCount\":479,\"image\":{\"@id\":\"https:\\\/\\\/pueblaenlinea.com\\\/2025\\\/nota-roja\\\/el-regreso-a-prision-de-el-tato-recapturan-al-presunto-cerebro-del-ataque-al-bar-lacoss-escondido-en-un-anexo\\\/#primaryimage\"},\"thumbnailUrl\":\"https:\\\/\\\/pueblaenlinea.com\\\/2025\\\/wp-content\\\/uploads\\\/2026\\\/08\\\/pel-208.jpg\",\"keywords\":[\"detenidos\"],\"articleSection\":[\"Nota Roja\"],\"inLanguage\":\"es\"},{\"@type\":\"WebPage\",\"@id\":\"https:\\\/\\\/pueblaenlinea.com\\\/2025\\\/nota-roja\\\/el-regreso-a-prision-de-el-tato-recapturan-al-presunto-cerebro-del-ataque-al-bar-lacoss-escondido-en-un-anexo\\\/\",\"url\":\"https:\\\/\\\/pueblaenlinea.com\\\/2025\\\/nota-roja\\\/el-regreso-a-prision-de-el-tato-recapturan-al-presunto-cerebro-del-ataque-al-bar-lacoss-escondido-en-un-anexo\\\/\",\"name\":\"El regreso a prisi\u00f3n de 'El Tato': Recapturan al presunto cerebro del ataque al Bar Lacoss escondido en un anexo - Puebla En Linea\",\"isPartOf\":{\"@id\":\"https:\\\/\\\/pueblaenlinea.com\\\/2025\\\/#website\"},\"primaryImageOfPage\":{\"@id\":\"https:\\\/\\\/pueblaenlinea.com\\\/2025\\\/nota-roja\\\/el-regreso-a-prision-de-el-tato-recapturan-al-presunto-cerebro-del-ataque-al-bar-lacoss-escondido-en-un-anexo\\\/#primaryimage\"},\"image\":{\"@id\":\"https:\\\/\\\/pueblaenlinea.com\\\/2025\\\/nota-roja\\\/el-regreso-a-prision-de-el-tato-recapturan-al-presunto-cerebro-del-ataque-al-bar-lacoss-escondido-en-un-anexo\\\/#primaryimage\"},\"thumbnailUrl\":\"https:\\\/\\\/pueblaenlinea.com\\\/2025\\\/wp-content\\\/uploads\\\/2026\\\/08\\\/pel-208.jpg\",\"datePublished\":\"2026-08-31T00:37:36+00:00\",\"dateModified\":\"2026-08-31T00:37:37+00:00\",\"author\":{\"@id\":\"https:\\\/\\\/pueblaenlinea.com\\\/2025\\\/#\\\/schema\\\/person\\\/6e2e07bc4690564243accbe893d21877\"},\"description\":\"El regreso a prisi\u00f3n de 'El Tato': Recapturan al presunto cerebro del ataque al Bar Lacoss escondido en un anexo Nota Roja\",\"breadcrumb\":{\"@id\":\"https:\\\/\\\/pueblaenlinea.com\\\/2025\\\/nota-roja\\\/el-regreso-a-prision-de-el-tato-recapturan-al-presunto-cerebro-del-ataque-al-bar-lacoss-escondido-en-un-anexo\\\/#breadcrumb\"},\"inLanguage\":\"es\",\"potentialAction\":[{\"@type\":\"ReadAction\",\"target\":[\"https:\\\/\\\/pueblaenlinea.com\\\/2025\\\/nota-roja\\\/el-regreso-a-prision-de-el-tato-recapturan-al-presunto-cerebro-del-ataque-al-bar-lacoss-escondido-en-un-anexo\\\/\"]}]},{\"@type\":\"ImageObject\",\"inLanguage\":\"es\",\"@id\":\"https:\\\/\\\/pueblaenlinea.com\\\/2025\\\/nota-roja\\\/el-regreso-a-prision-de-el-tato-recapturan-al-presunto-cerebro-del-ataque-al-bar-lacoss-escondido-en-un-anexo\\\/#primaryimage\",\"url\":\"https:\\\/\\\/pueblaenlinea.com\\\/2025\\\/wp-content\\\/uploads\\\/2026\\\/08\\\/pel-208.jpg\",\"contentUrl\":\"https:\\\/\\\/pueblaenlinea.com\\\/2025\\\/wp-content\\\/uploads\\\/2026\\\/08\\\/pel-208.jpg\",\"width\":1200,\"height\":674,\"caption\":\"eltato\"},{\"@type\":\"BreadcrumbList\",\"@id\":\"https:\\\/\\\/pueblaenlinea.com\\\/2025\\\/nota-roja\\\/el-regreso-a-prision-de-el-tato-recapturan-al-presunto-cerebro-del-ataque-al-bar-lacoss-escondido-en-un-anexo\\\/#breadcrumb\",\"itemListElement\":[{\"@type\":\"ListItem\",\"position\":1,\"name\":\"Inicio\",\"item\":\"https:\\\/\\\/pueblaenlinea.com\\\/2025\\\/\"},{\"@type\":\"ListItem\",\"position\":2,\"name\":\"El regreso a prisi\u00f3n de &#8216;El Tato&#8217;: Recapturan al presunto cerebro del ataque al Bar Lacoss escondido en un anexo\"}]},{\"@type\":\"WebSite\",\"@id\":\"https:\\\/\\\/pueblaenlinea.com\\\/2025\\\/#website\",\"url\":\"https:\\\/\\\/pueblaenlinea.com\\\/2025\\\/\",\"name\":\"Puebla En Linea\",\"description\":\"noticias de puebla, periodismo serio y comprometido.\",\"potentialAction\":[{\"@type\":\"SearchAction\",\"target\":{\"@type\":\"EntryPoint\",\"urlTemplate\":\"https:\\\/\\\/pueblaenlinea.com\\\/2025\\\/?s={search_term_string}\"},\"query-input\":{\"@type\":\"PropertyValueSpecification\",\"valueRequired\":true,\"valueName\":\"search_term_string\"}}],\"inLanguage\":\"es\"},{\"@type\":\"Person\",\"@id\":\"https:\\\/\\\/pueblaenlinea.com\\\/2025\\\/#\\\/schema\\\/person\\\/6e2e07bc4690564243accbe893d21877\",\"name\":\"Puebla EnLinea\",\"image\":{\"@type\":\"ImageObject\",\"inLanguage\":\"es\",\"@id\":\"https:\\\/\\\/pueblaenlinea.com\\\/2025\\\/wp-content\\\/litespeed\\\/avatar\\\/3b8bde7acb3c32a2512cab1d325df9d8.jpg?ver=1787685560\",\"url\":\"https:\\\/\\\/pueblaenlinea.com\\\/2025\\\/wp-content\\\/litespeed\\\/avatar\\\/3b8bde7acb3c32a2512cab1d325df9d8.jpg?ver=1787685560\",\"contentUrl\":\"https:\\\/\\\/pueblaenlinea.com\\\/2025\\\/wp-content\\\/litespeed\\\/avatar\\\/3b8bde7acb3c32a2512cab1d325df9d8.jpg?ver=1787685560\",\"caption\":\"Puebla EnLinea\"},\"url\":\"https:\\\/\\\/pueblaenlinea.com\\\/2025\\\/author\\\/pueblaenlinea\\\/\"}]}<\/script>\n<!-- \/ Yoast SEO plugin. -->","yoast_head_json":{"title":"El regreso a prisi\u00f3n de 'El Tato': Recapturan al presunto cerebro del ataque al Bar Lacoss escondido en un anexo - Puebla En Linea","description":"El regreso a prisi\u00f3n de 'El Tato': Recapturan al presunto cerebro del ataque al Bar Lacoss escondido en un anexo Nota Roja","robots":{"index":"index","follow":"follow","max-snippet":"max-snippet:-1","max-image-preview":"max-image-preview:large","max-video-preview":"max-video-preview:-1"},"canonical":"https:\/\/pueblaenlinea.com\/2025\/nota-roja\/el-regreso-a-prision-de-el-tato-recapturan-al-presunto-cerebro-del-ataque-al-bar-lacoss-escondido-en-un-anexo\/","og_locale":"es_MX","og_type":"article","og_title":"El regreso a prisi\u00f3n de 'El Tato': Recapturan al presunto cerebro del ataque al Bar Lacoss escondido en un anexo - Puebla En Linea","og_description":"El regreso a prisi\u00f3n de 'El Tato': Recapturan al presunto cerebro del ataque al Bar Lacoss escondido en un anexo Nota Roja","og_url":"https:\/\/pueblaenlinea.com\/2025\/nota-roja\/el-regreso-a-prision-de-el-tato-recapturan-al-presunto-cerebro-del-ataque-al-bar-lacoss-escondido-en-un-anexo\/","og_site_name":"Puebla En Linea","article_publisher":"https:\/\/www.facebook.com\/pueblaenlineacom","article_published_time":"2026-08-31T00:37:36+00:00","article_modified_time":"2026-08-31T00:37:37+00:00","og_image":[{"width":1200,"height":674,"url":"https:\/\/pueblaenlinea.com\/2025\/wp-content\/uploads\/2026\/08\/pel-208.jpg","type":"image\/jpeg"}],"author":"Puebla EnLinea","twitter_card":"summary_large_image","twitter_misc":{"Escrito por":"Puebla EnLinea","Tiempo de lectura":"3 minutos"},"schema":{"@context":"https:\/\/schema.org","@graph":[{"@type":"Article","@id":"https:\/\/pueblaenlinea.com\/2025\/nota-roja\/el-regreso-a-prision-de-el-tato-recapturan-al-presunto-cerebro-del-ataque-al-bar-lacoss-escondido-en-un-anexo\/#article","isPartOf":{"@id":"https:\/\/pueblaenlinea.com\/2025\/nota-roja\/el-regreso-a-prision-de-el-tato-recapturan-al-presunto-cerebro-del-ataque-al-bar-lacoss-escondido-en-un-anexo\/"},"author":{"name":"Puebla EnLinea","@id":"https:\/\/pueblaenlinea.com\/2025\/#\/schema\/person\/6e2e07bc4690564243accbe893d21877"},"headline":"El regreso a prisi\u00f3n de &#8216;El Tato&#8217;: Recapturan al presunto cerebro del ataque al Bar Lacoss escondido en un anexo","datePublished":"2026-08-31T00:37:36+00:00","dateModified":"2026-08-31T00:37:37+00:00","mainEntityOfPage":{"@id":"https:\/\/pueblaenlinea.com\/2025\/nota-roja\/el-regreso-a-prision-de-el-tato-recapturan-al-presunto-cerebro-del-ataque-al-bar-lacoss-escondido-en-un-anexo\/"},"wordCount":479,"image":{"@id":"https:\/\/pueblaenlinea.com\/2025\/nota-roja\/el-regreso-a-prision-de-el-tato-recapturan-al-presunto-cerebro-del-ataque-al-bar-lacoss-escondido-en-un-anexo\/#primaryimage"},"thumbnailUrl":"https:\/\/pueblaenlinea.com\/2025\/wp-content\/uploads\/2026\/08\/pel-208.jpg","keywords":["detenidos"],"articleSection":["Nota Roja"],"inLanguage":"es"},{"@type":"WebPage","@id":"https:\/\/pueblaenlinea.com\/2025\/nota-roja\/el-regreso-a-prision-de-el-tato-recapturan-al-presunto-cerebro-del-ataque-al-bar-lacoss-escondido-en-un-anexo\/","url":"https:\/\/pueblaenlinea.com\/2025\/nota-roja\/el-regreso-a-prision-de-el-tato-recapturan-al-presunto-cerebro-del-ataque-al-bar-lacoss-escondido-en-un-anexo\/","name":"El regreso a prisi\u00f3n de 'El Tato': Recapturan al presunto cerebro del ataque al Bar Lacoss escondido en un anexo - Puebla En Linea","isPartOf":{"@id":"https:\/\/pueblaenlinea.com\/2025\/#website"},"primaryImageOfPage":{"@id":"https:\/\/pueblaenlinea.com\/2025\/nota-roja\/el-regreso-a-prision-de-el-tato-recapturan-al-presunto-cerebro-del-ataque-al-bar-lacoss-escondido-en-un-anexo\/#primaryimage"},"image":{"@id":"https:\/\/pueblaenlinea.com\/2025\/nota-roja\/el-regreso-a-prision-de-el-tato-recapturan-al-presunto-cerebro-del-ataque-al-bar-lacoss-escondido-en-un-anexo\/#primaryimage"},"thumbnailUrl":"https:\/\/pueblaenlinea.com\/2025\/wp-content\/uploads\/2026\/08\/pel-208.jpg","datePublished":"2026-08-31T00:37:36+00:00","dateModified":"2026-08-31T00:37:37+00:00","author":{"@id":"https:\/\/pueblaenlinea.com\/2025\/#\/schema\/person\/6e2e07bc4690564243accbe893d21877"},"description":"El regreso a prisi\u00f3n de 'El Tato': Recapturan al presunto cerebro del ataque al Bar Lacoss escondido en un anexo Nota Roja","breadcrumb":{"@id":"https:\/\/pueblaenlinea.com\/2025\/nota-roja\/el-regreso-a-prision-de-el-tato-recapturan-al-presunto-cerebro-del-ataque-al-bar-lacoss-escondido-en-un-anexo\/#breadcrumb"},"inLanguage":"es","potentialAction":[{"@type":"ReadAction","target":["https:\/\/pueblaenlinea.com\/2025\/nota-roja\/el-regreso-a-prision-de-el-tato-recapturan-al-presunto-cerebro-del-ataque-al-bar-lacoss-escondido-en-un-anexo\/"]}]},{"@type":"ImageObject","inLanguage":"es","@id":"https:\/\/pueblaenlinea.com\/2025\/nota-roja\/el-regreso-a-prision-de-el-tato-recapturan-al-presunto-cerebro-del-ataque-al-bar-lacoss-escondido-en-un-anexo\/#primaryimage","url":"https:\/\/pueblaenlinea.com\/2025\/wp-content\/uploads\/2026\/08\/pel-208.jpg","contentUrl":"https:\/\/pueblaenlinea.com\/2025\/wp-content\/uploads\/2026\/08\/pel-208.jpg","width":1200,"height":674,"caption":"eltato"},{"@type":"BreadcrumbList","@id":"https:\/\/pueblaenlinea.com\/2025\/nota-roja\/el-regreso-a-prision-de-el-tato-recapturan-al-presunto-cerebro-del-ataque-al-bar-lacoss-escondido-en-un-anexo\/#breadcrumb","itemListElement":[{"@type":"ListItem","position":1,"name":"Inicio","item":"https:\/\/pueblaenlinea.com\/2025\/"},{"@type":"ListItem","position":2,"name":"El regreso a prisi\u00f3n de &#8216;El Tato&#8217;: Recapturan al presunto cerebro del ataque al Bar Lacoss escondido en un anexo"}]},{"@type":"WebSite","@id":"https:\/\/pueblaenlinea.com\/2025\/#website","url":"https:\/\/pueblaenlinea.com\/2025\/","name":"Puebla En Linea","description":"noticias de puebla, periodismo serio y comprometido.","potentialAction":[{"@type":"SearchAction","target":{"@type":"EntryPoint","urlTemplate":"https:\/\/pueblaenlinea.com\/2025\/?s={search_term_string}"},"query-input":{"@type":"PropertyValueSpecification","valueRequired":true,"valueName":"search_term_string"}}],"inLanguage":"es"},{"@type":"Person","@id":"https:\/\/pueblaenlinea.com\/2025\/#\/schema\/person\/6e2e07bc4690564243accbe893d21877","name":"Puebla EnLinea","image":{"@type":"ImageObject","inLanguage":"es","@id":"https:\/\/pueblaenlinea.com\/2025\/wp-content\/litespeed\/avatar\/3b8bde7acb3c32a2512cab1d325df9d8.jpg?ver=1787685560","url":"https:\/\/pueblaenlinea.com\/2025\/wp-content\/litespeed\/avatar\/3b8bde7acb3c32a2512cab1d325df9d8.jpg?ver=1787685560","contentUrl":"https:\/\/pueblaenlinea.com\/2025\/wp-content\/litespeed\/avatar\/3b8bde7acb3c32a2512cab1d325df9d8.jpg?ver=1787685560","caption":"Puebla EnLinea"},"url":"https:\/\/pueblaenlinea.com\/2025\/author\/pueblaenlinea\/"}]}},"_links":{"self":[{"href":"https:\/\/pueblaenlinea.com\/2025\/wp-json\/wp\/v2\/posts\/134662","targetHints":{"allow":["GET"]}}],"collection":[{"href":"https:\/\/pueblaenlinea.com\/2025\/wp-json\/wp\/v2\/posts"}],"about":[{"href":"https:\/\/pueblaenlinea.com\/2025\/wp-json\/wp\/v2\/types\/post"}],"author":[{"embeddable":true,"href":"https:\/\/pueblaenlinea.com\/2025\/wp-json\/wp\/v2\/users\/2"}],"replies":[{"embeddable":true,"href":"https:\/\/pueblaenlinea.com\/2025\/wp-json\/wp\/v2\/comments?post=134662"}],"version-history":[{"count":0,"href":"https:\/\/pueblaenlinea.com\/2025\/wp-json\/wp\/v2\/posts\/134662\/revisions"}],"wp:featuredmedia":[{"embeddable":true,"href":"https:\/\/pueblaenlinea.com\/2025\/wp-json\/wp\/v2\/media\/134663"}],"wp:attachment":[{"href":"https:\/\/pueblaenlinea.com\/2025\/wp-json\/wp\/v2\/media?parent=134662"}],"wp:term":[{"taxonomy":"category","embeddable":true,"href":"https:\/\/pueblaenlinea.com\/2025\/wp-json\/wp\/v2\/categories?post=134662"},{"taxonomy":"post_tag","embeddable":true,"href":"https:\/\/pueblaenlinea.com\/2025\/wp-json\/wp\/v2\/tags?post=134662"}],"curies":[{"name":"wp","href":"https:\/\/api.w.org\/{rel}","templated":true}]}}