{"id":134660,"date":"2026-08-30T12:00:49","date_gmt":"2026-08-30T18:00:49","guid":{"rendered":"https:\/\/pueblaenlinea.com\/2025\/?p=134660"},"modified":"2026-08-30T12:00:50","modified_gmt":"2026-08-30T18:00:50","slug":"cae-la-sombra-de-los-cubas-en-coronango-arrestan-a-tres-presuntos-implicados-en-el-atroz-coche-bomba-contra-policias","status":"publish","type":"post","link":"https:\/\/pueblaenlinea.com\/2025\/nota-roja\/cae-la-sombra-de-los-cubas-en-coronango-arrestan-a-tres-presuntos-implicados-en-el-atroz-coche-bomba-contra-policias\/","title":{"rendered":"Cae la sombra de &#8220;Los Cubas&#8221; en Coronango: Arrestan a tres presuntos implicados en el atroz coche bomba contra polic\u00edas"},"content":{"rendered":"\n<h1 class=\"wp-block-heading\"> <\/h1>\n\n\n\n<p class=\"wp-block-paragraph\">M\u00e1s de un a\u00f1o despu\u00e9s de que un coche bomba sacudiera la tranquilidad policial en Coronango, la justicia comienza a trazar rutas precisas. La Fiscal\u00eda General del Estado asest\u00f3 un golpe contundente al capturar a tres presuntos integrantes de la c\u00e9lula delictiva \u201cLos Cubas\u201d.<\/p>\n\n\n\n<p class=\"wp-block-paragraph\">El tiempo suele diluir las memorias del horror, pero las deudas con la ley tienen la man\u00eda de regresar a cobrar facturas pendientes. Esta semana, el municipio de Coronango volvi\u00f3 al centro del tablero de seguridad tras una serie de operativos quir\u00fargicos que permitieron desarticular operaciones clave de este grupo criminal.<\/p>\n\n\n\n<p class=\"wp-block-paragraph\">Alejandro N., Giovanni N. y un tercer c\u00f3mplice cuya identidad se mantiene bajo reserva fueron interceptados en la comunidad de San Mart\u00edn Zoquiapan. No eran operadores menores; la estructura que integraban est\u00e1 bajo la mira por robo de hidrocarburo, narcomenudeo y, sobre todo, por su sombra en el atentado que marc\u00f3 a la corporaci\u00f3n local.<\/p>\n\n\n\n<p class=\"wp-block-paragraph\"><strong>Puntos clave del operativo y la investigaci\u00f3n<\/strong><\/p>\n\n\n\n<ul class=\"wp-block-list\">\n<li><strong>El objetivo:<\/strong> Desarticulaci\u00f3n parcial de la c\u00e9lula delictiva \u201cLos Cubas\u201d en el municipio de Coronango.<\/li>\n\n\n\n<li><strong>Los detenidos:<\/strong> Alejandro N., Giovanni N. y un tercer implicado sin identificar p\u00fablicamente.<\/li>\n\n\n\n<li><strong>El v\u00ednculo hist\u00f3rico:<\/strong> Presunta relaci\u00f3n con el coche bomba que el 30 de junio de 2025 hiri\u00f3 a dos polic\u00edas municipales tras inspeccionar un veh\u00edculo robado.<\/li>\n\n\n\n<li><strong>Golpe a la infraestructura:<\/strong> Cateos simult\u00e1neos y aseguramiento de dos bodegas y un tr\u00e1iler con reporte de robo en San Francisco Ocotl\u00e1n.<\/li>\n\n\n\n<li><strong>Instituciones participantes:<\/strong> Despliegue coordinado de la Fiscal\u00eda General del Estado (FGE) y corporaciones de seguridad.<\/li>\n<\/ul>\n\n\n\n<p class=\"wp-block-paragraph\">El eco de aquel 30 de junio de 2025 a\u00fan resuena en las instalaciones policiales de la regi\u00f3n. Aquella ma\u00f1ana, un auto rojo con reporte de robo se convirti\u00f3 en una trampa mortal cuando un artefacto explosivo casero estall\u00f3 al menor intento de revisi\u00f3n, dejando a dos uniformados gravemente heridos. La promesa institucional de no dejar impune tal afrenta tard\u00f3 m\u00e1s de doce meses en materializarse en \u00f3rdenes de aprehensi\u00f3n y celdas ministeriales.<\/p>\n\n\n\n<p class=\"wp-block-paragraph\">Los operativos no se limitaron a las capturas en Zoquiapan. Horas antes, el despliegue policial sacudi\u00f3 San Francisco Ocotl\u00e1n, donde las autoridades aseguraron dos bodegas y un tr\u00e1iler con reporte de robo, evidenciando que la red de &#8220;Los Cubas&#8221; operaba con una infraestructura log\u00edstica nada despreciable en la zona metropolitana.<\/p>\n\n\n\n<p class=\"wp-block-paragraph\">Si quieres seguir esta y otras notas de inter\u00e9s en tiempo real, \u00fanete a nuestro canal de WhatsApp: <a target=\"_blank\" rel=\"noopener\" href=\"https:\/\/whatsapp.com\/channel\/0029Va5CSyuEQIalZaJWpX1h\">https:\/\/whatsapp.com\/channel\/0029Va5CSyuEQIalZaJWpX1h<\/a><\/p>\n\n\n\n<p class=\"wp-block-paragraph\">Ahora, ser\u00e1 la autoridad judicial quien defina el destino legal de los imputados y esclarezca el grado exacto de participaci\u00f3n en cada uno de los delitos que se les imputan. La impunidad rara vez es eterna, pero la reconstrucci\u00f3n de la seguridad p\u00fablica exige algo m\u00e1s que detenciones tard\u00edas: demanda desmontar las redes financieras y operativas que permiten que la violencia extrema se convierta en rutina.<\/p>\n\n\n\n<p class=\"wp-block-paragraph\">Escrito por Redacci\u00f3n Puebla En L\u00ednea<\/p>\n\n\n\n<p class=\"wp-block-paragraph\"><strong> <\/strong><\/p>\n\n\n\n<ol start=\"1\" class=\"wp-block-list\">\n<li>\u00bfQu\u00e9 relaci\u00f3n tienen con el coche bomba? Cae c\u00e9lula de &#8220;Los Cubas&#8221; en Coronango<\/li>\n\n\n\n<li>M\u00e1s de un a\u00f1o despu\u00e9s: Detienen a tres presuntos integrantes de &#8220;Los Cubas&#8221; en Puebla<\/li>\n\n\n\n<li>Golpean estructura criminal en Coronango: Aseguran bodegas y detienen a implicados<\/li>\n\n\n\n<li>De la explosi\u00f3n a la celda: As\u00ed fue el operativo contra &#8220;Los Cubas&#8221; en San Mart\u00edn Zoquiapan<\/li>\n\n\n\n<li>FGE da fuerte golpe al hampa: Capturan a presuntos ligados a atentado contra polic\u00edas<\/li>\n<\/ol>\n\n\n\n<p class=\"wp-block-paragraph\"> <\/p>\n","protected":false},"excerpt":{"rendered":"<p>M\u00e1s de un a\u00f1o despu\u00e9s de que un coche bomba sacudiera la tranquilidad policial en Coronango, la justicia comienza a trazar rutas precisas. La Fiscal\u00eda General del Estado asest\u00f3 un golpe contundente al capturar a tres presuntos integrantes de la c\u00e9lula delictiva \u201cLos Cubas\u201d. El tiempo suele diluir las memorias del horror, pero las deudas&#8230;<\/p>\n","protected":false},"author":2,"featured_media":134661,"comment_status":"closed","ping_status":"closed","sticky":false,"template":"","format":"standard","meta":{"footnotes":""},"categories":[24],"tags":[1400],"class_list":["post-134660","post","type-post","status-publish","format-standard","has-post-thumbnail","hentry","category-nota-roja","tag-detenidos"],"yoast_head":"<!-- This site is optimized with the Yoast SEO plugin v28.0 - https:\/\/yoast.com\/product\/yoast-seo-wordpress\/ -->\n<title>Cae la sombra de &quot;Los Cubas&quot; en Coronango: Arrestan a tres presuntos implicados en el atroz coche bomba contra polic\u00edas - Puebla En Linea<\/title>\n<meta name=\"description\" content=\"Cae la sombra de &quot;Los Cubas&quot; en Coronango: Arrestan a tres presuntos implicados en el atroz coche bomba contra polic\u00edas Nota Roja\" \/>\n<meta name=\"robots\" content=\"index, follow, max-snippet:-1, max-image-preview:large, max-video-preview:-1\" \/>\n<link rel=\"canonical\" href=\"https:\/\/pueblaenlinea.com\/2025\/nota-roja\/cae-la-sombra-de-los-cubas-en-coronango-arrestan-a-tres-presuntos-implicados-en-el-atroz-coche-bomba-contra-policias\/\" \/>\n<meta property=\"og:locale\" content=\"es_MX\" \/>\n<meta property=\"og:type\" content=\"article\" \/>\n<meta property=\"og:title\" content=\"Cae la sombra de &quot;Los Cubas&quot; en Coronango: Arrestan a tres presuntos implicados en el atroz coche bomba contra polic\u00edas - Puebla En Linea\" \/>\n<meta property=\"og:description\" content=\"Cae la sombra de &quot;Los Cubas&quot; en Coronango: Arrestan a tres presuntos implicados en el atroz coche bomba contra polic\u00edas Nota Roja\" \/>\n<meta property=\"og:url\" content=\"https:\/\/pueblaenlinea.com\/2025\/nota-roja\/cae-la-sombra-de-los-cubas-en-coronango-arrestan-a-tres-presuntos-implicados-en-el-atroz-coche-bomba-contra-policias\/\" \/>\n<meta property=\"og:site_name\" content=\"Puebla En Linea\" \/>\n<meta property=\"article:publisher\" content=\"https:\/\/www.facebook.com\/pueblaenlineacom\" \/>\n<meta property=\"article:published_time\" content=\"2026-08-30T18:00:49+00:00\" \/>\n<meta property=\"article:modified_time\" content=\"2026-08-30T18:00:50+00:00\" \/>\n<meta property=\"og:image\" content=\"https:\/\/pueblaenlinea.com\/2025\/wp-content\/uploads\/2026\/08\/pel-207.jpg\" \/>\n\t<meta property=\"og:image:width\" content=\"1200\" \/>\n\t<meta property=\"og:image:height\" content=\"674\" \/>\n\t<meta property=\"og:image:type\" content=\"image\/jpeg\" \/>\n<meta name=\"author\" content=\"Puebla EnLinea\" \/>\n<meta name=\"twitter:card\" content=\"summary_large_image\" \/>\n<meta name=\"twitter:label1\" content=\"Escrito por\" \/>\n\t<meta name=\"twitter:data1\" content=\"Puebla EnLinea\" \/>\n\t<meta name=\"twitter:label2\" content=\"Tiempo de lectura\" \/>\n\t<meta name=\"twitter:data2\" content=\"3 minutos\" \/>\n<script type=\"application\/ld+json\" class=\"yoast-schema-graph\">{\"@context\":\"https:\\\/\\\/schema.org\",\"@graph\":[{\"@type\":\"Article\",\"@id\":\"https:\\\/\\\/pueblaenlinea.com\\\/2025\\\/nota-roja\\\/cae-la-sombra-de-los-cubas-en-coronango-arrestan-a-tres-presuntos-implicados-en-el-atroz-coche-bomba-contra-policias\\\/#article\",\"isPartOf\":{\"@id\":\"https:\\\/\\\/pueblaenlinea.com\\\/2025\\\/nota-roja\\\/cae-la-sombra-de-los-cubas-en-coronango-arrestan-a-tres-presuntos-implicados-en-el-atroz-coche-bomba-contra-policias\\\/\"},\"author\":{\"name\":\"Puebla EnLinea\",\"@id\":\"https:\\\/\\\/pueblaenlinea.com\\\/2025\\\/#\\\/schema\\\/person\\\/6e2e07bc4690564243accbe893d21877\"},\"headline\":\"Cae la sombra de &#8220;Los Cubas&#8221; en Coronango: Arrestan a tres presuntos implicados en el atroz coche bomba contra polic\u00edas\",\"datePublished\":\"2026-08-30T18:00:49+00:00\",\"dateModified\":\"2026-08-30T18:00:50+00:00\",\"mainEntityOfPage\":{\"@id\":\"https:\\\/\\\/pueblaenlinea.com\\\/2025\\\/nota-roja\\\/cae-la-sombra-de-los-cubas-en-coronango-arrestan-a-tres-presuntos-implicados-en-el-atroz-coche-bomba-contra-policias\\\/\"},\"wordCount\":604,\"image\":{\"@id\":\"https:\\\/\\\/pueblaenlinea.com\\\/2025\\\/nota-roja\\\/cae-la-sombra-de-los-cubas-en-coronango-arrestan-a-tres-presuntos-implicados-en-el-atroz-coche-bomba-contra-policias\\\/#primaryimage\"},\"thumbnailUrl\":\"https:\\\/\\\/pueblaenlinea.com\\\/2025\\\/wp-content\\\/uploads\\\/2026\\\/08\\\/pel-207.jpg\",\"keywords\":[\"detenidos\"],\"articleSection\":[\"Nota Roja\"],\"inLanguage\":\"es\"},{\"@type\":\"WebPage\",\"@id\":\"https:\\\/\\\/pueblaenlinea.com\\\/2025\\\/nota-roja\\\/cae-la-sombra-de-los-cubas-en-coronango-arrestan-a-tres-presuntos-implicados-en-el-atroz-coche-bomba-contra-policias\\\/\",\"url\":\"https:\\\/\\\/pueblaenlinea.com\\\/2025\\\/nota-roja\\\/cae-la-sombra-de-los-cubas-en-coronango-arrestan-a-tres-presuntos-implicados-en-el-atroz-coche-bomba-contra-policias\\\/\",\"name\":\"Cae la sombra de \\\"Los Cubas\\\" en Coronango: Arrestan a tres presuntos implicados en el atroz coche bomba contra polic\u00edas - Puebla En Linea\",\"isPartOf\":{\"@id\":\"https:\\\/\\\/pueblaenlinea.com\\\/2025\\\/#website\"},\"primaryImageOfPage\":{\"@id\":\"https:\\\/\\\/pueblaenlinea.com\\\/2025\\\/nota-roja\\\/cae-la-sombra-de-los-cubas-en-coronango-arrestan-a-tres-presuntos-implicados-en-el-atroz-coche-bomba-contra-policias\\\/#primaryimage\"},\"image\":{\"@id\":\"https:\\\/\\\/pueblaenlinea.com\\\/2025\\\/nota-roja\\\/cae-la-sombra-de-los-cubas-en-coronango-arrestan-a-tres-presuntos-implicados-en-el-atroz-coche-bomba-contra-policias\\\/#primaryimage\"},\"thumbnailUrl\":\"https:\\\/\\\/pueblaenlinea.com\\\/2025\\\/wp-content\\\/uploads\\\/2026\\\/08\\\/pel-207.jpg\",\"datePublished\":\"2026-08-30T18:00:49+00:00\",\"dateModified\":\"2026-08-30T18:00:50+00:00\",\"author\":{\"@id\":\"https:\\\/\\\/pueblaenlinea.com\\\/2025\\\/#\\\/schema\\\/person\\\/6e2e07bc4690564243accbe893d21877\"},\"description\":\"Cae la sombra de \\\"Los Cubas\\\" en Coronango: Arrestan a tres presuntos implicados en el atroz coche bomba contra polic\u00edas Nota Roja\",\"breadcrumb\":{\"@id\":\"https:\\\/\\\/pueblaenlinea.com\\\/2025\\\/nota-roja\\\/cae-la-sombra-de-los-cubas-en-coronango-arrestan-a-tres-presuntos-implicados-en-el-atroz-coche-bomba-contra-policias\\\/#breadcrumb\"},\"inLanguage\":\"es\",\"potentialAction\":[{\"@type\":\"ReadAction\",\"target\":[\"https:\\\/\\\/pueblaenlinea.com\\\/2025\\\/nota-roja\\\/cae-la-sombra-de-los-cubas-en-coronango-arrestan-a-tres-presuntos-implicados-en-el-atroz-coche-bomba-contra-policias\\\/\"]}]},{\"@type\":\"ImageObject\",\"inLanguage\":\"es\",\"@id\":\"https:\\\/\\\/pueblaenlinea.com\\\/2025\\\/nota-roja\\\/cae-la-sombra-de-los-cubas-en-coronango-arrestan-a-tres-presuntos-implicados-en-el-atroz-coche-bomba-contra-policias\\\/#primaryimage\",\"url\":\"https:\\\/\\\/pueblaenlinea.com\\\/2025\\\/wp-content\\\/uploads\\\/2026\\\/08\\\/pel-207.jpg\",\"contentUrl\":\"https:\\\/\\\/pueblaenlinea.com\\\/2025\\\/wp-content\\\/uploads\\\/2026\\\/08\\\/pel-207.jpg\",\"width\":1200,\"height\":674,\"caption\":\"\\\"Los Cubas\"},{\"@type\":\"BreadcrumbList\",\"@id\":\"https:\\\/\\\/pueblaenlinea.com\\\/2025\\\/nota-roja\\\/cae-la-sombra-de-los-cubas-en-coronango-arrestan-a-tres-presuntos-implicados-en-el-atroz-coche-bomba-contra-policias\\\/#breadcrumb\",\"itemListElement\":[{\"@type\":\"ListItem\",\"position\":1,\"name\":\"Inicio\",\"item\":\"https:\\\/\\\/pueblaenlinea.com\\\/2025\\\/\"},{\"@type\":\"ListItem\",\"position\":2,\"name\":\"Cae la sombra de &#8220;Los Cubas&#8221; en Coronango: Arrestan a tres presuntos implicados en el atroz coche bomba contra polic\u00edas\"}]},{\"@type\":\"WebSite\",\"@id\":\"https:\\\/\\\/pueblaenlinea.com\\\/2025\\\/#website\",\"url\":\"https:\\\/\\\/pueblaenlinea.com\\\/2025\\\/\",\"name\":\"Puebla En Linea\",\"description\":\"noticias de puebla, periodismo serio y comprometido.\",\"potentialAction\":[{\"@type\":\"SearchAction\",\"target\":{\"@type\":\"EntryPoint\",\"urlTemplate\":\"https:\\\/\\\/pueblaenlinea.com\\\/2025\\\/?s={search_term_string}\"},\"query-input\":{\"@type\":\"PropertyValueSpecification\",\"valueRequired\":true,\"valueName\":\"search_term_string\"}}],\"inLanguage\":\"es\"},{\"@type\":\"Person\",\"@id\":\"https:\\\/\\\/pueblaenlinea.com\\\/2025\\\/#\\\/schema\\\/person\\\/6e2e07bc4690564243accbe893d21877\",\"name\":\"Puebla EnLinea\",\"image\":{\"@type\":\"ImageObject\",\"inLanguage\":\"es\",\"@id\":\"https:\\\/\\\/pueblaenlinea.com\\\/2025\\\/wp-content\\\/litespeed\\\/avatar\\\/3b8bde7acb3c32a2512cab1d325df9d8.jpg?ver=1787685560\",\"url\":\"https:\\\/\\\/pueblaenlinea.com\\\/2025\\\/wp-content\\\/litespeed\\\/avatar\\\/3b8bde7acb3c32a2512cab1d325df9d8.jpg?ver=1787685560\",\"contentUrl\":\"https:\\\/\\\/pueblaenlinea.com\\\/2025\\\/wp-content\\\/litespeed\\\/avatar\\\/3b8bde7acb3c32a2512cab1d325df9d8.jpg?ver=1787685560\",\"caption\":\"Puebla EnLinea\"},\"url\":\"https:\\\/\\\/pueblaenlinea.com\\\/2025\\\/author\\\/pueblaenlinea\\\/\"}]}<\/script>\n<!-- \/ Yoast SEO plugin. -->","yoast_head_json":{"title":"Cae la sombra de \"Los Cubas\" en Coronango: Arrestan a tres presuntos implicados en el atroz coche bomba contra polic\u00edas - Puebla En Linea","description":"Cae la sombra de \"Los Cubas\" en Coronango: Arrestan a tres presuntos implicados en el atroz coche bomba contra polic\u00edas Nota Roja","robots":{"index":"index","follow":"follow","max-snippet":"max-snippet:-1","max-image-preview":"max-image-preview:large","max-video-preview":"max-video-preview:-1"},"canonical":"https:\/\/pueblaenlinea.com\/2025\/nota-roja\/cae-la-sombra-de-los-cubas-en-coronango-arrestan-a-tres-presuntos-implicados-en-el-atroz-coche-bomba-contra-policias\/","og_locale":"es_MX","og_type":"article","og_title":"Cae la sombra de \"Los Cubas\" en Coronango: Arrestan a tres presuntos implicados en el atroz coche bomba contra polic\u00edas - Puebla En Linea","og_description":"Cae la sombra de \"Los Cubas\" en Coronango: Arrestan a tres presuntos implicados en el atroz coche bomba contra polic\u00edas Nota Roja","og_url":"https:\/\/pueblaenlinea.com\/2025\/nota-roja\/cae-la-sombra-de-los-cubas-en-coronango-arrestan-a-tres-presuntos-implicados-en-el-atroz-coche-bomba-contra-policias\/","og_site_name":"Puebla En Linea","article_publisher":"https:\/\/www.facebook.com\/pueblaenlineacom","article_published_time":"2026-08-30T18:00:49+00:00","article_modified_time":"2026-08-30T18:00:50+00:00","og_image":[{"width":1200,"height":674,"url":"https:\/\/pueblaenlinea.com\/2025\/wp-content\/uploads\/2026\/08\/pel-207.jpg","type":"image\/jpeg"}],"author":"Puebla EnLinea","twitter_card":"summary_large_image","twitter_misc":{"Escrito por":"Puebla EnLinea","Tiempo de lectura":"3 minutos"},"schema":{"@context":"https:\/\/schema.org","@graph":[{"@type":"Article","@id":"https:\/\/pueblaenlinea.com\/2025\/nota-roja\/cae-la-sombra-de-los-cubas-en-coronango-arrestan-a-tres-presuntos-implicados-en-el-atroz-coche-bomba-contra-policias\/#article","isPartOf":{"@id":"https:\/\/pueblaenlinea.com\/2025\/nota-roja\/cae-la-sombra-de-los-cubas-en-coronango-arrestan-a-tres-presuntos-implicados-en-el-atroz-coche-bomba-contra-policias\/"},"author":{"name":"Puebla EnLinea","@id":"https:\/\/pueblaenlinea.com\/2025\/#\/schema\/person\/6e2e07bc4690564243accbe893d21877"},"headline":"Cae la sombra de &#8220;Los Cubas&#8221; en Coronango: Arrestan a tres presuntos implicados en el atroz coche bomba contra polic\u00edas","datePublished":"2026-08-30T18:00:49+00:00","dateModified":"2026-08-30T18:00:50+00:00","mainEntityOfPage":{"@id":"https:\/\/pueblaenlinea.com\/2025\/nota-roja\/cae-la-sombra-de-los-cubas-en-coronango-arrestan-a-tres-presuntos-implicados-en-el-atroz-coche-bomba-contra-policias\/"},"wordCount":604,"image":{"@id":"https:\/\/pueblaenlinea.com\/2025\/nota-roja\/cae-la-sombra-de-los-cubas-en-coronango-arrestan-a-tres-presuntos-implicados-en-el-atroz-coche-bomba-contra-policias\/#primaryimage"},"thumbnailUrl":"https:\/\/pueblaenlinea.com\/2025\/wp-content\/uploads\/2026\/08\/pel-207.jpg","keywords":["detenidos"],"articleSection":["Nota Roja"],"inLanguage":"es"},{"@type":"WebPage","@id":"https:\/\/pueblaenlinea.com\/2025\/nota-roja\/cae-la-sombra-de-los-cubas-en-coronango-arrestan-a-tres-presuntos-implicados-en-el-atroz-coche-bomba-contra-policias\/","url":"https:\/\/pueblaenlinea.com\/2025\/nota-roja\/cae-la-sombra-de-los-cubas-en-coronango-arrestan-a-tres-presuntos-implicados-en-el-atroz-coche-bomba-contra-policias\/","name":"Cae la sombra de \"Los Cubas\" en Coronango: Arrestan a tres presuntos implicados en el atroz coche bomba contra polic\u00edas - Puebla En Linea","isPartOf":{"@id":"https:\/\/pueblaenlinea.com\/2025\/#website"},"primaryImageOfPage":{"@id":"https:\/\/pueblaenlinea.com\/2025\/nota-roja\/cae-la-sombra-de-los-cubas-en-coronango-arrestan-a-tres-presuntos-implicados-en-el-atroz-coche-bomba-contra-policias\/#primaryimage"},"image":{"@id":"https:\/\/pueblaenlinea.com\/2025\/nota-roja\/cae-la-sombra-de-los-cubas-en-coronango-arrestan-a-tres-presuntos-implicados-en-el-atroz-coche-bomba-contra-policias\/#primaryimage"},"thumbnailUrl":"https:\/\/pueblaenlinea.com\/2025\/wp-content\/uploads\/2026\/08\/pel-207.jpg","datePublished":"2026-08-30T18:00:49+00:00","dateModified":"2026-08-30T18:00:50+00:00","author":{"@id":"https:\/\/pueblaenlinea.com\/2025\/#\/schema\/person\/6e2e07bc4690564243accbe893d21877"},"description":"Cae la sombra de \"Los Cubas\" en Coronango: Arrestan a tres presuntos implicados en el atroz coche bomba contra polic\u00edas Nota Roja","breadcrumb":{"@id":"https:\/\/pueblaenlinea.com\/2025\/nota-roja\/cae-la-sombra-de-los-cubas-en-coronango-arrestan-a-tres-presuntos-implicados-en-el-atroz-coche-bomba-contra-policias\/#breadcrumb"},"inLanguage":"es","potentialAction":[{"@type":"ReadAction","target":["https:\/\/pueblaenlinea.com\/2025\/nota-roja\/cae-la-sombra-de-los-cubas-en-coronango-arrestan-a-tres-presuntos-implicados-en-el-atroz-coche-bomba-contra-policias\/"]}]},{"@type":"ImageObject","inLanguage":"es","@id":"https:\/\/pueblaenlinea.com\/2025\/nota-roja\/cae-la-sombra-de-los-cubas-en-coronango-arrestan-a-tres-presuntos-implicados-en-el-atroz-coche-bomba-contra-policias\/#primaryimage","url":"https:\/\/pueblaenlinea.com\/2025\/wp-content\/uploads\/2026\/08\/pel-207.jpg","contentUrl":"https:\/\/pueblaenlinea.com\/2025\/wp-content\/uploads\/2026\/08\/pel-207.jpg","width":1200,"height":674,"caption":"\"Los Cubas"},{"@type":"BreadcrumbList","@id":"https:\/\/pueblaenlinea.com\/2025\/nota-roja\/cae-la-sombra-de-los-cubas-en-coronango-arrestan-a-tres-presuntos-implicados-en-el-atroz-coche-bomba-contra-policias\/#breadcrumb","itemListElement":[{"@type":"ListItem","position":1,"name":"Inicio","item":"https:\/\/pueblaenlinea.com\/2025\/"},{"@type":"ListItem","position":2,"name":"Cae la sombra de &#8220;Los Cubas&#8221; en Coronango: Arrestan a tres presuntos implicados en el atroz coche bomba contra polic\u00edas"}]},{"@type":"WebSite","@id":"https:\/\/pueblaenlinea.com\/2025\/#website","url":"https:\/\/pueblaenlinea.com\/2025\/","name":"Puebla En Linea","description":"noticias de puebla, periodismo serio y comprometido.","potentialAction":[{"@type":"SearchAction","target":{"@type":"EntryPoint","urlTemplate":"https:\/\/pueblaenlinea.com\/2025\/?s={search_term_string}"},"query-input":{"@type":"PropertyValueSpecification","valueRequired":true,"valueName":"search_term_string"}}],"inLanguage":"es"},{"@type":"Person","@id":"https:\/\/pueblaenlinea.com\/2025\/#\/schema\/person\/6e2e07bc4690564243accbe893d21877","name":"Puebla EnLinea","image":{"@type":"ImageObject","inLanguage":"es","@id":"https:\/\/pueblaenlinea.com\/2025\/wp-content\/litespeed\/avatar\/3b8bde7acb3c32a2512cab1d325df9d8.jpg?ver=1787685560","url":"https:\/\/pueblaenlinea.com\/2025\/wp-content\/litespeed\/avatar\/3b8bde7acb3c32a2512cab1d325df9d8.jpg?ver=1787685560","contentUrl":"https:\/\/pueblaenlinea.com\/2025\/wp-content\/litespeed\/avatar\/3b8bde7acb3c32a2512cab1d325df9d8.jpg?ver=1787685560","caption":"Puebla EnLinea"},"url":"https:\/\/pueblaenlinea.com\/2025\/author\/pueblaenlinea\/"}]}},"_links":{"self":[{"href":"https:\/\/pueblaenlinea.com\/2025\/wp-json\/wp\/v2\/posts\/134660","targetHints":{"allow":["GET"]}}],"collection":[{"href":"https:\/\/pueblaenlinea.com\/2025\/wp-json\/wp\/v2\/posts"}],"about":[{"href":"https:\/\/pueblaenlinea.com\/2025\/wp-json\/wp\/v2\/types\/post"}],"author":[{"embeddable":true,"href":"https:\/\/pueblaenlinea.com\/2025\/wp-json\/wp\/v2\/users\/2"}],"replies":[{"embeddable":true,"href":"https:\/\/pueblaenlinea.com\/2025\/wp-json\/wp\/v2\/comments?post=134660"}],"version-history":[{"count":0,"href":"https:\/\/pueblaenlinea.com\/2025\/wp-json\/wp\/v2\/posts\/134660\/revisions"}],"wp:featuredmedia":[{"embeddable":true,"href":"https:\/\/pueblaenlinea.com\/2025\/wp-json\/wp\/v2\/media\/134661"}],"wp:attachment":[{"href":"https:\/\/pueblaenlinea.com\/2025\/wp-json\/wp\/v2\/media?parent=134660"}],"wp:term":[{"taxonomy":"category","embeddable":true,"href":"https:\/\/pueblaenlinea.com\/2025\/wp-json\/wp\/v2\/categories?post=134660"},{"taxonomy":"post_tag","embeddable":true,"href":"https:\/\/pueblaenlinea.com\/2025\/wp-json\/wp\/v2\/tags?post=134660"}],"curies":[{"name":"wp","href":"https:\/\/api.w.org\/{rel}","templated":true}]}}