{"id":134658,"date":"2026-08-30T11:51:14","date_gmt":"2026-08-30T17:51:14","guid":{"rendered":"https:\/\/pueblaenlinea.com\/2025\/?p=134658"},"modified":"2026-08-30T11:51:15","modified_gmt":"2026-08-30T17:51:15","slug":"si-algo-me-pasa-ya-saben-asesinan-a-balazos-a-influencer-que-criticaba-al-gobierno-en-tehuitzingo-puebla","status":"publish","type":"post","link":"https:\/\/pueblaenlinea.com\/2025\/nota-roja\/si-algo-me-pasa-ya-saben-asesinan-a-balazos-a-influencer-que-criticaba-al-gobierno-en-tehuitzingo-puebla\/","title":{"rendered":"&#8220;Si algo me pasa, ya saben&#8221;: Asesinan a balazos a influencer que criticaba al gobierno en Tehuitzingo, Puebla"},"content":{"rendered":"\n<p class=\"wp-block-paragraph\">Cuando la pantalla del tel\u00e9fono deja de ser un escaparate de opiniones y se convierte en una sentencia de muerte, la libertad de expresi\u00f3n en los municipios poblanos agoniza. La tarde del pasado s\u00e1bado 29 de agosto, el comerciante y creador de contenido Ricardo Z\u00fa\u00f1iga fue acribillado al interior de su propio negocio en , meses despu\u00e9s de haber advertido p\u00fablicamente que su vida corr\u00eda peligro.<\/p>\n\n\n\n<p class=\"wp-block-paragraph\"><strong>Puntos clave del atentado<\/strong><\/p>\n\n\n\n<ul class=\"wp-block-list\">\n<li><strong>La v\u00edctima:<\/strong> Ricardo Z\u00fa\u00f1iga Rosas, de 35 a\u00f1os de edad, comerciante y creador de contenido digital cr\u00edtico de la administraci\u00f3n p\u00fablica local.<\/li>\n\n\n\n<li><strong>El escenario:<\/strong> Local comercial &#8220;Suma&#8221;, ubicado en la localidad de Santa Cruz Atopoltitl\u00e1n, perteneciente al municipio de Tehuitzingo.<\/li>\n\n\n\n<li><strong>La fecha:<\/strong> S\u00e1bado 29 de agosto por la tarde.<\/li>\n\n\n\n<li><strong>El ataque:<\/strong> Dos sujetos a bordo de una motocicleta irrumpieron en el establecimiento y le dispararon a corta distancia en el t\u00f3rax.<\/li>\n\n\n\n<li><strong>El antecedente:<\/strong> En mayo pasado, Z\u00fa\u00f1iga denunci\u00f3 amenazas telef\u00f3nicas por sus publicaciones sobre obras y recursos p\u00fablicos, escribiendo en redes: <em>&#8220;Si algo me pasa, ya saben&#8221;<\/em>.<\/li>\n<\/ul>\n\n\n\n<p class=\"wp-block-paragraph\">La advertencia lanzada meses atr\u00e1s a trav\u00e9s de su cuenta de Facebook no era una exageraci\u00f3n digital, sino la cr\u00f3nica tr\u00e1gica de un final anunciado. Z\u00fa\u00f1iga se hab\u00eda ganado el pulso de la comunidad local criticando obras p\u00fablicas, el manejo de recursos y temas sensibles como el basurero municipal. Sin embargo, en el tablero de la pol\u00edtica local, se\u00f1alar las grietas del poder suele pagarse con la vida.<\/p>\n\n\n\n<p class=\"wp-block-paragraph\">El ataque ocurri\u00f3 con fr\u00eda precisi\u00f3n. Dos hombres en motocicleta llegaron hasta el establecimiento de productos de limpieza, se detuvieron y uno de ellos cruz\u00f3 el umbral para disparar directo al t\u00f3rax de la v\u00edctima. Aunque familiares y vecinos intentaron salvarle la vida traslad\u00e1ndolo de emergencia al Hospital de Tehuitzingo, los m\u00e9dicos solo pudieron certificar lo inevitable. Los agresores huyeron hacia la Secci\u00f3n Cuarta, esfum\u00e1ndose en la impunidad que arropa los caminos del sur poblano.<\/p>\n\n\n\n<p class=\"wp-block-paragraph\">Si quieres seguir esta y otras notas de inter\u00e9s en tiempo real, \u00fanete a nuestro canal de WhatsApp: <a target=\"_blank\" rel=\"noopener\" href=\"https:\/\/whatsapp.com\/channel\/0029Va5CSyuEQIalZaJWpX1h\">https:\/\/whatsapp.com\/channel\/0029Va5CSyuEQIalZaJWpX1h<\/a><\/p>\n\n\n\n<p class=\"wp-block-paragraph\">La Fiscal\u00eda General del Estado ha asumido las riendas de una investigaci\u00f3n que deber\u00e1 esclarecer si el m\u00f3vil del crimen guarda relaci\u00f3n directa con las advertencias que el propio creador de contenido hizo p\u00fablicas. Cuando la cr\u00edtica ciudadana se silencia a balazos, la democracia local retrocede un paso m\u00e1s hacia el abismo del silencio obligatorio.<\/p>\n\n\n\n<p class=\"wp-block-paragraph\">Escrito por Redacci\u00f3n Puebla En L\u00ednea<\/p>\n\n\n\n<p class=\"wp-block-paragraph\"><strong> <\/strong><\/p>\n\n\n\n<ol start=\"1\" class=\"wp-block-list\">\n<li>&#8220;Si algo me pasa, ya saben&#8221;: Asesinan a balazos a influencer que criticaba al gobierno en Puebla<\/li>\n\n\n\n<li>Terror en la Mixteca: Matan a creador de contenido al interior de su negocio en Tehuitzingo<\/li>\n\n\n\n<li>De la advertencia al crimen: Lo que se sabe del homicidio de Ricardo Z\u00fa\u00f1iga en Puebla<\/li>\n\n\n\n<li>Motociclistas ejecutan a comerciante en Tehuitzingo: Hab\u00eda denunciado amenazas previas<\/li>\n\n\n\n<li>Silencian a la cr\u00edtica local: Asesinan a balazos a Ricardo Z\u00fa\u00f1iga en Santa Cruz Atopoltitl\u00e1n<\/li>\n<\/ol>\n\n\n\n<p class=\"wp-block-paragraph\"><strong> <\/strong> Ricardo Z\u00fa\u00f1iga Tehuitzingo, asesinato influencer Puebla, Santa Cruz Atopoltitl\u00e1n, FGE Puebla, notas rojas Puebla, noticias Puebla hoy, violencia Mixteca poblana<\/p>\n","protected":false},"excerpt":{"rendered":"<p>Cuando la pantalla del tel\u00e9fono deja de ser un escaparate de opiniones y se convierte en una sentencia de muerte, la libertad de expresi\u00f3n en los municipios poblanos agoniza. La tarde del pasado s\u00e1bado 29 de agosto, el comerciante y creador de contenido Ricardo Z\u00fa\u00f1iga fue acribillado al interior de su propio negocio en ,&#8230;<\/p>\n","protected":false},"author":2,"featured_media":134659,"comment_status":"closed","ping_status":"closed","sticky":false,"template":"","format":"standard","meta":{"footnotes":""},"categories":[24],"tags":[1401],"class_list":["post-134658","post","type-post","status-publish","format-standard","has-post-thumbnail","hentry","category-nota-roja","tag-asesinato-puebla"],"yoast_head":"<!-- This site is optimized with the Yoast SEO plugin v28.0 - https:\/\/yoast.com\/product\/yoast-seo-wordpress\/ -->\n<title>&quot;Si algo me pasa, ya saben&quot;: Asesinan a balazos a influencer que criticaba al gobierno en Tehuitzingo, Puebla - Puebla En Linea<\/title>\n<meta name=\"description\" content=\"&quot;Si algo me pasa, ya saben&quot;: Asesinan a balazos a influencer que criticaba al gobierno en Tehuitzingo, Puebla Nota Roja\" \/>\n<meta name=\"robots\" content=\"index, follow, max-snippet:-1, max-image-preview:large, max-video-preview:-1\" \/>\n<link rel=\"canonical\" href=\"https:\/\/pueblaenlinea.com\/2025\/nota-roja\/si-algo-me-pasa-ya-saben-asesinan-a-balazos-a-influencer-que-criticaba-al-gobierno-en-tehuitzingo-puebla\/\" \/>\n<meta property=\"og:locale\" content=\"es_MX\" \/>\n<meta property=\"og:type\" content=\"article\" \/>\n<meta property=\"og:title\" content=\"&quot;Si algo me pasa, ya saben&quot;: Asesinan a balazos a influencer que criticaba al gobierno en Tehuitzingo, Puebla - Puebla En Linea\" \/>\n<meta property=\"og:description\" content=\"&quot;Si algo me pasa, ya saben&quot;: Asesinan a balazos a influencer que criticaba al gobierno en Tehuitzingo, Puebla Nota Roja\" \/>\n<meta property=\"og:url\" content=\"https:\/\/pueblaenlinea.com\/2025\/nota-roja\/si-algo-me-pasa-ya-saben-asesinan-a-balazos-a-influencer-que-criticaba-al-gobierno-en-tehuitzingo-puebla\/\" \/>\n<meta property=\"og:site_name\" content=\"Puebla En Linea\" \/>\n<meta property=\"article:publisher\" content=\"https:\/\/www.facebook.com\/pueblaenlineacom\" \/>\n<meta property=\"article:published_time\" content=\"2026-08-30T17:51:14+00:00\" \/>\n<meta property=\"article:modified_time\" content=\"2026-08-30T17:51:15+00:00\" \/>\n<meta property=\"og:image\" content=\"https:\/\/pueblaenlinea.com\/2025\/wp-content\/uploads\/2026\/08\/pel-206.jpg\" \/>\n\t<meta property=\"og:image:width\" content=\"1200\" \/>\n\t<meta property=\"og:image:height\" content=\"674\" \/>\n\t<meta property=\"og:image:type\" content=\"image\/jpeg\" \/>\n<meta name=\"author\" content=\"Puebla EnLinea\" \/>\n<meta name=\"twitter:card\" content=\"summary_large_image\" \/>\n<meta name=\"twitter:label1\" content=\"Escrito por\" \/>\n\t<meta name=\"twitter:data1\" content=\"Puebla EnLinea\" \/>\n\t<meta name=\"twitter:label2\" content=\"Tiempo de lectura\" \/>\n\t<meta name=\"twitter:data2\" content=\"3 minutos\" \/>\n<script type=\"application\/ld+json\" class=\"yoast-schema-graph\">{\"@context\":\"https:\\\/\\\/schema.org\",\"@graph\":[{\"@type\":\"Article\",\"@id\":\"https:\\\/\\\/pueblaenlinea.com\\\/2025\\\/nota-roja\\\/si-algo-me-pasa-ya-saben-asesinan-a-balazos-a-influencer-que-criticaba-al-gobierno-en-tehuitzingo-puebla\\\/#article\",\"isPartOf\":{\"@id\":\"https:\\\/\\\/pueblaenlinea.com\\\/2025\\\/nota-roja\\\/si-algo-me-pasa-ya-saben-asesinan-a-balazos-a-influencer-que-criticaba-al-gobierno-en-tehuitzingo-puebla\\\/\"},\"author\":{\"name\":\"Puebla EnLinea\",\"@id\":\"https:\\\/\\\/pueblaenlinea.com\\\/2025\\\/#\\\/schema\\\/person\\\/6e2e07bc4690564243accbe893d21877\"},\"headline\":\"&#8220;Si algo me pasa, ya saben&#8221;: Asesinan a balazos a influencer que criticaba al gobierno en Tehuitzingo, Puebla\",\"datePublished\":\"2026-08-30T17:51:14+00:00\",\"dateModified\":\"2026-08-30T17:51:15+00:00\",\"mainEntityOfPage\":{\"@id\":\"https:\\\/\\\/pueblaenlinea.com\\\/2025\\\/nota-roja\\\/si-algo-me-pasa-ya-saben-asesinan-a-balazos-a-influencer-que-criticaba-al-gobierno-en-tehuitzingo-puebla\\\/\"},\"wordCount\":558,\"image\":{\"@id\":\"https:\\\/\\\/pueblaenlinea.com\\\/2025\\\/nota-roja\\\/si-algo-me-pasa-ya-saben-asesinan-a-balazos-a-influencer-que-criticaba-al-gobierno-en-tehuitzingo-puebla\\\/#primaryimage\"},\"thumbnailUrl\":\"https:\\\/\\\/pueblaenlinea.com\\\/2025\\\/wp-content\\\/uploads\\\/2026\\\/08\\\/pel-206.jpg\",\"keywords\":[\"asesinato puebla\"],\"articleSection\":[\"Nota Roja\"],\"inLanguage\":\"es\"},{\"@type\":\"WebPage\",\"@id\":\"https:\\\/\\\/pueblaenlinea.com\\\/2025\\\/nota-roja\\\/si-algo-me-pasa-ya-saben-asesinan-a-balazos-a-influencer-que-criticaba-al-gobierno-en-tehuitzingo-puebla\\\/\",\"url\":\"https:\\\/\\\/pueblaenlinea.com\\\/2025\\\/nota-roja\\\/si-algo-me-pasa-ya-saben-asesinan-a-balazos-a-influencer-que-criticaba-al-gobierno-en-tehuitzingo-puebla\\\/\",\"name\":\"\\\"Si algo me pasa, ya saben\\\": Asesinan a balazos a influencer que criticaba al gobierno en Tehuitzingo, Puebla - Puebla En Linea\",\"isPartOf\":{\"@id\":\"https:\\\/\\\/pueblaenlinea.com\\\/2025\\\/#website\"},\"primaryImageOfPage\":{\"@id\":\"https:\\\/\\\/pueblaenlinea.com\\\/2025\\\/nota-roja\\\/si-algo-me-pasa-ya-saben-asesinan-a-balazos-a-influencer-que-criticaba-al-gobierno-en-tehuitzingo-puebla\\\/#primaryimage\"},\"image\":{\"@id\":\"https:\\\/\\\/pueblaenlinea.com\\\/2025\\\/nota-roja\\\/si-algo-me-pasa-ya-saben-asesinan-a-balazos-a-influencer-que-criticaba-al-gobierno-en-tehuitzingo-puebla\\\/#primaryimage\"},\"thumbnailUrl\":\"https:\\\/\\\/pueblaenlinea.com\\\/2025\\\/wp-content\\\/uploads\\\/2026\\\/08\\\/pel-206.jpg\",\"datePublished\":\"2026-08-30T17:51:14+00:00\",\"dateModified\":\"2026-08-30T17:51:15+00:00\",\"author\":{\"@id\":\"https:\\\/\\\/pueblaenlinea.com\\\/2025\\\/#\\\/schema\\\/person\\\/6e2e07bc4690564243accbe893d21877\"},\"description\":\"\\\"Si algo me pasa, ya saben\\\": Asesinan a balazos a influencer que criticaba al gobierno en Tehuitzingo, Puebla Nota Roja\",\"breadcrumb\":{\"@id\":\"https:\\\/\\\/pueblaenlinea.com\\\/2025\\\/nota-roja\\\/si-algo-me-pasa-ya-saben-asesinan-a-balazos-a-influencer-que-criticaba-al-gobierno-en-tehuitzingo-puebla\\\/#breadcrumb\"},\"inLanguage\":\"es\",\"potentialAction\":[{\"@type\":\"ReadAction\",\"target\":[\"https:\\\/\\\/pueblaenlinea.com\\\/2025\\\/nota-roja\\\/si-algo-me-pasa-ya-saben-asesinan-a-balazos-a-influencer-que-criticaba-al-gobierno-en-tehuitzingo-puebla\\\/\"]}]},{\"@type\":\"ImageObject\",\"inLanguage\":\"es\",\"@id\":\"https:\\\/\\\/pueblaenlinea.com\\\/2025\\\/nota-roja\\\/si-algo-me-pasa-ya-saben-asesinan-a-balazos-a-influencer-que-criticaba-al-gobierno-en-tehuitzingo-puebla\\\/#primaryimage\",\"url\":\"https:\\\/\\\/pueblaenlinea.com\\\/2025\\\/wp-content\\\/uploads\\\/2026\\\/08\\\/pel-206.jpg\",\"contentUrl\":\"https:\\\/\\\/pueblaenlinea.com\\\/2025\\\/wp-content\\\/uploads\\\/2026\\\/08\\\/pel-206.jpg\",\"width\":1200,\"height\":674,\"caption\":\"Ricardo Z\u00fa\u00f1iga\"},{\"@type\":\"BreadcrumbList\",\"@id\":\"https:\\\/\\\/pueblaenlinea.com\\\/2025\\\/nota-roja\\\/si-algo-me-pasa-ya-saben-asesinan-a-balazos-a-influencer-que-criticaba-al-gobierno-en-tehuitzingo-puebla\\\/#breadcrumb\",\"itemListElement\":[{\"@type\":\"ListItem\",\"position\":1,\"name\":\"Inicio\",\"item\":\"https:\\\/\\\/pueblaenlinea.com\\\/2025\\\/\"},{\"@type\":\"ListItem\",\"position\":2,\"name\":\"&#8220;Si algo me pasa, ya saben&#8221;: Asesinan a balazos a influencer que criticaba al gobierno en Tehuitzingo, Puebla\"}]},{\"@type\":\"WebSite\",\"@id\":\"https:\\\/\\\/pueblaenlinea.com\\\/2025\\\/#website\",\"url\":\"https:\\\/\\\/pueblaenlinea.com\\\/2025\\\/\",\"name\":\"Puebla En Linea\",\"description\":\"noticias de puebla, periodismo serio y comprometido.\",\"potentialAction\":[{\"@type\":\"SearchAction\",\"target\":{\"@type\":\"EntryPoint\",\"urlTemplate\":\"https:\\\/\\\/pueblaenlinea.com\\\/2025\\\/?s={search_term_string}\"},\"query-input\":{\"@type\":\"PropertyValueSpecification\",\"valueRequired\":true,\"valueName\":\"search_term_string\"}}],\"inLanguage\":\"es\"},{\"@type\":\"Person\",\"@id\":\"https:\\\/\\\/pueblaenlinea.com\\\/2025\\\/#\\\/schema\\\/person\\\/6e2e07bc4690564243accbe893d21877\",\"name\":\"Puebla EnLinea\",\"image\":{\"@type\":\"ImageObject\",\"inLanguage\":\"es\",\"@id\":\"https:\\\/\\\/pueblaenlinea.com\\\/2025\\\/wp-content\\\/litespeed\\\/avatar\\\/3b8bde7acb3c32a2512cab1d325df9d8.jpg?ver=1787685560\",\"url\":\"https:\\\/\\\/pueblaenlinea.com\\\/2025\\\/wp-content\\\/litespeed\\\/avatar\\\/3b8bde7acb3c32a2512cab1d325df9d8.jpg?ver=1787685560\",\"contentUrl\":\"https:\\\/\\\/pueblaenlinea.com\\\/2025\\\/wp-content\\\/litespeed\\\/avatar\\\/3b8bde7acb3c32a2512cab1d325df9d8.jpg?ver=1787685560\",\"caption\":\"Puebla EnLinea\"},\"url\":\"https:\\\/\\\/pueblaenlinea.com\\\/2025\\\/author\\\/pueblaenlinea\\\/\"}]}<\/script>\n<!-- \/ Yoast SEO plugin. -->","yoast_head_json":{"title":"\"Si algo me pasa, ya saben\": Asesinan a balazos a influencer que criticaba al gobierno en Tehuitzingo, Puebla - Puebla En Linea","description":"\"Si algo me pasa, ya saben\": Asesinan a balazos a influencer que criticaba al gobierno en Tehuitzingo, Puebla Nota Roja","robots":{"index":"index","follow":"follow","max-snippet":"max-snippet:-1","max-image-preview":"max-image-preview:large","max-video-preview":"max-video-preview:-1"},"canonical":"https:\/\/pueblaenlinea.com\/2025\/nota-roja\/si-algo-me-pasa-ya-saben-asesinan-a-balazos-a-influencer-que-criticaba-al-gobierno-en-tehuitzingo-puebla\/","og_locale":"es_MX","og_type":"article","og_title":"\"Si algo me pasa, ya saben\": Asesinan a balazos a influencer que criticaba al gobierno en Tehuitzingo, Puebla - Puebla En Linea","og_description":"\"Si algo me pasa, ya saben\": Asesinan a balazos a influencer que criticaba al gobierno en Tehuitzingo, Puebla Nota Roja","og_url":"https:\/\/pueblaenlinea.com\/2025\/nota-roja\/si-algo-me-pasa-ya-saben-asesinan-a-balazos-a-influencer-que-criticaba-al-gobierno-en-tehuitzingo-puebla\/","og_site_name":"Puebla En Linea","article_publisher":"https:\/\/www.facebook.com\/pueblaenlineacom","article_published_time":"2026-08-30T17:51:14+00:00","article_modified_time":"2026-08-30T17:51:15+00:00","og_image":[{"width":1200,"height":674,"url":"https:\/\/pueblaenlinea.com\/2025\/wp-content\/uploads\/2026\/08\/pel-206.jpg","type":"image\/jpeg"}],"author":"Puebla EnLinea","twitter_card":"summary_large_image","twitter_misc":{"Escrito por":"Puebla EnLinea","Tiempo de lectura":"3 minutos"},"schema":{"@context":"https:\/\/schema.org","@graph":[{"@type":"Article","@id":"https:\/\/pueblaenlinea.com\/2025\/nota-roja\/si-algo-me-pasa-ya-saben-asesinan-a-balazos-a-influencer-que-criticaba-al-gobierno-en-tehuitzingo-puebla\/#article","isPartOf":{"@id":"https:\/\/pueblaenlinea.com\/2025\/nota-roja\/si-algo-me-pasa-ya-saben-asesinan-a-balazos-a-influencer-que-criticaba-al-gobierno-en-tehuitzingo-puebla\/"},"author":{"name":"Puebla EnLinea","@id":"https:\/\/pueblaenlinea.com\/2025\/#\/schema\/person\/6e2e07bc4690564243accbe893d21877"},"headline":"&#8220;Si algo me pasa, ya saben&#8221;: Asesinan a balazos a influencer que criticaba al gobierno en Tehuitzingo, Puebla","datePublished":"2026-08-30T17:51:14+00:00","dateModified":"2026-08-30T17:51:15+00:00","mainEntityOfPage":{"@id":"https:\/\/pueblaenlinea.com\/2025\/nota-roja\/si-algo-me-pasa-ya-saben-asesinan-a-balazos-a-influencer-que-criticaba-al-gobierno-en-tehuitzingo-puebla\/"},"wordCount":558,"image":{"@id":"https:\/\/pueblaenlinea.com\/2025\/nota-roja\/si-algo-me-pasa-ya-saben-asesinan-a-balazos-a-influencer-que-criticaba-al-gobierno-en-tehuitzingo-puebla\/#primaryimage"},"thumbnailUrl":"https:\/\/pueblaenlinea.com\/2025\/wp-content\/uploads\/2026\/08\/pel-206.jpg","keywords":["asesinato puebla"],"articleSection":["Nota Roja"],"inLanguage":"es"},{"@type":"WebPage","@id":"https:\/\/pueblaenlinea.com\/2025\/nota-roja\/si-algo-me-pasa-ya-saben-asesinan-a-balazos-a-influencer-que-criticaba-al-gobierno-en-tehuitzingo-puebla\/","url":"https:\/\/pueblaenlinea.com\/2025\/nota-roja\/si-algo-me-pasa-ya-saben-asesinan-a-balazos-a-influencer-que-criticaba-al-gobierno-en-tehuitzingo-puebla\/","name":"\"Si algo me pasa, ya saben\": Asesinan a balazos a influencer que criticaba al gobierno en Tehuitzingo, Puebla - Puebla En Linea","isPartOf":{"@id":"https:\/\/pueblaenlinea.com\/2025\/#website"},"primaryImageOfPage":{"@id":"https:\/\/pueblaenlinea.com\/2025\/nota-roja\/si-algo-me-pasa-ya-saben-asesinan-a-balazos-a-influencer-que-criticaba-al-gobierno-en-tehuitzingo-puebla\/#primaryimage"},"image":{"@id":"https:\/\/pueblaenlinea.com\/2025\/nota-roja\/si-algo-me-pasa-ya-saben-asesinan-a-balazos-a-influencer-que-criticaba-al-gobierno-en-tehuitzingo-puebla\/#primaryimage"},"thumbnailUrl":"https:\/\/pueblaenlinea.com\/2025\/wp-content\/uploads\/2026\/08\/pel-206.jpg","datePublished":"2026-08-30T17:51:14+00:00","dateModified":"2026-08-30T17:51:15+00:00","author":{"@id":"https:\/\/pueblaenlinea.com\/2025\/#\/schema\/person\/6e2e07bc4690564243accbe893d21877"},"description":"\"Si algo me pasa, ya saben\": Asesinan a balazos a influencer que criticaba al gobierno en Tehuitzingo, Puebla Nota Roja","breadcrumb":{"@id":"https:\/\/pueblaenlinea.com\/2025\/nota-roja\/si-algo-me-pasa-ya-saben-asesinan-a-balazos-a-influencer-que-criticaba-al-gobierno-en-tehuitzingo-puebla\/#breadcrumb"},"inLanguage":"es","potentialAction":[{"@type":"ReadAction","target":["https:\/\/pueblaenlinea.com\/2025\/nota-roja\/si-algo-me-pasa-ya-saben-asesinan-a-balazos-a-influencer-que-criticaba-al-gobierno-en-tehuitzingo-puebla\/"]}]},{"@type":"ImageObject","inLanguage":"es","@id":"https:\/\/pueblaenlinea.com\/2025\/nota-roja\/si-algo-me-pasa-ya-saben-asesinan-a-balazos-a-influencer-que-criticaba-al-gobierno-en-tehuitzingo-puebla\/#primaryimage","url":"https:\/\/pueblaenlinea.com\/2025\/wp-content\/uploads\/2026\/08\/pel-206.jpg","contentUrl":"https:\/\/pueblaenlinea.com\/2025\/wp-content\/uploads\/2026\/08\/pel-206.jpg","width":1200,"height":674,"caption":"Ricardo Z\u00fa\u00f1iga"},{"@type":"BreadcrumbList","@id":"https:\/\/pueblaenlinea.com\/2025\/nota-roja\/si-algo-me-pasa-ya-saben-asesinan-a-balazos-a-influencer-que-criticaba-al-gobierno-en-tehuitzingo-puebla\/#breadcrumb","itemListElement":[{"@type":"ListItem","position":1,"name":"Inicio","item":"https:\/\/pueblaenlinea.com\/2025\/"},{"@type":"ListItem","position":2,"name":"&#8220;Si algo me pasa, ya saben&#8221;: Asesinan a balazos a influencer que criticaba al gobierno en Tehuitzingo, Puebla"}]},{"@type":"WebSite","@id":"https:\/\/pueblaenlinea.com\/2025\/#website","url":"https:\/\/pueblaenlinea.com\/2025\/","name":"Puebla En Linea","description":"noticias de puebla, periodismo serio y comprometido.","potentialAction":[{"@type":"SearchAction","target":{"@type":"EntryPoint","urlTemplate":"https:\/\/pueblaenlinea.com\/2025\/?s={search_term_string}"},"query-input":{"@type":"PropertyValueSpecification","valueRequired":true,"valueName":"search_term_string"}}],"inLanguage":"es"},{"@type":"Person","@id":"https:\/\/pueblaenlinea.com\/2025\/#\/schema\/person\/6e2e07bc4690564243accbe893d21877","name":"Puebla EnLinea","image":{"@type":"ImageObject","inLanguage":"es","@id":"https:\/\/pueblaenlinea.com\/2025\/wp-content\/litespeed\/avatar\/3b8bde7acb3c32a2512cab1d325df9d8.jpg?ver=1787685560","url":"https:\/\/pueblaenlinea.com\/2025\/wp-content\/litespeed\/avatar\/3b8bde7acb3c32a2512cab1d325df9d8.jpg?ver=1787685560","contentUrl":"https:\/\/pueblaenlinea.com\/2025\/wp-content\/litespeed\/avatar\/3b8bde7acb3c32a2512cab1d325df9d8.jpg?ver=1787685560","caption":"Puebla EnLinea"},"url":"https:\/\/pueblaenlinea.com\/2025\/author\/pueblaenlinea\/"}]}},"_links":{"self":[{"href":"https:\/\/pueblaenlinea.com\/2025\/wp-json\/wp\/v2\/posts\/134658","targetHints":{"allow":["GET"]}}],"collection":[{"href":"https:\/\/pueblaenlinea.com\/2025\/wp-json\/wp\/v2\/posts"}],"about":[{"href":"https:\/\/pueblaenlinea.com\/2025\/wp-json\/wp\/v2\/types\/post"}],"author":[{"embeddable":true,"href":"https:\/\/pueblaenlinea.com\/2025\/wp-json\/wp\/v2\/users\/2"}],"replies":[{"embeddable":true,"href":"https:\/\/pueblaenlinea.com\/2025\/wp-json\/wp\/v2\/comments?post=134658"}],"version-history":[{"count":0,"href":"https:\/\/pueblaenlinea.com\/2025\/wp-json\/wp\/v2\/posts\/134658\/revisions"}],"wp:featuredmedia":[{"embeddable":true,"href":"https:\/\/pueblaenlinea.com\/2025\/wp-json\/wp\/v2\/media\/134659"}],"wp:attachment":[{"href":"https:\/\/pueblaenlinea.com\/2025\/wp-json\/wp\/v2\/media?parent=134658"}],"wp:term":[{"taxonomy":"category","embeddable":true,"href":"https:\/\/pueblaenlinea.com\/2025\/wp-json\/wp\/v2\/categories?post=134658"},{"taxonomy":"post_tag","embeddable":true,"href":"https:\/\/pueblaenlinea.com\/2025\/wp-json\/wp\/v2\/tags?post=134658"}],"curies":[{"name":"wp","href":"https:\/\/api.w.org\/{rel}","templated":true}]}}